{"id":293909,"date":"2026-02-23T20:00:00","date_gmt":"2026-02-23T19:00:00","guid":{"rendered":"https:\/\/www.tucomarca.com\/wordpress\/segunda\/?p=293909"},"modified":"2026-02-24T09:09:47","modified_gmt":"2026-02-24T08:09:47","slug":"fotogaleria-benaguasil-dona-la-benvinguda-a-les-seues-festes-grans-les-falles","status":"publish","type":"post","link":"https:\/\/www.tucomarca.com\/wordpress\/segunda\/ca\/fotogaleria-benaguasil-dona-la-benvinguda-a-les-seues-festes-grans-les-falles\/","title":{"rendered":"Fotogaler\u00eda: Benaguasil dona la benvinguda a les seues festes grans, les Falles"},"content":{"rendered":"\n<h3 class=\"wp-block-heading\">La Crida va tornar a convertir-se en un acte carregat d&#8217;emoci\u00f3 que simbolitza l&#8217;arribada de les esperades festes josefinas<\/h3>\n\n\n\n<p>Benaguasil ha donat principi oficial a les seues Falles amb la tradicional \u2018Crida\u2019, l&#8217;acte que simbolitza l&#8217;inici de setmanes intenses, on la p\u00f3lvora, la m\u00fasica i els monuments fallers seran els grans protagonistes. Com cada any, la Pla\u00e7a es va convertir en el punt de trobada del col\u00b7lectiu faller, que es va reunir per a celebrar un dels moments m\u00e9s significatius del calendari festiu.<\/p>\n\n\n\n<p>La jornada va arrancar amb l&#8217;arribada dels m\u00e0xims representants de les deu comissions falleres del municipi, els qui van desfilar fins a l&#8217;Ajuntament. All\u00ed van ser rebuts per l&#8217;alcalde, Ximo Segarra, i la regidora de Falles, Ana Aleixandre. A continuaci\u00f3, va tindre lloc la desfilada de la cort d&#8217;honor de la fallera major infantil, seguit per les falleres majors de Benaguasil, Ana Puchau i Paula Ricart, al costat del president infantil Manuel Cabrerizo i la presidenta de la Junta Local Fallera, M\u00aa Jos\u00e9 Guillem.<\/p>\n\n\n\n<p>Despr\u00e9s de les salutacions protocol\u00b7l\u00e0ries, tots els representants van accedir al balc\u00f3 de l&#8217;Ajuntament. Des d&#8217;all\u00ed, l&#8217;alcalde es va dirigir al p\u00fablic per a anunciar que Benaguasil ja est\u00e0 llesta per a viure intensament les Falles i va convidar ve\u00efns i visitants a participar en el dia del bunyol, una de les novetats d&#8217;enguany.<\/p>\n\n\n\n<p>Seguidament, en una Crida conjunta, Ana, Paula i Manuel van pronunciar l&#8217;esperat \u201cJa estem en Falles\u201d, deslligant l&#8217;emoci\u00f3 entre els assistents. En les seues intervencions, van convidar a la ciutadania a participar activament en les festes i a gaudir d&#8217;uns dies marcats per la tradici\u00f3, la conviv\u00e8ncia i l&#8217;esperit faller.i van agrair l&#8217;esfor\u00e7 de les comissions. L&#8217;acte va concloure amb el tradicional \u201cVisca Benaguasil i visquen els Falles!\u201d.<\/p>\n\n\n\n<p>La celebraci\u00f3 va finalitzar amb la interpretaci\u00f3 dels himnes, la foto de fam\u00edlia de totes les comissions i un espectacle de focs artificials que va posar el fermall d&#8217;or a la jornada.<\/p>\n\n\n\n<figure class=\"wp-block-gallery has-nested-images columns-2 is-cropped wp-block-gallery-1 is-layout-flex wp-block-gallery-is-layout-flex\">\n<figure class=\"wp-block-image size-large\"><img loading=\"lazy\" decoding=\"async\" width=\"1024\" height=\"691\" data-id=\"293902\" src=\"https:\/\/www.tucomarca.com\/wordpress\/segunda\/wp-content\/uploads\/2026\/02\/BenaguasilCrida01-1024x691.jpg\" alt=\"\" class=\"wp-image-293902\" srcset=\"https:\/\/www.tucomarca.com\/wordpress\/segunda\/wp-content\/uploads\/2026\/02\/BenaguasilCrida01-1024x691.jpg 1024w, https:\/\/www.tucomarca.com\/wordpress\/segunda\/wp-content\/uploads\/2026\/02\/BenaguasilCrida01-300x202.jpg 300w, https:\/\/www.tucomarca.com\/wordpress\/segunda\/wp-content\/uploads\/2026\/02\/BenaguasilCrida01-768x518.jpg 768w, https:\/\/www.tucomarca.com\/wordpress\/segunda\/wp-content\/uploads\/2026\/02\/BenaguasilCrida01.jpg 1181w\" sizes=\"auto, (max-width: 1024px) 100vw, 1024px\" \/><\/figure>\n\n\n\n<figure class=\"wp-block-image size-large\"><img loading=\"lazy\" decoding=\"async\" width=\"1024\" height=\"691\" data-id=\"293900\" src=\"https:\/\/www.tucomarca.com\/wordpress\/segunda\/wp-content\/uploads\/2026\/02\/BenaguasilCrida04-1024x691.jpg\" alt=\"\" class=\"wp-image-293900\" srcset=\"https:\/\/www.tucomarca.com\/wordpress\/segunda\/wp-content\/uploads\/2026\/02\/BenaguasilCrida04-1024x691.jpg 1024w, https:\/\/www.tucomarca.com\/wordpress\/segunda\/wp-content\/uploads\/2026\/02\/BenaguasilCrida04-300x202.jpg 300w, https:\/\/www.tucomarca.com\/wordpress\/segunda\/wp-content\/uploads\/2026\/02\/BenaguasilCrida04-768x518.jpg 768w, https:\/\/www.tucomarca.com\/wordpress\/segunda\/wp-content\/uploads\/2026\/02\/BenaguasilCrida04.jpg 1181w\" sizes=\"auto, (max-width: 1024px) 100vw, 1024px\" \/><\/figure>\n\n\n\n<figure class=\"wp-block-image size-large\"><img loading=\"lazy\" decoding=\"async\" width=\"1024\" height=\"691\" data-id=\"293898\" src=\"https:\/\/www.tucomarca.com\/wordpress\/segunda\/wp-content\/uploads\/2026\/02\/BenaguasilCrida05-1024x691.jpg\" alt=\"\" class=\"wp-image-293898\" srcset=\"https:\/\/www.tucomarca.com\/wordpress\/segunda\/wp-content\/uploads\/2026\/02\/BenaguasilCrida05-1024x691.jpg 1024w, https:\/\/www.tucomarca.com\/wordpress\/segunda\/wp-content\/uploads\/2026\/02\/BenaguasilCrida05-300x202.jpg 300w, https:\/\/www.tucomarca.com\/wordpress\/segunda\/wp-content\/uploads\/2026\/02\/BenaguasilCrida05-768x518.jpg 768w, https:\/\/www.tucomarca.com\/wordpress\/segunda\/wp-content\/uploads\/2026\/02\/BenaguasilCrida05.jpg 1181w\" sizes=\"auto, (max-width: 1024px) 100vw, 1024px\" \/><\/figure>\n\n\n\n<figure class=\"wp-block-image size-large\"><img loading=\"lazy\" decoding=\"async\" width=\"1024\" height=\"691\" data-id=\"293904\" src=\"https:\/\/www.tucomarca.com\/wordpress\/segunda\/wp-content\/uploads\/2026\/02\/BenaguasilCrida06-1024x691.jpg\" alt=\"\" class=\"wp-image-293904\" srcset=\"https:\/\/www.tucomarca.com\/wordpress\/segunda\/wp-content\/uploads\/2026\/02\/BenaguasilCrida06-1024x691.jpg 1024w, https:\/\/www.tucomarca.com\/wordpress\/segunda\/wp-content\/uploads\/2026\/02\/BenaguasilCrida06-300x202.jpg 300w, https:\/\/www.tucomarca.com\/wordpress\/segunda\/wp-content\/uploads\/2026\/02\/BenaguasilCrida06-768x518.jpg 768w, https:\/\/www.tucomarca.com\/wordpress\/segunda\/wp-content\/uploads\/2026\/02\/BenaguasilCrida06.jpg 1181w\" sizes=\"auto, (max-width: 1024px) 100vw, 1024px\" \/><\/figure>\n\n\n\n<figure class=\"wp-block-image size-large\"><img loading=\"lazy\" decoding=\"async\" width=\"1024\" height=\"691\" data-id=\"293906\" src=\"https:\/\/www.tucomarca.com\/wordpress\/segunda\/wp-content\/uploads\/2026\/02\/BenaguasilCrida03-1024x691.jpg\" alt=\"\" class=\"wp-image-293906\" srcset=\"https:\/\/www.tucomarca.com\/wordpress\/segunda\/wp-content\/uploads\/2026\/02\/BenaguasilCrida03-1024x691.jpg 1024w, https:\/\/www.tucomarca.com\/wordpress\/segunda\/wp-content\/uploads\/2026\/02\/BenaguasilCrida03-300x202.jpg 300w, https:\/\/www.tucomarca.com\/wordpress\/segunda\/wp-content\/uploads\/2026\/02\/BenaguasilCrida03-768x518.jpg 768w, https:\/\/www.tucomarca.com\/wordpress\/segunda\/wp-content\/uploads\/2026\/02\/BenaguasilCrida03.jpg 1181w\" sizes=\"auto, (max-width: 1024px) 100vw, 1024px\" \/><\/figure>\n<\/figure>\n","protected":false},"excerpt":{"rendered":"<div class=\"mh-excerpt\">La Crida va tornar a convertir-se en un acte carregat d&#8217;emoci\u00f3 que simbolitza l&#8217;arribada de les esperades festes josefinas Benaguasil ha donat principi oficial a les seues Falles amb la tradicional \u2018Crida\u2019, l&#8217;acte que simbolitza <a class=\"mh-excerpt-more\" href=\"https:\/\/www.tucomarca.com\/wordpress\/segunda\/ca\/fotogaleria-benaguasil-dona-la-benvinguda-a-les-seues-festes-grans-les-falles\/\" title=\"Fotogaler\u00eda: Benaguasil dona la benvinguda a les seues festes grans, les Falles\">[+] <\/a><\/div>\n","protected":false},"author":12,"featured_media":293897,"comment_status":"closed","ping_status":"open","sticky":false,"template":"","format":"gallery","meta":{"footnotes":""},"categories":[10952,10892,10894,11004,11007,11008,10896],"tags":[11136,10899,23199],"class_list":{"0":"post-293909","1":"post","2":"type-post","3":"status-publish","4":"format-gallery","5":"has-post-thumbnail","7":"category-benaguasil-ca","8":"category-camp-de-turia-ca","9":"category-la-comarca-ca","10":"category-la-semana-en-imagenes-ca","11":"category-ocio-y-cultura-ca","12":"category-pueblos-en-fiestas-ca","13":"category-seccion-ca","14":"tag-benaguasil-ca","15":"tag-camp-de-turia-ca","16":"tag-fallas-2026-ca","17":"post_format-post-format-gallery"},"_links":{"self":[{"href":"https:\/\/www.tucomarca.com\/wordpress\/segunda\/ca\/wp-json\/wp\/v2\/posts\/293909","targetHints":{"allow":["GET"]}}],"collection":[{"href":"https:\/\/www.tucomarca.com\/wordpress\/segunda\/ca\/wp-json\/wp\/v2\/posts"}],"about":[{"href":"https:\/\/www.tucomarca.com\/wordpress\/segunda\/ca\/wp-json\/wp\/v2\/types\/post"}],"author":[{"embeddable":true,"href":"https:\/\/www.tucomarca.com\/wordpress\/segunda\/ca\/wp-json\/wp\/v2\/users\/12"}],"replies":[{"embeddable":true,"href":"https:\/\/www.tucomarca.com\/wordpress\/segunda\/ca\/wp-json\/wp\/v2\/comments?post=293909"}],"version-history":[{"count":0,"href":"https:\/\/www.tucomarca.com\/wordpress\/segunda\/ca\/wp-json\/wp\/v2\/posts\/293909\/revisions"}],"wp:featuredmedia":[{"embeddable":true,"href":"https:\/\/www.tucomarca.com\/wordpress\/segunda\/ca\/wp-json\/wp\/v2\/media\/293897"}],"wp:attachment":[{"href":"https:\/\/www.tucomarca.com\/wordpress\/segunda\/ca\/wp-json\/wp\/v2\/media?parent=293909"}],"wp:term":[{"taxonomy":"category","embeddable":true,"href":"https:\/\/www.tucomarca.com\/wordpress\/segunda\/ca\/wp-json\/wp\/v2\/categories?post=293909"},{"taxonomy":"post_tag","embeddable":true,"href":"https:\/\/www.tucomarca.com\/wordpress\/segunda\/ca\/wp-json\/wp\/v2\/tags?post=293909"}],"curies":[{"name":"wp","href":"https:\/\/api.w.org\/{rel}","templated":true}]}}