{"id":294103,"date":"2026-02-25T11:00:00","date_gmt":"2026-02-25T10:00:00","guid":{"rendered":"https:\/\/www.tucomarca.com\/wordpress\/segunda\/?p=294103"},"modified":"2026-02-25T19:57:31","modified_gmt":"2026-02-25T18:57:31","slug":"benaguasil-presenta-el-ii-pla-digualtat-extern-i-una-guia-contra-la-violencia-de-genere-en-lentorn-laboral","status":"publish","type":"post","link":"https:\/\/www.tucomarca.com\/wordpress\/segunda\/ca\/benaguasil-presenta-el-ii-pla-digualtat-extern-i-una-guia-contra-la-violencia-de-genere-en-lentorn-laboral\/","title":{"rendered":"Benaguasil presenta el II Pla d\u2019Igualtat Extern i una guia contra la viol\u00e8ncia de g\u00e8nere en l\u2019entorn laboral"},"content":{"rendered":"\n<p>El regidor d\u2019Igualtat de l\u2019Ajuntament de Benaguasil, <strong>Stephane Soriano G\u00f3mez<\/strong>, ha presentat el <strong>II Pla d\u2019Igualtat Extern i la Guia de prevenci\u00f3, detecci\u00f3 i actuaci\u00f3 de la viol\u00e8ncia de g\u00e8nere en l\u2019entorn laboral<\/strong> a l\u2019Espai de la Dona del municipi.<\/p>\n\n\n\n<p>Durant l\u2019acte, l\u2019edil ha reafirmat el comprom\u00eds de l\u2019Ajuntament amb la promoci\u00f3 d\u2019entorns laborals segurs, igualitaris i lliures de qualsevol forma de viol\u00e8ncia, destacant la import\u00e0ncia de disposar d\u2019eines espec\u00edfiques que permeten avan\u00e7ar cap a una igualtat real i efectiva.<\/p>\n\n\n\n<p>El II Pla d\u2019Igualtat Extern marca el full de ruta per a continuar implantant mesures que fomenten la igualtat d\u2019oportunitats entre dones i h\u00f2mens en l\u2019\u00e0mbit laboral, mentre que la nova guia es presenta com un instrument pr\u00e0ctic per a previndre, identificar i actuar davant possibles situacions de viol\u00e8ncia de g\u00e8nere en l\u2019entorn de treball.<\/p>\n\n\n\n<p>Des del consistori subratllen que estes iniciatives formen part d\u2019una estrat\u00e8gia global orientada a consolidar pol\u00edtiques p\u00fabliques que garantisquen la protecci\u00f3 de les persones treballadores i reforcen la cultura del respecte, la toler\u00e0ncia zero davant la viol\u00e8ncia i la corresponsabilitat social.<\/p>\n\n\n\n<p>Amb esta presentaci\u00f3, Benaguasil fa un pas m\u00e9s en la seua aposta per la igualtat i la creaci\u00f3 d\u2019espais laborals m\u00e9s justos i segurs per a tota la ciutadania.<\/p>\n","protected":false},"excerpt":{"rendered":"<div class=\"mh-excerpt\">El regidor d\u2019Igualtat de l\u2019Ajuntament de Benaguasil, Stephane Soriano G\u00f3mez, ha presentat el II Pla d\u2019Igualtat Extern i la Guia de prevenci\u00f3, detecci\u00f3 i actuaci\u00f3 de la viol\u00e8ncia de g\u00e8nere en l\u2019entorn laboral a l\u2019Espai <a class=\"mh-excerpt-more\" href=\"https:\/\/www.tucomarca.com\/wordpress\/segunda\/ca\/benaguasil-presenta-el-ii-pla-digualtat-extern-i-una-guia-contra-la-violencia-de-genere-en-lentorn-laboral\/\" title=\"Benaguasil presenta el II Pla d\u2019Igualtat Extern i una guia contra la viol\u00e8ncia de g\u00e8nere en l\u2019entorn laboral\">[+] <\/a><\/div>\n","protected":false},"author":12,"featured_media":294102,"comment_status":"closed","ping_status":"open","sticky":false,"template":"","format":"standard","meta":{"footnotes":""},"categories":[10952,10892,10948,10894,10904,10947,10896],"tags":[11136,10899,23989],"class_list":{"0":"post-294103","1":"post","2":"type-post","3":"status-publish","4":"format-standard","5":"has-post-thumbnail","7":"category-benaguasil-ca","8":"category-camp-de-turia-ca","9":"category-infraestructuras-ca","10":"category-la-comarca-ca","11":"category-sin-categorizar-ca","12":"category-politica","13":"category-seccion-ca","14":"tag-benaguasil-ca","15":"tag-camp-de-turia-ca","16":"tag-ii-plan-de-igualdad-externo"},"_links":{"self":[{"href":"https:\/\/www.tucomarca.com\/wordpress\/segunda\/ca\/wp-json\/wp\/v2\/posts\/294103","targetHints":{"allow":["GET"]}}],"collection":[{"href":"https:\/\/www.tucomarca.com\/wordpress\/segunda\/ca\/wp-json\/wp\/v2\/posts"}],"about":[{"href":"https:\/\/www.tucomarca.com\/wordpress\/segunda\/ca\/wp-json\/wp\/v2\/types\/post"}],"author":[{"embeddable":true,"href":"https:\/\/www.tucomarca.com\/wordpress\/segunda\/ca\/wp-json\/wp\/v2\/users\/12"}],"replies":[{"embeddable":true,"href":"https:\/\/www.tucomarca.com\/wordpress\/segunda\/ca\/wp-json\/wp\/v2\/comments?post=294103"}],"version-history":[{"count":0,"href":"https:\/\/www.tucomarca.com\/wordpress\/segunda\/ca\/wp-json\/wp\/v2\/posts\/294103\/revisions"}],"wp:featuredmedia":[{"embeddable":true,"href":"https:\/\/www.tucomarca.com\/wordpress\/segunda\/ca\/wp-json\/wp\/v2\/media\/294102"}],"wp:attachment":[{"href":"https:\/\/www.tucomarca.com\/wordpress\/segunda\/ca\/wp-json\/wp\/v2\/media?parent=294103"}],"wp:term":[{"taxonomy":"category","embeddable":true,"href":"https:\/\/www.tucomarca.com\/wordpress\/segunda\/ca\/wp-json\/wp\/v2\/categories?post=294103"},{"taxonomy":"post_tag","embeddable":true,"href":"https:\/\/www.tucomarca.com\/wordpress\/segunda\/ca\/wp-json\/wp\/v2\/tags?post=294103"}],"curies":[{"name":"wp","href":"https:\/\/api.w.org\/{rel}","templated":true}]}}