{"id":294709,"date":"2026-03-04T10:00:00","date_gmt":"2026-03-04T09:00:00","guid":{"rendered":"https:\/\/www.tucomarca.com\/wordpress\/segunda\/?p=294709"},"modified":"2026-03-04T20:44:44","modified_gmt":"2026-03-04T19:44:44","slug":"xest-presenta-els-recursos-municipals-de-salut-mental","status":"publish","type":"post","link":"https:\/\/www.tucomarca.com\/wordpress\/segunda\/ca\/xest-presenta-els-recursos-municipals-de-salut-mental\/","title":{"rendered":"Xest presenta els Recursos Municipals de Salut Mental"},"content":{"rendered":"\n<h3 class=\"wp-block-heading\">\u201cSalut mental a Xest, teixint xarxes de benestar\u201d.<\/h3>\n\n\n\n<h3 class=\"wp-block-heading\">Un grup de 7 psic\u00f2legs sanitaris treballen en diferents programes d&#8217;atenci\u00f3 individual, grupal i comunit\u00e0ria, en estreta connexi\u00f3 amb el Centre de Salut de Xest.<\/h3>\n\n\n\n<h3 class=\"wp-block-heading\">L&#8217;exposici\u00f3 de serveis va tindre lloc en el marc de les I Jornades Municipals de Prevenci\u00f3 i Promoci\u00f3 de la Salut Mental, celebrades el passat cap de setmana.<\/h3>\n\n\n\n<p>L&#8217;Ajuntament de Xest va presentar el passat 28 de febrer, en el marc de les I Jornades Municipals de Prevenci\u00f3 i Promoci\u00f3 de la Salut Mental, els diferents recursos en mat\u00e8ria de salut mental que la ciutadania t\u00e9 a la seua disposici\u00f3.<\/p>\n\n\n\n<p>La regidora de Sanitat i tinenta d&#8217;alcalde, M\u00aa \u00c1ngeles Llorente, va recordar durant la presentaci\u00f3 que \u201csom un dels pocs pobles que compta amb atenci\u00f3 psicol\u00f2gica continuada\u201d, i va reiterar el comprom\u00eds municipal de continuar impulsant la promoci\u00f3 de la salut mental i fent costat als professionals del centre de salut. Hem pensat en aquesta taula de recursos com un espai especialment significatiu on visibilitzarem el treball que ja es realitza en el nostre municipi i refor\u00e7arem la coordinaci\u00f3 entre professionals, serveis i ciutadania.<\/p>\n\n\n\n<p>El coordinador del Centre de Salut, Esteban Rosero, va explicar els serveis que la sanitat p\u00fablica ofereix en aquest \u00e0mbit, com la Unitat de Salut Mental Infantil i de l&#8217;Adolesc\u00e8ncia (USMIA), amb seu a Aldaia; la Unitat de Salut Mental de Bunyol; la Unitat de Conductes Addictives i la psic\u00f2loga de la Unitat de Salut Sexual i Reproductiva, totes dues a Manises; aix\u00ed com la Unitat de Trastorns de la Conducta Aliment\u00e0ria, situada a Mislata. A m\u00e9s, va assenyalar que existeix un servei d&#8217;urg\u00e8ncies psiqui\u00e0triques a l&#8217;Hospital La Fe \u2014i pr\u00f2ximament a Manises\u2014. Esteban tamb\u00e9 va advertir dels reptes actuals de la sanitat p\u00fablica, com les llistes d&#8217;espera i la falta de personal especialitzat en psicologia cl\u00ednica.<\/p>\n\n\n\n<p>Per part seua, Joan de la Creu, psic\u00f2leg municipal, va presentar el Servei d&#8217;Atenci\u00f3 Psicol\u00f2gica Municipal (SAPM),. \u201cEl SAPM \u00e9s una aposta pel benestar emocional i la salut mental\u201d, va destacar Joan, qui va explicar que la creaci\u00f3 d&#8217;aquest servei respon a la creixent demanda d&#8217;atenci\u00f3 psicol\u00f2gica que no arriba a cobrir el Sistema Nacional de Salut i que volunt\u00e0riament aborden els Ajuntaments \u201cA Xest estem demostrant que s\u00ed que es poden desenvolupar aquests serveis amb qualitat i efic\u00e0cia des d&#8217;inst\u00e0ncies municipals, sempre que hi haja voluntat pol\u00edtica\u201d<br>El SAPM, va afegir, ofereix un espai en el qual les persones poden expressar el seu malestar, comprendre el seu origen i refor\u00e7ar els seus recursos psicol\u00f2gics personals, fomentant a m\u00e9s l&#8217;adquisici\u00f3 de noves eines per a gestionar les emocions. Les persones ateses han de ser derivades pels seus metges de cap\u00e7alera.<\/p>\n\n\n\n<p>Patricia del Zotto , psic\u00f2loga municipal at\u00e9n la poblaci\u00f3 adolescent i jove, derivada sempre per les orientadores de l&#8217;IES Ricardo Mar\u00edn. \u201cComptar amb el SAPM dins de l&#8217;institut \u00e9s una gran fortalesa, perqu\u00e8 normalitza l&#8217;atenci\u00f3 psicol\u00f2gica i la integra en la vida educativa, implicant a tota la comunitat\u201d, va afirmar Patricia, qui va explicar els protocols i instruments de treball aplicats en el centre.<\/p>\n\n\n\n<p>A continuaci\u00f3, Lourdes Capella va presentar la Unitat Preventiva Comunit\u00e0ria de Conductes Addictives (UPCCA), destacant que \u201c\u00e9s un servei municipal p\u00fablic i gratu\u00eft que treballa estretament amb tots els centres educatius de la localitat\u201d. La seua labor se centra en la prevenci\u00f3, l&#8217;orientaci\u00f3 i la formaci\u00f3, a trav\u00e9s de din\u00e0miques actives i participatives, Des dels sis anys que ensenyen \u201chabilitats per a la vida\u201d amb la finalitat d&#8217;evitar tant les addiccions amb subst\u00e0ncies com sense elles.<\/p>\n\n\n\n<p>Per part seua, Francisco Galera va iniciar la seua intervenci\u00f3 amb un breu exercici de relaxaci\u00f3 col\u00b7lectiva i va explicar els tallers que imparteix en el Centre de Salut, dirigits a persones amb ansietat i depressi\u00f3, tant adultes com adolescents. En ells es treballen t\u00e8cniques conductuals, habilitats socials, resoluci\u00f3 de problemes i valors personals. \u201cXest \u00e9s pioner en la seua preocupaci\u00f3 per la salut mental\u201d, va subratllar Galera, qui va recordar que la col\u00b7laboraci\u00f3 amb l&#8217;Ajuntament, iniciada en 2022, ha perm\u00e9s una notable reducci\u00f3 dels casos despr\u00e9s de la realitzaci\u00f3 d&#8217;aquests tallers.<\/p>\n\n\n\n<p>Amparo Mart\u00ednez Tar\u00edn i \u00c1ngeles Chull\u00eda s\u00f3n les responsables del Programa d&#8217;Envelliment Actiu, el m\u00e9s veter\u00e0 de la poblaci\u00f3 i el que major nombre de persones at\u00e9n. Aquest programa essencial promou l&#8217;autonomia de les persones majors i prev\u00e9 la soledat no desitjada. \u201cEspanya \u00e9s el segon pa\u00eds m\u00e9s envellit del m\u00f3n, despr\u00e9s del Jap\u00f3\u201d, van apuntar, subratllant la import\u00e0ncia de combinar l&#8217;estimulaci\u00f3 cognitiva amb l&#8217;activitat f\u00edsica per a mantindre cos i ment en equilibri.<br>Finalment, \u00c1ngeles Vicente, en representaci\u00f3 dels Serveis Socials Municipals, va exposar el treball que es desenvolupa des del Servei d&#8217;Atenci\u00f3 Prim\u00e0ria B\u00e0sica, format per un equip multidisciplinari de treballadors socials, educadors, assessors jur\u00eddics i psic\u00f2legs. \u201cEl nostre objectiu \u00e9s afavorir el benestar f\u00edsic, psicol\u00f2gic i social, promovent la prevenci\u00f3, la inclusi\u00f3 i la dignitat de les persones\u201d, va explicar. Els \u00e0mbits d&#8217;actuaci\u00f3 abasten la depend\u00e8ncia i l&#8217;envelliment, la vulnerabilitat familiar i infantil, les situacions cr\u00edtiques, la precarietat econ\u00f2mica i la falta de xarxes de suport.<\/p>\n\n\n\n<figure class=\"wp-block-gallery has-nested-images columns-default is-cropped wp-block-gallery-1 is-layout-flex wp-block-gallery-is-layout-flex\">\n<figure class=\"wp-block-image size-large\"><img loading=\"lazy\" decoding=\"async\" width=\"1024\" height=\"691\" data-id=\"294706\" src=\"https:\/\/www.tucomarca.com\/wordpress\/segunda\/wp-content\/uploads\/2026\/03\/ChesteSaludMental03-1024x691.jpg\" alt=\"\" class=\"wp-image-294706\" srcset=\"https:\/\/www.tucomarca.com\/wordpress\/segunda\/wp-content\/uploads\/2026\/03\/ChesteSaludMental03-1024x691.jpg 1024w, https:\/\/www.tucomarca.com\/wordpress\/segunda\/wp-content\/uploads\/2026\/03\/ChesteSaludMental03-300x202.jpg 300w, https:\/\/www.tucomarca.com\/wordpress\/segunda\/wp-content\/uploads\/2026\/03\/ChesteSaludMental03-768x518.jpg 768w, https:\/\/www.tucomarca.com\/wordpress\/segunda\/wp-content\/uploads\/2026\/03\/ChesteSaludMental03.jpg 1181w\" sizes=\"auto, (max-width: 1024px) 100vw, 1024px\" \/><\/figure>\n\n\n\n<figure class=\"wp-block-image size-large\"><img loading=\"lazy\" decoding=\"async\" width=\"1024\" height=\"691\" data-id=\"294704\" src=\"https:\/\/www.tucomarca.com\/wordpress\/segunda\/wp-content\/uploads\/2026\/03\/ChesteSaludMental02-1024x691.jpg\" alt=\"\" class=\"wp-image-294704\" srcset=\"https:\/\/www.tucomarca.com\/wordpress\/segunda\/wp-content\/uploads\/2026\/03\/ChesteSaludMental02-1024x691.jpg 1024w, https:\/\/www.tucomarca.com\/wordpress\/segunda\/wp-content\/uploads\/2026\/03\/ChesteSaludMental02-300x202.jpg 300w, https:\/\/www.tucomarca.com\/wordpress\/segunda\/wp-content\/uploads\/2026\/03\/ChesteSaludMental02-768x518.jpg 768w, https:\/\/www.tucomarca.com\/wordpress\/segunda\/wp-content\/uploads\/2026\/03\/ChesteSaludMental02.jpg 1181w\" sizes=\"auto, (max-width: 1024px) 100vw, 1024px\" \/><\/figure>\n<\/figure>\n\n\n\n<p>En la clausura de les jornades, M\u00aa \u00c1ngeles Llorente va agrair la implicaci\u00f3 del Centre de Salut de Xest, del personal sanitari i del seu coordinador, Esteban Rosero, claus en els processos de derivaci\u00f3; aix\u00ed com a l&#8217;Equip d&#8217;Orientaci\u00f3 de l&#8217;IES Ricardo Mar\u00edn, encap\u00e7alat per Pilar, i a la seua adre\u00e7a, per acollir aquest projecte.<\/p>\n\n\n\n<p>Aix\u00ed mateix, vull recon\u00e9ixer i agrair el treball dels professionals municipals que, des del SAPM, Programa d&#8217;Envelliment Actiu, la UPCCA i Serveis Socials, realitzen atenci\u00f3 individual i grupal. \u201cI, sobretot, molt\u00edssimes gr\u00e0cies a totes les persones que hui sou ac\u00ed, perqu\u00e8 la vostra pres\u00e8ncia demostra que Xest vol avan\u00e7ar unit cap a un major benestar col\u00b7lectiu\u201d, va concloure Llorente.<\/p>\n","protected":false},"excerpt":{"rendered":"<div class=\"mh-excerpt\">\u201cSalut mental a Xest, teixint xarxes de benestar\u201d. Un grup de 7 psic\u00f2legs sanitaris treballen en diferents programes d&#8217;atenci\u00f3 individual, grupal i comunit\u00e0ria, en estreta connexi\u00f3 amb el Centre de Salut de Xest. L&#8217;exposici\u00f3 de <a class=\"mh-excerpt-more\" href=\"https:\/\/www.tucomarca.com\/wordpress\/segunda\/ca\/xest-presenta-els-recursos-municipals-de-salut-mental\/\" title=\"Xest presenta els Recursos Municipals de Salut Mental\">[+] <\/a><\/div>\n","protected":false},"author":12,"featured_media":294703,"comment_status":"closed","ping_status":"open","sticky":false,"template":"","format":"gallery","meta":{"footnotes":""},"categories":[11010,10894,10912,10947,10896,10974],"tags":[11071,10914,15279],"class_list":{"0":"post-294709","1":"post","2":"type-post","3":"status-publish","4":"format-gallery","5":"has-post-thumbnail","7":"category-canal-salud","8":"category-la-comarca-ca","9":"category-la-hoya-ca","10":"category-politica","11":"category-seccion-ca","12":"category-cheste-ca","13":"tag-cheste","14":"tag-la-hoya-de-bunol-chiva-ca","15":"tag-salud-mental-ca","16":"post_format-post-format-gallery"},"_links":{"self":[{"href":"https:\/\/www.tucomarca.com\/wordpress\/segunda\/ca\/wp-json\/wp\/v2\/posts\/294709","targetHints":{"allow":["GET"]}}],"collection":[{"href":"https:\/\/www.tucomarca.com\/wordpress\/segunda\/ca\/wp-json\/wp\/v2\/posts"}],"about":[{"href":"https:\/\/www.tucomarca.com\/wordpress\/segunda\/ca\/wp-json\/wp\/v2\/types\/post"}],"author":[{"embeddable":true,"href":"https:\/\/www.tucomarca.com\/wordpress\/segunda\/ca\/wp-json\/wp\/v2\/users\/12"}],"replies":[{"embeddable":true,"href":"https:\/\/www.tucomarca.com\/wordpress\/segunda\/ca\/wp-json\/wp\/v2\/comments?post=294709"}],"version-history":[{"count":0,"href":"https:\/\/www.tucomarca.com\/wordpress\/segunda\/ca\/wp-json\/wp\/v2\/posts\/294709\/revisions"}],"wp:featuredmedia":[{"embeddable":true,"href":"https:\/\/www.tucomarca.com\/wordpress\/segunda\/ca\/wp-json\/wp\/v2\/media\/294703"}],"wp:attachment":[{"href":"https:\/\/www.tucomarca.com\/wordpress\/segunda\/ca\/wp-json\/wp\/v2\/media?parent=294709"}],"wp:term":[{"taxonomy":"category","embeddable":true,"href":"https:\/\/www.tucomarca.com\/wordpress\/segunda\/ca\/wp-json\/wp\/v2\/categories?post=294709"},{"taxonomy":"post_tag","embeddable":true,"href":"https:\/\/www.tucomarca.com\/wordpress\/segunda\/ca\/wp-json\/wp\/v2\/tags?post=294709"}],"curies":[{"name":"wp","href":"https:\/\/api.w.org\/{rel}","templated":true}]}}