{"id":294812,"date":"2026-03-04T10:55:00","date_gmt":"2026-03-04T09:55:00","guid":{"rendered":"https:\/\/www.tucomarca.com\/wordpress\/segunda\/?p=294812"},"modified":"2026-03-04T22:03:38","modified_gmt":"2026-03-04T21:03:38","slug":"martinez-mus-remarca-que-la-reconstruccio-ha-impulsat-actuacions-innovadores-que-no-estaven-en-els-manuals-denginyeria","status":"publish","type":"post","link":"https:\/\/www.tucomarca.com\/wordpress\/segunda\/ca\/martinez-mus-remarca-que-la-reconstruccio-ha-impulsat-actuacions-innovadores-que-no-estaven-en-els-manuals-denginyeria\/","title":{"rendered":"Mart\u00ednez Mus remarca que la reconstrucci\u00f3 ha impulsat actuacions innovadores \u201cque no estaven en els manuals d&#8217;enginyeria\u201d"},"content":{"rendered":"\n<h3 class=\"wp-block-heading\">El vicepresident tercer ha participat en la II Jornada d&#8217;Innovaci\u00f3 en Carreteres celebrada a la Universitat Polit\u00e8cnica de Val\u00e8ncia.<\/h3>\n\n\n\n<h3 class=\"wp-block-heading\">El conseller destaca que despr\u00e9s de la dana es van realitzar actuacions per a fer m\u00e9s resilients carreteres i vies amb m\u00e8todes que han perm\u00e9s al\u00e7ar viaductes caiguts o despla\u00e7ar ponts.<\/h3>\n\n\n\n<p>El vicepresident tercer i conseller de Medi Ambient, Infraestructures i Territori i de la Recuperaci\u00f3, Vicente Mart\u00ednez Mus, ha destacat la reconstrucci\u00f3 despr\u00e9s de la dana d&#8217;octubre de 2024 com una fita de l&#8217;enginyeria i la innovaci\u00f3 \u201cen abordar les obres no com una mera reposici\u00f3, sin\u00f3 com una oportunitat per a elevar l&#8217;est\u00e0ndard t\u00e8cnic de les infraestructures\u201d, especialment en la xarxa vi\u00e0ria. Un proc\u00e9s en el qual ha remarcat que s&#8217;han impulsat actuacions innovadores \u201cque no estaven en els manuals cl\u00e0ssics d&#8217;enginyeria\u201d.<\/p>\n\n\n\n<p>Aix\u00ed s&#8217;ha pronunciat Mart\u00ednez Mus durant la seua intervenci\u00f3 en la II Jornada d&#8217;Innovaci\u00f3 en Carreteres celebrada a la Universitat Polit\u00e8cnica de Val\u00e8ncia, on ha assenyalat que si hi ha un \u00e0mbit on la transici\u00f3 \u201cde la necessitat a la implementaci\u00f3\u201d ha sigut urgent, ha sigut el de les infraestructures vi\u00e0ries despr\u00e9s de les greus riuades. Aquell episodi, ha indicat, va ser \u201cuna aut\u00e8ntica prova de resist\u00e8ncia\u201d per al sistema d&#8217;infraestructures i carreteres i va obligar a reaccionar amb rapidesa i a reflexionar amb rigor sota un principi clar de \u201creconstruir millor\u201d.<\/p>\n\n\n\n<figure class=\"wp-block-image size-large\"><img loading=\"lazy\" decoding=\"async\" width=\"1024\" height=\"691\" src=\"https:\/\/www.tucomarca.com\/wordpress\/segunda\/wp-content\/uploads\/2026\/03\/GVAcarreteras2-1024x691.jpg\" alt=\"\" class=\"wp-image-294809\" srcset=\"https:\/\/www.tucomarca.com\/wordpress\/segunda\/wp-content\/uploads\/2026\/03\/GVAcarreteras2-1024x691.jpg 1024w, https:\/\/www.tucomarca.com\/wordpress\/segunda\/wp-content\/uploads\/2026\/03\/GVAcarreteras2-300x202.jpg 300w, https:\/\/www.tucomarca.com\/wordpress\/segunda\/wp-content\/uploads\/2026\/03\/GVAcarreteras2-768x518.jpg 768w, https:\/\/www.tucomarca.com\/wordpress\/segunda\/wp-content\/uploads\/2026\/03\/GVAcarreteras2.jpg 1181w\" sizes=\"auto, (max-width: 1024px) 100vw, 1024px\" \/><\/figure>\n\n\n\n<p>En aquest sentit, el vicepresident ha explicat que l&#8217;acci\u00f3 del Consell ha tingut un triple objectiu: reconstruir tots els danys, recuperar amb una visi\u00f3 estrat\u00e8gica i a llarg termini, i executar les obres estructurals necess\u00e0ries per a reduir riscos futurs. Per a aix\u00f2, s&#8217;han mobilitzat 3.100 milions d&#8217;euros, dels quals 750 milions s&#8217;han destinat a la reconstrucci\u00f3 d&#8217;infraestructures i medi ambient, amb actuacions ja executades o en fase final d&#8217;execuci\u00f3 gr\u00e0cies a m\u00e9s de 150 empreses, en la seua majoria valencianes.<\/p>\n\n\n\n<p>No obstant aix\u00f2, ha subratllat, \u201cel verdaderament diferencial no \u00e9s la quantia, sin\u00f3 l&#8217;enfocament\u201d. Aix\u00ed, innovar ha suposat introduir nous par\u00e0metres en l&#8217;execuci\u00f3 de les obres p\u00fabliques: aplicar t\u00e8cnica i rigor per a anticipar-se a episodis meteorol\u00f2gics m\u00e9s freq\u00fcents i severs, redimensionar obres de drenatge amb criteris actualitzats, refor\u00e7ar fonamentacions tenint en compte nous escenaris hidrol\u00f2gics i incorporar sensors i sistemes de monitoratge que proporcionen dades en temps real.<\/p>\n\n\n\n<p>Aix\u00ed mateix, Mart\u00ednez Mus ha tornat a reclamar al Govern d&#8217;Espanya \u201cque accelere la posada marxa de les infraestructures hidr\u00e0uliques declarades d&#8217;inter\u00e9s general imprescindibles per a garantir la protecci\u00f3 de les persones i del territori davant futurs fen\u00f2mens extrems\u201d.<\/p>\n\n\n\n<p><strong>Infraestructures vi\u00e0ries<\/strong><\/p>\n\n\n\n<p>En l&#8217;\u00e0mbit viari, el vicepresident ha posat com a exemple la CV-36 a Torrent, on s&#8217;han utilitzat eixos nous par\u00e0metres, per\u00f2, sobretot, \u201cs&#8217;ha dut a terme una actuaci\u00f3 totalment nova\u201d: despr\u00e9s de la destrucci\u00f3 d&#8217;un dels ponts sobre el barranc de Poio i l&#8217;enfonsament d&#8217;un altre, es va optar per al\u00e7ar amb gats hidr\u00e0ulics el viaducte ven\u00e7ut per a retornar-lo al servei amb la major rapidesa. En el mateix sentit, es va despla\u00e7ar un pont 10 cm en la CV-42 a Algemes\u00ed despr\u00e9s de quedar despla\u00e7at per les riuades.<\/p>\n\n\n\n<p>Al costat d&#8217;aquesta actuaci\u00f3, Mart\u00ednez Mus s&#8217;ha referit a altres intervencions que \u201cresponen al mateix criteri de no tornar al punt de partida, sin\u00f3 millorar la capacitat de resposta del territori\u201d, com l&#8217;ampliaci\u00f3 del pont de l&#8217;antiga N-III sobre el riu Magre, l&#8217;augment de capacitat hidr\u00e0ulica en el pont del Reatillo a Requena, el nou pont a Godelleta que triplica la capacitat de l&#8217;anterior o les actuacions a Setaig\u00fces i Sot de Xera.<\/p>\n\n\n\n<p>Aix\u00ed mateix, ha citat algunes altres actuacions en les quals s&#8217;ha aplicat la innovaci\u00f3, com en l&#8217;estaci\u00f3 de Val\u00e8ncia Sud de Metrovalencia, on s&#8217;ha reconstru\u00eft en altura i modernitzat per a garantir la continu\u00eftat del sistema davant possibles inundacions, adaptant-la a un escenari clim\u00e0tic m\u00e9s sever. O en el litoral, com el dragatge del port de Cullera que ha perm\u00e9s recuperar la seua operativitat i reutilitzar els sediments per a regenerar les platges de Cullera i Tavernes, \u201cintegrant infraestructures i medi ambient\u201d.<\/p>\n\n\n\n<p>El vicepresident ha vinculat aquestes actuacions amb un nou paradigma \u201cen el qual la innovaci\u00f3 no \u00e9s un afegit, sin\u00f3 un requisit. Un model en el qual el disseny incorpora escenaris de canvi clim\u00e0tic, la digitalitzaci\u00f3 permet anticipar patologies i la sostenibilitat i la seguretat es converteixen en variables estructurals del projecte\u201d.<\/p>\n\n\n\n<p>Finalment, ha assegurat que la Generalitat \u201ccontinuar\u00e0 apostant per la innovaci\u00f3 aplicada a la xarxa vi\u00e0ria, integrant coneixement t\u00e8cnic, experi\u00e8ncia professional i capacitat inversora per a disposar de carreteres m\u00e9s robustes, adaptatives i intel\u00b7ligents, preparades no sols per al present, sin\u00f3 per al futur\u201d.<\/p>\n","protected":false},"excerpt":{"rendered":"<div class=\"mh-excerpt\">El vicepresident tercer ha participat en la II Jornada d&#8217;Innovaci\u00f3 en Carreteres celebrada a la Universitat Polit\u00e8cnica de Val\u00e8ncia. El conseller destaca que despr\u00e9s de la dana es van realitzar actuacions per a fer m\u00e9s <a class=\"mh-excerpt-more\" href=\"https:\/\/www.tucomarca.com\/wordpress\/segunda\/ca\/martinez-mus-remarca-que-la-reconstruccio-ha-impulsat-actuacions-innovadores-que-no-estaven-en-els-manuals-denginyeria\/\" title=\"Mart\u00ednez Mus remarca que la reconstrucci\u00f3 ha impulsat actuacions innovadores \u201cque no estaven en els manuals d&#8217;enginyeria\u201d\">[+] <\/a><\/div>\n","protected":false},"author":12,"featured_media":294808,"comment_status":"closed","ping_status":"open","sticky":false,"template":"","format":"standard","meta":{"footnotes":""},"categories":[10983,21466,11046,10898,10948,10894,10904,10912,10902,10947,10908,10909,10896,10979,11026],"tags":[15409,11498,24002],"class_list":{"0":"post-294812","1":"post","2":"type-post","3":"status-publish","4":"format-standard","5":"has-post-thumbnail","7":"category-algemesi-ca","8":"category-dana-ca","9":"category-los-serranos-ca","10":"category-ventana-ca","11":"category-infraestructuras-ca","12":"category-la-comarca-ca","13":"category-sin-categorizar-ca","14":"category-la-hoya-ca","15":"category-la-ribera-ca","16":"category-politica","17":"category-requena-ca","18":"category-requena-utiel-ca","19":"category-seccion-ca","20":"category-siete-aguas-ca","21":"category-sot-de-chera-ca","22":"tag-dana-2-ca","23":"tag-generalitat-valenciana-ca","24":"tag-ii-jornada-de-innovacion-de-carreteras"},"_links":{"self":[{"href":"https:\/\/www.tucomarca.com\/wordpress\/segunda\/ca\/wp-json\/wp\/v2\/posts\/294812","targetHints":{"allow":["GET"]}}],"collection":[{"href":"https:\/\/www.tucomarca.com\/wordpress\/segunda\/ca\/wp-json\/wp\/v2\/posts"}],"about":[{"href":"https:\/\/www.tucomarca.com\/wordpress\/segunda\/ca\/wp-json\/wp\/v2\/types\/post"}],"author":[{"embeddable":true,"href":"https:\/\/www.tucomarca.com\/wordpress\/segunda\/ca\/wp-json\/wp\/v2\/users\/12"}],"replies":[{"embeddable":true,"href":"https:\/\/www.tucomarca.com\/wordpress\/segunda\/ca\/wp-json\/wp\/v2\/comments?post=294812"}],"version-history":[{"count":0,"href":"https:\/\/www.tucomarca.com\/wordpress\/segunda\/ca\/wp-json\/wp\/v2\/posts\/294812\/revisions"}],"wp:featuredmedia":[{"embeddable":true,"href":"https:\/\/www.tucomarca.com\/wordpress\/segunda\/ca\/wp-json\/wp\/v2\/media\/294808"}],"wp:attachment":[{"href":"https:\/\/www.tucomarca.com\/wordpress\/segunda\/ca\/wp-json\/wp\/v2\/media?parent=294812"}],"wp:term":[{"taxonomy":"category","embeddable":true,"href":"https:\/\/www.tucomarca.com\/wordpress\/segunda\/ca\/wp-json\/wp\/v2\/categories?post=294812"},{"taxonomy":"post_tag","embeddable":true,"href":"https:\/\/www.tucomarca.com\/wordpress\/segunda\/ca\/wp-json\/wp\/v2\/tags?post=294812"}],"curies":[{"name":"wp","href":"https:\/\/api.w.org\/{rel}","templated":true}]}}