{"id":294895,"date":"2026-03-05T10:30:00","date_gmt":"2026-03-05T09:30:00","guid":{"rendered":"https:\/\/www.tucomarca.com\/wordpress\/segunda\/?p=294895"},"modified":"2026-03-05T23:19:36","modified_gmt":"2026-03-05T22:19:36","slug":"natalia-enguix-anuncia-que-el-bo-comerc-de-la-diputacio-aconseguira-els-20-milions-deuros-per-a-arribar-a-tots-els-municipis","status":"publish","type":"post","link":"https:\/\/www.tucomarca.com\/wordpress\/segunda\/ca\/natalia-enguix-anuncia-que-el-bo-comerc-de-la-diputacio-aconseguira-els-20-milions-deuros-per-a-arribar-a-tots-els-municipis\/","title":{"rendered":"Nat\u00e0lia Enguix anuncia que el Bo Comer\u00e7 de la Diputaci\u00f3 aconseguir\u00e0 els 20 milions d&#8217;euros per a arribar a tots els municipis"},"content":{"rendered":"\n<h3 class=\"wp-block-heading\">La nova convocat\u00f2ria de 2026 estendr\u00e0 les ajudes a tots els pobles de la prov\u00edncia amb una primera campanya que ha beneficiat a 1.300 comer\u00e7os dels 26 pobles m\u00e9s afectats despr\u00e9s de la venda de 95.000 bons.<\/h3>\n\n\n\n<h3 class=\"wp-block-heading\">La vicepresidenta de la Diputaci\u00f3, Nat\u00e0lia Enguix, assenyala que este impuls econ\u00f2mic busca potenciar el comer\u00e7 de proximitat per a &#8220;promocionar l&#8217;activitat econ\u00f2mica dels nostres pobles i ciutats enfront de la fredor de les grans corporacions i les pantalles&#8221;.<\/h3>\n\n\n\n<p>La vicepresidenta primera de la Diputaci\u00f3 de Val\u00e8ncia, Nat\u00e0lia Enguix, ha anunciat este dimecres una inversi\u00f3 de 10 milions d&#8217;euros per a la campanya del Bo Comer\u00e7 de 2026. L&#8217;anunci s&#8217;ha realitzat en el Museu Valenci\u00e0 de la Il\u00b7lustraci\u00f3 i de la Modernitat (MuVIM), durant la inauguraci\u00f3 de l&#8217;exposici\u00f3 \u2018Pujar la persiana\u2019, una mostra que ret homenatge al comer\u00e7 local despr\u00e9s de la dana patida el passat 29 d&#8217;octubre. Enguix ha detallat que esta aportaci\u00f3 institucional es transformar\u00e0 en un ingr\u00e9s directe de 20 milions d&#8217;euros per als establiments de tota la prov\u00edncia. Segons ha manifestat la vicepresidenta, la iniciativa busca &#8220;estar al costat de la gent que es deixa la pell dia a dia en el comer\u00e7 de proximitat i que, sobretot, el que fan \u00e9s donar-li vida i promocionar l&#8217;activitat econ\u00f2mica dels nostres pobles i ciutats&#8221;.<\/p>\n\n\n\n<p>Este nou impuls econ\u00f2mic de la Diputaci\u00f3 es produ\u00efx despr\u00e9s dels resultats de l&#8217;anterior convocat\u00f2ria, en la qual es van injectar 5 milions d&#8217;euros que van permetre mobilitzar inicialment 10 milions en vendes. Esta acci\u00f3 va beneficiar a uns 1.300 comer\u00e7os dels 26 pobles m\u00e9s afectats, amb una repercussi\u00f3 en sectors tan diversos com l&#8217;alimentaci\u00f3, electrodom\u00e8stics, ferreteria o llibreries. Segons ha explicat la Uni\u00f3 Gremial, la injecci\u00f3 econ\u00f2mica real en aquella ocasi\u00f3 va ser sensiblement superior per les compres addicionals realitzades en el marc del bo, aconseguint un impacte total de 18 milions d&#8217;euros en l&#8217;economia local. En este context, Nat\u00e0lia Enguix ha destacat &#8220;la import\u00e0ncia de continuar fent costat al sector a trav\u00e9s d&#8217;esta mena d&#8217;incentius que posen en valor l&#8217;atenci\u00f3 personalitzada i el vincle ve\u00efnal que les grans superf\u00edcies no poden oferir&#8221;.<\/p>\n\n\n\n<p>La import\u00e0ncia d&#8217;esta iniciativa es reflectix en la resposta immediata de la ciutadania: en les primeres cinc hores de la campanya anterior es van vendre 9.000 bons en els 26 municipis afectats. La campanya va aconseguir vendre la totalitat dels 95.000 bons emesos, despr\u00e9s d&#8217;un ritme d&#8217;eixida que va permetre superar els 60.000 bons adquirits en la primera fase de la iniciativa. El repartiment d&#8217;estos bons, que es va fer a trav\u00e9s de C\u00e1mara Valencia, va ser possible gr\u00e0cies al treball conjunt de les oficines de Caixa Popular, els ajuntaments i les associacions de comerciants.<\/p>\n\n\n\n<p>Per part seua, el president d\u2019Uni\u00f3 Gremial, Mauro Lorenzo G\u00f3mez, ha manifestat sentir-se &#8220;emocionat i il\u00b7lusionat de veure com tot el comer\u00e7 que va quedar destru\u00eft no solament s&#8217;ha millorat i s&#8217;ha reconstru\u00eft, sin\u00f3 que s&#8217;ha millorat molt\u00edssim; s&#8217;ha aconseguit en mesos el que en anys costa&#8221;. Lorenzo ha incidit en qu\u00e8 estes ajudes van aconseguir que &#8220;els comer\u00e7os tingueren treball&#8221; i van permetre tindre &#8220;il\u00b7lusi\u00f3 per estar oberts&#8221;, assenyalant que &#8220;la guinda del past\u00eds per a aconseguir que tot aix\u00f2 fora cap avant era que els negocis funcionaren, aconseguint que el desembre passat fora un Nadal diferent&#8221;.<\/p>\n\n\n\n<p>Els propis comerciants han referendat la utilitat del Bo Comer\u00e7 Dana despr\u00e9s d&#8217;haver viscut situacions extremes. Jos\u00e9 Carlos Garrido, del forn Don Pa Artesans de Paiporta, ha recordat que van patir la dana amb una gran incertesa: &#8220;Ten\u00edem nou punts de venda amb tres obradors, i set d&#8217;ells van ser afectats; a m\u00e9s, el nostre pare es va quedar atrapat en l&#8217;obrador de Paiporta i el van poder rescatar de matinada&#8221;. Garrido ha explicat que el Bo Comer\u00e7 &#8220;va ser un \u00e8xit total i va tindre un gran acolliment dels clients de diari que van voler col\u00b7laborar i participar amb nosaltres&#8221;. En la mateixa l\u00ednia, Mar\u00eda de las Nieves Clemente, del Forn Pastisseria Violeta a Xirivella, ha valorat que &#8220;va ser una iniciativa molt bona&#8221; perqu\u00e8 &#8220;la gent venia amb ganes, volia comprar i participar&#8221;.&nbsp;<\/p>\n\n\n\n<p><strong>L&#8217;exposici\u00f3 \u2018Pujar la persiana\u2019<\/strong><\/p>\n\n\n\n<p>La mostra inaugurada en el MuVIM, sota el t\u00edtol \u2018Pujar la persiana\u2019, \u00e9s un projecte de la Diputaci\u00f3 de Val\u00e8ncia a trav\u00e9s de l&#8217;\u00e0rea de Promoci\u00f3 Econ\u00f2mica, que ret homenatge a la resili\u00e8ncia del comer\u00e7 local enfront de la dana a trav\u00e9s d&#8217;una cartografia d&#8217;orde emocional. L&#8217;exposici\u00f3 ha sigut coordinada per l&#8217;Escola Superior de Disseny de Val\u00e8ncia (EASD) i treballa a partir de les fotografies enviades pels propis comerciants. Es tracta d&#8217;una estructura modular i sostenible, dissenyada per a ser itinerant i visitar altres ajuntaments, que utilitza imatges reals per a visibilitzar la capacitat de reconstrucci\u00f3 de les botigues de barri. La mostra no sols documenta els danys, sin\u00f3 que celebra la recuperaci\u00f3 del teixit comercial com el motor que retorna el pols vital als pobles i ciutats de la prov\u00edncia.<\/p>\n\n\n\n<p><\/p>\n","protected":false},"excerpt":{"rendered":"<div class=\"mh-excerpt\">La nova convocat\u00f2ria de 2026 estendr\u00e0 les ajudes a tots els pobles de la prov\u00edncia amb una primera campanya que ha beneficiat a 1.300 comer\u00e7os dels 26 pobles m\u00e9s afectats despr\u00e9s de la venda de <a class=\"mh-excerpt-more\" href=\"https:\/\/www.tucomarca.com\/wordpress\/segunda\/ca\/natalia-enguix-anuncia-que-el-bo-comerc-de-la-diputacio-aconseguira-els-20-milions-deuros-per-a-arribar-a-tots-els-municipis\/\" title=\"Nat\u00e0lia Enguix anuncia que el Bo Comer\u00e7 de la Diputaci\u00f3 aconseguir\u00e0 els 20 milions d&#8217;euros per a arribar a tots els municipis\">[+] <\/a><\/div>\n","protected":false},"author":12,"featured_media":294894,"comment_status":"closed","ping_status":"open","sticky":false,"template":"","format":"standard","meta":{"footnotes":""},"categories":[21466,10898,10948,10894,10904,10947,10896],"tags":[23035,15409,11246],"class_list":{"0":"post-294895","1":"post","2":"type-post","3":"status-publish","4":"format-standard","5":"has-post-thumbnail","7":"category-dana-ca","8":"category-ventana-ca","9":"category-infraestructuras-ca","10":"category-la-comarca-ca","11":"category-sin-categorizar-ca","12":"category-politica","13":"category-seccion-ca","14":"tag-bono-comercio-dana-ca","15":"tag-dana-2-ca","16":"tag-diputacio-de-valencia-ca"},"_links":{"self":[{"href":"https:\/\/www.tucomarca.com\/wordpress\/segunda\/ca\/wp-json\/wp\/v2\/posts\/294895","targetHints":{"allow":["GET"]}}],"collection":[{"href":"https:\/\/www.tucomarca.com\/wordpress\/segunda\/ca\/wp-json\/wp\/v2\/posts"}],"about":[{"href":"https:\/\/www.tucomarca.com\/wordpress\/segunda\/ca\/wp-json\/wp\/v2\/types\/post"}],"author":[{"embeddable":true,"href":"https:\/\/www.tucomarca.com\/wordpress\/segunda\/ca\/wp-json\/wp\/v2\/users\/12"}],"replies":[{"embeddable":true,"href":"https:\/\/www.tucomarca.com\/wordpress\/segunda\/ca\/wp-json\/wp\/v2\/comments?post=294895"}],"version-history":[{"count":0,"href":"https:\/\/www.tucomarca.com\/wordpress\/segunda\/ca\/wp-json\/wp\/v2\/posts\/294895\/revisions"}],"wp:featuredmedia":[{"embeddable":true,"href":"https:\/\/www.tucomarca.com\/wordpress\/segunda\/ca\/wp-json\/wp\/v2\/media\/294894"}],"wp:attachment":[{"href":"https:\/\/www.tucomarca.com\/wordpress\/segunda\/ca\/wp-json\/wp\/v2\/media?parent=294895"}],"wp:term":[{"taxonomy":"category","embeddable":true,"href":"https:\/\/www.tucomarca.com\/wordpress\/segunda\/ca\/wp-json\/wp\/v2\/categories?post=294895"},{"taxonomy":"post_tag","embeddable":true,"href":"https:\/\/www.tucomarca.com\/wordpress\/segunda\/ca\/wp-json\/wp\/v2\/tags?post=294895"}],"curies":[{"name":"wp","href":"https:\/\/api.w.org\/{rel}","templated":true}]}}