{"id":294914,"date":"2026-03-05T09:00:00","date_gmt":"2026-03-05T08:00:00","guid":{"rendered":"https:\/\/www.tucomarca.com\/wordpress\/segunda\/?p=294914"},"modified":"2026-03-05T23:04:09","modified_gmt":"2026-03-05T22:04:09","slug":"la-do-utiel-requena-aterra-a-londres-amb-una-masterclass-amb-decanter","status":"publish","type":"post","link":"https:\/\/www.tucomarca.com\/wordpress\/segunda\/ca\/la-do-utiel-requena-aterra-a-londres-amb-una-masterclass-amb-decanter\/","title":{"rendered":"La DO Utiel-Requena aterra a Londres amb una masterclass amb Decanter"},"content":{"rendered":"\n<h3 class=\"wp-block-heading\">L\u2019acci\u00f3 forma part de la promoci\u00f3 en pa\u00efsos tercers en la qual participen 14 cellers de la DO.<\/h3>\n\n\n\n<p>La <strong>DO Utiel-Requena<\/strong> ha iniciat les seues accions internacionals oferint una <em>masterclass<\/em> a <strong>Londres<\/strong> de la m\u00e0 de <strong>Decanter<\/strong>. L\u2019esdeveniment ha estat dirigit per la <em>Master of Wine<\/em> <strong>Beth Williard<\/strong> i per l\u2019editora de <strong>Decanter Espa\u00f1a<\/strong>, <strong>In\u00e9s Salpico<\/strong>.<\/p>\n\n\n\n<figure class=\"wp-block-image size-large is-resized\"><img loading=\"lazy\" decoding=\"async\" width=\"1024\" height=\"691\" src=\"https:\/\/www.tucomarca.com\/wordpress\/segunda\/wp-content\/uploads\/2026\/03\/DO_Decanter1-1024x691.jpg\" alt=\"\" class=\"wp-image-294911\" style=\"aspect-ratio:1.481930699892494;width:541px;height:auto\" srcset=\"https:\/\/www.tucomarca.com\/wordpress\/segunda\/wp-content\/uploads\/2026\/03\/DO_Decanter1-1024x691.jpg 1024w, https:\/\/www.tucomarca.com\/wordpress\/segunda\/wp-content\/uploads\/2026\/03\/DO_Decanter1-300x202.jpg 300w, https:\/\/www.tucomarca.com\/wordpress\/segunda\/wp-content\/uploads\/2026\/03\/DO_Decanter1-768x518.jpg 768w, https:\/\/www.tucomarca.com\/wordpress\/segunda\/wp-content\/uploads\/2026\/03\/DO_Decanter1.jpg 1181w\" sizes=\"auto, (max-width: 1024px) 100vw, 1024px\" \/><\/figure>\n\n\n\n<p>Durant la jornada, els assistents han tastat un vi de benvinguda elaborat amb la nostra varietat aut\u00f2ctona blanca, la <strong>Tardana<\/strong>. A continuaci\u00f3, <strong>Williard<\/strong> ha oferit al p\u00fablic un context sobre la <strong>Denominaci\u00f3 d\u2019Origen<\/strong> de la qual provenien els vins que anaven a degustar.<\/p>\n\n\n\n<p>Un total de <strong>set vins<\/strong> \u2014dos blancs, un rosat i quatre negres\u2014 han sigut els protagonistes de la vetlada. <strong>Williard<\/strong> i <strong>Salpico<\/strong> han comentat les particularitats i el potencial dels vins proposats pels cellers participants, que han sigut els vins de <strong>Chozas Carrascal<\/strong>, <strong>Finca San Blas<\/strong>, <strong>Pago de Tharsys<\/strong>, <strong>BVC<\/strong>, <strong>Neleman Wines<\/strong>, <strong>Vegalfaro<\/strong> i <strong>Faustino Rivero Ulecia<\/strong>.<\/p>\n\n\n\n<p>En este projecte de promoci\u00f3 internacional participen <strong>14 cellers<\/strong>, i <strong>set d\u2019ells<\/strong> han sigut els primers a brillar en esta <em>masterclass<\/em>. Est\u00e0 previst celebrar una <strong>segona edici\u00f3 a la tardor<\/strong> per a promocionar els altres set cellers restants.<\/p>\n\n\n\n<p>Gr\u00e0cies a esta acci\u00f3, els assistents han pogut descobrir les particularitats de la nostra comarca, tastar una selecci\u00f3 de vins blancs, rosats i negres, i con\u00e9ixer millor el segell i la marca <strong>DO Utiel-Requena<\/strong>.<\/p>\n","protected":false},"excerpt":{"rendered":"<div class=\"mh-excerpt\">L\u2019acci\u00f3 forma part de la promoci\u00f3 en pa\u00efsos tercers en la qual participen 14 cellers de la DO. La DO Utiel-Requena ha iniciat les seues accions internacionals oferint una masterclass a Londres de la m\u00e0 <a class=\"mh-excerpt-more\" href=\"https:\/\/www.tucomarca.com\/wordpress\/segunda\/ca\/la-do-utiel-requena-aterra-a-londres-amb-una-masterclass-amb-decanter\/\" title=\"La DO Utiel-Requena aterra a Londres amb una masterclass amb Decanter\">[+] <\/a><\/div>\n","protected":false},"author":12,"featured_media":294910,"comment_status":"closed","ping_status":"open","sticky":false,"template":"","format":"standard","meta":{"footnotes":""},"categories":[11006,10894,11007,10909,10896],"tags":[24004,12747],"class_list":{"0":"post-294914","1":"post","2":"type-post","3":"status-publish","4":"format-standard","5":"has-post-thumbnail","7":"category-canal-vinos","8":"category-la-comarca-ca","9":"category-ocio-y-cultura-ca","10":"category-requena-utiel-ca","11":"category-seccion-ca","12":"tag-decanter","13":"tag-do-utiel-requena-ca"},"_links":{"self":[{"href":"https:\/\/www.tucomarca.com\/wordpress\/segunda\/ca\/wp-json\/wp\/v2\/posts\/294914","targetHints":{"allow":["GET"]}}],"collection":[{"href":"https:\/\/www.tucomarca.com\/wordpress\/segunda\/ca\/wp-json\/wp\/v2\/posts"}],"about":[{"href":"https:\/\/www.tucomarca.com\/wordpress\/segunda\/ca\/wp-json\/wp\/v2\/types\/post"}],"author":[{"embeddable":true,"href":"https:\/\/www.tucomarca.com\/wordpress\/segunda\/ca\/wp-json\/wp\/v2\/users\/12"}],"replies":[{"embeddable":true,"href":"https:\/\/www.tucomarca.com\/wordpress\/segunda\/ca\/wp-json\/wp\/v2\/comments?post=294914"}],"version-history":[{"count":0,"href":"https:\/\/www.tucomarca.com\/wordpress\/segunda\/ca\/wp-json\/wp\/v2\/posts\/294914\/revisions"}],"wp:featuredmedia":[{"embeddable":true,"href":"https:\/\/www.tucomarca.com\/wordpress\/segunda\/ca\/wp-json\/wp\/v2\/media\/294910"}],"wp:attachment":[{"href":"https:\/\/www.tucomarca.com\/wordpress\/segunda\/ca\/wp-json\/wp\/v2\/media?parent=294914"}],"wp:term":[{"taxonomy":"category","embeddable":true,"href":"https:\/\/www.tucomarca.com\/wordpress\/segunda\/ca\/wp-json\/wp\/v2\/categories?post=294914"},{"taxonomy":"post_tag","embeddable":true,"href":"https:\/\/www.tucomarca.com\/wordpress\/segunda\/ca\/wp-json\/wp\/v2\/tags?post=294914"}],"curies":[{"name":"wp","href":"https:\/\/api.w.org\/{rel}","templated":true}]}}