{"id":294978,"date":"2026-03-06T14:00:00","date_gmt":"2026-03-06T13:00:00","guid":{"rendered":"https:\/\/www.tucomarca.com\/wordpress\/segunda\/?p=294978"},"modified":"2026-03-06T19:37:33","modified_gmt":"2026-03-06T18:37:33","slug":"el-secretario-autonomico-de-turismo-anuncia-un-plan-dotado-con-cerca-de-un-millon-de-euros-para-impulsar-la-oferta-turistica-en-municipios-en-riesgo-de-despoblacion","status":"publish","type":"post","link":"https:\/\/www.tucomarca.com\/wordpress\/segunda\/ca\/el-secretario-autonomico-de-turismo-anuncia-un-plan-dotado-con-cerca-de-un-millon-de-euros-para-impulsar-la-oferta-turistica-en-municipios-en-riesgo-de-despoblacion\/","title":{"rendered":"El secretari auton\u00f2mic de Turisme anuncia un pla dotat amb prop d&#8217;un mili\u00f3 d&#8217;euros per a impulsar l&#8217;oferta tur\u00edstica en municipis en risc de despoblaci\u00f3"},"content":{"rendered":"\n<h3 class=\"wp-block-heading\">Jos\u00e9 Manuel Camarero inaugura l&#8217;I F\u00f2rum de Turisme Intel\u00b7ligent d&#8217;Interior a Montanejos<\/h3>\n\n\n\n<p>El secretari auton\u00f2mic de Turisme, Jos\u00e9 Manuel Camarero, ha anunciat un pla espec\u00edfic dotat amb prop d&#8217;un mili\u00f3 d&#8217;euros per a impulsar l&#8217;oferta tur\u00edstica en municipis en risc de despoblaci\u00f3, a m\u00e9s de mantindre avantatges en les ajudes per a empreses tur\u00edstiques situades en aquestes zones.<\/p>\n\n\n\n<p>Cambrer ha reafirmat l&#8217;aposta de la Generalitat pel turisme d&#8217;interior i ha assenyalat que \u201cl&#8217;oferta genera demanda i la demanda genera oportunitats, ocupaci\u00f3 i vida en els nostres municipis\u201d.<\/p>\n\n\n\n<p>El secretari auton\u00f2mic de Turisme ha inaugurat aquest divendres a Montanejos l&#8217;I F\u00f2rum de Turisme Intel\u00b7ligent d&#8217;Interior, on ha destacat que el turisme intel\u00b7ligent \u00e9s \u201cimprescindible per a garantir destins sostenibles i amb futur\u201d. La trobada reuneix professionals i responsables del sector per a analitzar els reptes i oportunitats del turisme en zones rurals.<\/p>\n\n\n\n<p>Durant la seua intervenci\u00f3, Cambrer ha assenyalat que aquest f\u00f2rum obri \u201cun di\u00e0leg necessari per a reflexionar, compartir experi\u00e8ncies i anticipar el futur d&#8217;un model tur\u00edstic que requereix innovaci\u00f3, sostenibilitat i una visi\u00f3 estrat\u00e8gica a llarg termini\u201d.<\/p>\n\n\n\n<p>El secretari auton\u00f2mic ha posat en valor el paper de Montanejos com a exemple de desenvolupament tur\u00edstic a l&#8217;interior. En aquest sentit, ha recordat que el municipi compta amb el reconeixement de Municipi Tur\u00edstic d&#8217;Excel\u00b7l\u00e8ncia, t\u00e9 el 82% de la seua superf\u00edcie protegida i disposa d&#8217;una platja continental amb Bandera Blava, a m\u00e9s d&#8217;una oferta alojativa que continua creixent, la qual cosa demostra \u201ccom un dest\u00ed xicotet pot generar activitat econ\u00f2mica i ocupaci\u00f3 a trav\u00e9s del turisme\u201d.<\/p>\n\n\n\n<p>Durant la jornada es presenten a m\u00e9s dues actuacions del Pla de Sostenibilitat Tur\u00edstica en Dest\u00ed de Montanejos, finan\u00e7at amb fons europeus NextGenerationEU: la Ruta de la Biodiversitat \u201cLes Veus de l&#8217;Aigua\u201d, vinculada a la naturalesa i la sostenibilitat, i la Smart Office tur\u00edstica, que permetr\u00e0 avan\u00e7ar en la gesti\u00f3 intel\u00b7ligent del dest\u00ed.<\/p>\n\n\n\n<p>Cambrer ha destacat que Montanejos forma part de la Xarxa de Destinacions Tur\u00edstiques Intel\u00b7ligents i ha subratllat la import\u00e0ncia d&#8217;eines com la &#8216;Smart Office&#8217; \u201cper a millorar la planificaci\u00f3, l&#8217;an\u00e0lisi de dades i la presa de decisions en la gesti\u00f3 tur\u00edstica\u201d.<\/p>\n\n\n\n<p>Tamb\u00e9 ha recordat que el turisme d&#8217;interior afronta reptes com la captaci\u00f3 d&#8217;inversi\u00f3, la incorporaci\u00f3 de tecnologia o la dificultat per a trobar personal qualificat, a m\u00e9s de la necessitat d&#8217;atraure visitants, dinamitzar l&#8217;economia local i retindre poblaci\u00f3 sense renunciar a la preservaci\u00f3 de l&#8217;entorn, la identitat i el mode de vida dels municipis.<\/p>\n\n\n\n<p>En aquest context, ha assenyalat la import\u00e0ncia d&#8217;iniciatives com &#8216;TechYroom&#8217; 3.0, impulsat al costat de l&#8217;Institut Tecnol\u00f2gic Hoteler (ITH), amb el qual Turisme Comunitat Valenciana cerca demostrar que la innovaci\u00f3 tecnol\u00f2gica tamb\u00e9 pot aplicar-se en el turisme rural.<\/p>\n\n\n\n<p>En aquesta l\u00ednia, ha assenyalat que \u201cmolt prompte comptarem amb dues &#8216;showrooms&#8217; reals ac\u00ed, en allotjaments de Montanejos i Ai\u00f2der, en els quals hem aplicat solucions innovadores per a demostrar la seua viabilitat i inspirar a nous emprenedors\u201d.<\/p>\n\n\n\n<p>Cambrer tamb\u00e9 ha ressaltat que el turisme d&#8217;interior presenta importants fortaleses, com la seua menor estacionalitat i el creixent inter\u00e9s dels visitants per la naturalesa i les experi\u00e8ncies rurals. \u201cLes dades ho confirmen: creix la visita a espais naturals, a destins rurals i a activitats com el senderisme. La demanda evoluciona i nosaltres hem d&#8217;evolucionar amb ella\u201d, ha concl\u00f2s.<\/p>\n","protected":false},"excerpt":{"rendered":"<div class=\"mh-excerpt\">Jos\u00e9 Manuel Camarero inaugura l&#8217;I F\u00f2rum de Turisme Intel\u00b7ligent d&#8217;Interior a Montanejos El secretari auton\u00f2mic de Turisme, Jos\u00e9 Manuel Camarero, ha anunciat un pla espec\u00edfic dotat amb prop d&#8217;un mili\u00f3 d&#8217;euros per a impulsar l&#8217;oferta <a class=\"mh-excerpt-more\" href=\"https:\/\/www.tucomarca.com\/wordpress\/segunda\/ca\/el-secretario-autonomico-de-turismo-anuncia-un-plan-dotado-con-cerca-de-un-millon-de-euros-para-impulsar-la-oferta-turistica-en-municipios-en-riesgo-de-despoblacion\/\" title=\"El secretari auton\u00f2mic de Turisme anuncia un pla dotat amb prop d&#8217;un mili\u00f3 d&#8217;euros per a impulsar l&#8217;oferta tur\u00edstica en municipis en risc de despoblaci\u00f3\">[+] <\/a><\/div>\n","protected":false},"author":1,"featured_media":294980,"comment_status":"closed","ping_status":"open","sticky":false,"template":"","format":"standard","meta":{"footnotes":""},"categories":[10898,10948,10894,10904,10903,10947,10896],"tags":[12279,11498,11199],"class_list":{"0":"post-294978","1":"post","2":"type-post","3":"status-publish","4":"format-standard","5":"has-post-thumbnail","7":"category-ventana-ca","8":"category-infraestructuras-ca","9":"category-la-comarca-ca","10":"category-sin-categorizar-ca","11":"category-medio-ambiente-la-comarca-ca","12":"category-politica","13":"category-seccion-ca","14":"tag-despoblacion-ca","15":"tag-generalitat-valenciana-ca","16":"tag-la-comunitat-ca"},"_links":{"self":[{"href":"https:\/\/www.tucomarca.com\/wordpress\/segunda\/ca\/wp-json\/wp\/v2\/posts\/294978","targetHints":{"allow":["GET"]}}],"collection":[{"href":"https:\/\/www.tucomarca.com\/wordpress\/segunda\/ca\/wp-json\/wp\/v2\/posts"}],"about":[{"href":"https:\/\/www.tucomarca.com\/wordpress\/segunda\/ca\/wp-json\/wp\/v2\/types\/post"}],"author":[{"embeddable":true,"href":"https:\/\/www.tucomarca.com\/wordpress\/segunda\/ca\/wp-json\/wp\/v2\/users\/1"}],"replies":[{"embeddable":true,"href":"https:\/\/www.tucomarca.com\/wordpress\/segunda\/ca\/wp-json\/wp\/v2\/comments?post=294978"}],"version-history":[{"count":0,"href":"https:\/\/www.tucomarca.com\/wordpress\/segunda\/ca\/wp-json\/wp\/v2\/posts\/294978\/revisions"}],"wp:featuredmedia":[{"embeddable":true,"href":"https:\/\/www.tucomarca.com\/wordpress\/segunda\/ca\/wp-json\/wp\/v2\/media\/294980"}],"wp:attachment":[{"href":"https:\/\/www.tucomarca.com\/wordpress\/segunda\/ca\/wp-json\/wp\/v2\/media?parent=294978"}],"wp:term":[{"taxonomy":"category","embeddable":true,"href":"https:\/\/www.tucomarca.com\/wordpress\/segunda\/ca\/wp-json\/wp\/v2\/categories?post=294978"},{"taxonomy":"post_tag","embeddable":true,"href":"https:\/\/www.tucomarca.com\/wordpress\/segunda\/ca\/wp-json\/wp\/v2\/tags?post=294978"}],"curies":[{"name":"wp","href":"https:\/\/api.w.org\/{rel}","templated":true}]}}