{"id":294990,"date":"2026-03-06T15:30:00","date_gmt":"2026-03-06T14:30:00","guid":{"rendered":"https:\/\/www.tucomarca.com\/wordpress\/segunda\/?p=294990"},"modified":"2026-03-06T20:21:22","modified_gmt":"2026-03-06T19:21:22","slug":"el-pla-endavant-te-actives-mes-del-60-de-les-mesures-de-la-generalitat-amb-lobjectiu-de-reconstruir-i-fer-mes-resilient-la-comunitat-valenciana","status":"publish","type":"post","link":"https:\/\/www.tucomarca.com\/wordpress\/segunda\/ca\/el-pla-endavant-te-actives-mes-del-60-de-les-mesures-de-la-generalitat-amb-lobjectiu-de-reconstruir-i-fer-mes-resilient-la-comunitat-valenciana\/","title":{"rendered":"El Pla Endavant t\u00e9 actives m\u00e9s del 60% de les mesures de la Generalitat amb l&#8217;objectiu de reconstruir i fer m\u00e9s resilient la Comunitat Valenciana"},"content":{"rendered":"\n<h3 class=\"wp-block-heading\">Set mesos despr\u00e9s de la seua posada en marxa, 183 mesures d&#8217;un total de 295 estan iniciades i les restants estaran en marxa abans del 31 de juliol.<\/h3>\n\n\n\n<h3 class=\"wp-block-heading\">S&#8217;han executat obres en infraestructures municipals de Picassent, Loriguilla, Xera o Sinarques per a millorar la seua resili\u00e8ncia davant fen\u00f2mens meteorol\u00f2gics extrems.<\/h3>\n\n\n\n<p>El Pla Endavant t\u00e9 en marxa el 62% de les mesures en les quals participa la Generalitat i el 17% completades quan han passat set mesos des de la seua aprovaci\u00f3, segons l&#8217;informe de seguiment corresponent al mes de febrer elaborat per la Vicepresid\u00e8ncia Tercera i Conselleria de Medi Ambient, Infraestructures, Territori i Recuperaci\u00f3.&nbsp;<\/p>\n\n\n\n<p>Aix\u00ed, de les 295 iniciatives amb participaci\u00f3 de la Generalitat 183 estan iniciades, de les quals 132 estan en fase d&#8217;execuci\u00f3 i 51 han sigut completades. Aquest pla elaborat amb motiu de la cat\u00e0strofe del 29 d&#8217;octubre de 2024 t\u00e9 com a objectiu reconstruir i fer m\u00e9s resilient la Comunitat Valenciana.<\/p>\n\n\n\n<p>Les mesures del Pla Endavant s\u00f3n responsabilitat de diferents administracions (Estat, Generalitat, Diputaci\u00f3, ajuntaments) o tenen responsabilitat compartida. Quant a la xifra global d&#8217;iniciatives, estan actives el 57% (196 d&#8217;un total de 393), de les quals 151 estan en execuci\u00f3 i 45 han sigut completades.&nbsp;<\/p>\n\n\n\n<p>Pel que respecta al global d&#8217;iniciatives, el 57% estan en progr\u00e9s: un 44% en curs i un 13% completades; mentre que les mesures en les quals participa \u00fanicament la Generalitat, el 62% estan en progr\u00e9s, amb un 45% en execuci\u00f3 i un 17% completades.&nbsp;<\/p>\n\n\n\n<p><strong>El ritme d&#8217;execuci\u00f3 es duplica<\/strong><\/p>\n\n\n\n<p>L&#8217;informe de seguiment del Pla Endavant, que s&#8217;ha presentat al ple del Consell, confirma tamb\u00e9 que en els \u00faltims set mesos, el ritme d&#8217;execuci\u00f3 s&#8217;ha duplicat, en passar de 84 iniciatives actives al juliol a 196 al gener, consolidant una din\u00e0mica de desplegament estable i efica\u00e7.<\/p>\n\n\n\n<p>Des de l&#8217;inici de 2026 s&#8217;han activat 26 noves iniciatives i la previsi\u00f3 del Consell \u00e9s que abans del 31 de mar\u00e7 s&#8217;inicien altres 63. L&#8217;objectiu \u00e9s que totes les iniciatives del pla hagen comen\u00e7at en el termini d&#8217;un any des de la seua aprovaci\u00f3, el 31 de juliol de 2025.<\/p>\n\n\n\n<p>L&#8217;informe revela tamb\u00e9 que totes les conselleries mantenen el ritme en el progr\u00e9s de les seues iniciatives i que el pla consolida un avan\u00e7 equilibrat en tots els seus eixos: el de Persones, Teixit empresarial i econ\u00f2mic, Medi ambient i Teixit social i comunitari, i Infraestructures, entre altres.<\/p>\n\n\n\n<p><strong>Prioritat a les persones i recuperaci\u00f3 d&#8217;infraestructures<\/strong><\/p>\n\n\n\n<p>Aquest mes de febrer s&#8217;han completat iniciatives com la de refor\u00e7ar la xarxa d&#8217;ecoparcs per a afavorir la proximitat en zones periurbanes, impulsar i estendre programes per a oferir bonificacions a la ciutadania per l&#8217;\u00fas dels ecoparcs i desenvolupar campanyes de conscienciaci\u00f3 ciutadana per a la separaci\u00f3 de residu.&nbsp;<\/p>\n\n\n\n<p>Tamb\u00e9 s&#8217;ha dut a terme l&#8217;execuci\u00f3 d&#8217;obres en carreteres danyades amb criteris de disseny que milloren la resili\u00e8ncia davant fen\u00f2mens meteorol\u00f2gics extrems. Aquestes \u00faltimes setmanes han acabat les obres del pont de l\u2019Omet de Picassent, que ha augmentat la seua capacitat hidr\u00e0ulica i incorporat fonamentacions profundes amb pilotes que, en el seu conjunt, acumulen una longitud subterr\u00e0nia de 1,2 quil\u00f2metres. Unes actuacions similars a les que s&#8217;han dut a terme en altres municipis com Loriguilla, Xera, o Sinarques, entre altres, en el marc del pla de la Generalitat parell assumir els treballs de reconstrucci\u00f3 d&#8217;infraestructures municipals que no podien executar dins del termini i en la forma corresponent els ajuntaments.<\/p>\n\n\n\n<p>Aix\u00ed mateix, s&#8217;ha dotat de suport econ\u00f2mic a les bandes de m\u00fasica afectades per a possibilitar la compra de noves partitures, faristols, instruments col\u00b7lectius i material d&#8217;arxiu que s&#8217;haja perdut o danyat, i s&#8217;ha oferit als espais culturals i expositius que organitzen exposicions d&#8217;art, mostres fotogr\u00e0fiques, fires d&#8217;artesania o instal\u00b7lacions d&#8217;art contemporani temporals en pol\u00edgons afectats recondicionats.<\/p>\n\n\n\n<p>A m\u00e9s, s&#8217;ha creat una l\u00ednia d&#8217;ajuda per a la reposici\u00f3 d&#8217;equips t\u00e8cnics b\u00e0sics en cinemes afectats i s&#8217;ha establit un banc de llibres centralitzat com a canal de recollida de donacions per part d&#8217;editorials, ciutadania i altres entitats, entre altres mesures.<\/p>\n","protected":false},"excerpt":{"rendered":"<div class=\"mh-excerpt\">Set mesos despr\u00e9s de la seua posada en marxa, 183 mesures d&#8217;un total de 295 estan iniciades i les restants estaran en marxa abans del 31 de juliol. S&#8217;han executat obres en infraestructures municipals de <a class=\"mh-excerpt-more\" href=\"https:\/\/www.tucomarca.com\/wordpress\/segunda\/ca\/el-pla-endavant-te-actives-mes-del-60-de-les-mesures-de-la-generalitat-amb-lobjectiu-de-reconstruir-i-fer-mes-resilient-la-comunitat-valenciana\/\" title=\"El Pla Endavant t\u00e9 actives m\u00e9s del 60% de les mesures de la Generalitat amb l&#8217;objectiu de reconstruir i fer m\u00e9s resilient la Comunitat Valenciana\">[+] <\/a><\/div>\n","protected":false},"author":1,"featured_media":294541,"comment_status":"closed","ping_status":"open","sticky":false,"template":"","format":"standard","meta":{"footnotes":""},"categories":[10892,11054,10898,10948,10894,10904,10931,10903,10947,10909,10896,10897],"tags":[11318,11199,22749,10910,11089],"class_list":{"0":"post-294990","1":"post","2":"type-post","3":"status-publish","4":"format-standard","5":"has-post-thumbnail","7":"category-camp-de-turia-ca","8":"category-chera-ca","9":"category-ventana-ca","10":"category-infraestructuras-ca","11":"category-la-comarca-ca","12":"category-sin-categorizar-ca","13":"category-loriguilla-ca","14":"category-medio-ambiente-la-comarca-ca","15":"category-politica","16":"category-requena-utiel-ca","17":"category-seccion-ca","18":"category-sucesos-la-comarca-ca","19":"tag-chera-ca","20":"tag-la-comunitat-ca","21":"tag-pla-endavant-ca","22":"tag-requena-utiel-ca","23":"tag-sinarcas-ca"},"_links":{"self":[{"href":"https:\/\/www.tucomarca.com\/wordpress\/segunda\/ca\/wp-json\/wp\/v2\/posts\/294990","targetHints":{"allow":["GET"]}}],"collection":[{"href":"https:\/\/www.tucomarca.com\/wordpress\/segunda\/ca\/wp-json\/wp\/v2\/posts"}],"about":[{"href":"https:\/\/www.tucomarca.com\/wordpress\/segunda\/ca\/wp-json\/wp\/v2\/types\/post"}],"author":[{"embeddable":true,"href":"https:\/\/www.tucomarca.com\/wordpress\/segunda\/ca\/wp-json\/wp\/v2\/users\/1"}],"replies":[{"embeddable":true,"href":"https:\/\/www.tucomarca.com\/wordpress\/segunda\/ca\/wp-json\/wp\/v2\/comments?post=294990"}],"version-history":[{"count":0,"href":"https:\/\/www.tucomarca.com\/wordpress\/segunda\/ca\/wp-json\/wp\/v2\/posts\/294990\/revisions"}],"wp:featuredmedia":[{"embeddable":true,"href":"https:\/\/www.tucomarca.com\/wordpress\/segunda\/ca\/wp-json\/wp\/v2\/media\/294541"}],"wp:attachment":[{"href":"https:\/\/www.tucomarca.com\/wordpress\/segunda\/ca\/wp-json\/wp\/v2\/media?parent=294990"}],"wp:term":[{"taxonomy":"category","embeddable":true,"href":"https:\/\/www.tucomarca.com\/wordpress\/segunda\/ca\/wp-json\/wp\/v2\/categories?post=294990"},{"taxonomy":"post_tag","embeddable":true,"href":"https:\/\/www.tucomarca.com\/wordpress\/segunda\/ca\/wp-json\/wp\/v2\/tags?post=294990"}],"curies":[{"name":"wp","href":"https:\/\/api.w.org\/{rel}","templated":true}]}}