{"id":295024,"date":"2026-03-06T12:15:00","date_gmt":"2026-03-06T11:15:00","guid":{"rendered":"https:\/\/www.tucomarca.com\/wordpress\/segunda\/?p=295024"},"modified":"2026-03-06T21:36:07","modified_gmt":"2026-03-06T20:36:07","slug":"bunyol-desbloqueja-la-construccio-dun-vial-demergencies-en-el-poligon-el-rincon","status":"publish","type":"post","link":"https:\/\/www.tucomarca.com\/wordpress\/segunda\/ca\/bunyol-desbloqueja-la-construccio-dun-vial-demergencies-en-el-poligon-el-rincon\/","title":{"rendered":"Bunyol desbloqueja la construcci\u00f3 d&#8217;un vial d&#8217;emerg\u00e8ncies en el pol\u00edgon El Rinc\u00f3n"},"content":{"rendered":"\n<h3 class=\"wp-block-heading\">L&#8217;Ajuntament impulsa un acord amb empreses i inspecci\u00f3 de treball per a millorar la seguretat i els accessos de l&#8217;\u00e0rea industrial.<\/h3>\n\n\n\n<p>L&#8217;Ajuntament de Bunyol ha fet un pas decisiu per a millorar la seguretat i l&#8217;accessibilitat del pol\u00edgon industrial El Rinc\u00f3n despr\u00e9s de la reuni\u00f3 celebrada aquest dijous amb l&#8217;inspector de Treball, Rafael Mesa, i la comissi\u00f3 de seguiment del pla de seguretat de l&#8217;\u00e0rea industrial. La trobada ha perm\u00e9s desbloquejar la construcci\u00f3 d&#8217;un vial exclusiu per a vehicles d&#8217;emerg\u00e8ncies, una actuaci\u00f3 considerada priorit\u00e0ria dins del pla de millora del pol\u00edgon.<\/p>\n\n\n\n<p>La mesura respon a una situaci\u00f3 arrossegada des de 2019, quan es va presentar una den\u00fancia sindical per defici\u00e8ncies en les mesures de seguretat. Entre les principals mancances assenyalades figurava l&#8217;exist\u00e8ncia d&#8217;un \u00fanic acc\u00e9s al pol\u00edgon, una circumst\u00e0ncia incompatible amb els est\u00e0ndards de seguretat exigits per a aquesta mena d&#8217;\u00e0rees industrials.<\/p>\n\n\n\n<p>Despr\u00e9s de diverses reunions de treball entre l&#8217;Ajuntament, les empreses del pol\u00edgon, la representaci\u00f3 sindical i la Inspecci\u00f3 de Treball, s&#8217;ha acordat impulsar la creaci\u00f3 d&#8217;un vial espec\u00edfic que permetr\u00e0 l&#8217;entrada i eixida de vehicles d&#8217;emerg\u00e8ncies, garantint aix\u00ed una via alternativa en cas d&#8217;incidents sense interferir en el tr\u00e0nsit habitual de treballadors i empreses.<\/p>\n\n\n\n<p>L&#8217;alcaldessa de Bunyol, Virg\u00ednia Sanz, ha destacat la rellev\u00e0ncia de l&#8217;acord aconseguit, assegurant que \u00abhui \u00e9s un dia important perqu\u00e8 fem un pas ferm per a refor\u00e7ar la seguretat del pol\u00edgon El Rinc\u00f3n\u00bb. Segons ha explicat Sanz, \u00abaquest vial d&#8217;emerg\u00e8ncies \u00e9s una soluci\u00f3 pionera que permetr\u00e0 millorar la resposta davant qualsevol incident i oferir majors garanties tant a les empreses com a les persones que treballen en l&#8217;entorn industrial\u00bb.<\/p>\n\n\n\n<p>La construcci\u00f3 d&#8217;aquest nou acc\u00e9s suposar\u00e0 una inversi\u00f3 superior a 300.000 euros, que ser\u00e0 assumida per les tres empreses del pol\u00edgon, fruit de l&#8217;acord aconseguit en el marc de la comissi\u00f3 de seguretat.<\/p>\n\n\n\n<p>Paral\u00b7lelament, l&#8217;Ajuntament continua treballant en altres solucions per a millorar els accessos a l&#8217;\u00e0rea industrial. Entre elles es troba la recuperaci\u00f3 d&#8217;un vial agrari que s&#8217;utilitzar\u00e0 com a eixida addicional per a les empreses de manera provisional . Aquest cam\u00ed va resultar greument afectat per la DANA, per la qual cosa el consistori va sol\u00b7licitar la seua reparaci\u00f3 a l&#8217;empresa p\u00fablica TRAGSA. El Ministeri ja ha comunicat que l&#8217;actuaci\u00f3 est\u00e0 pressupostada, a l&#8217;espera de fixar la data d&#8217;execuci\u00f3 de les obres, que permetran habilitar una eixida cap a la A-3 en direcci\u00f3 aquest.<\/p>\n\n\n\n<p>El regidor de Desenvolupament Econ\u00f2mic i Empresarial, Mario Al\u00eds, ha subratllat que l&#8217;objectiu \u00e9s millorar de manera integral les infraestructures del pol\u00edgon. \u00abEls nostres pol\u00edgons industrials s\u00f3n un motor d&#8217;ocupaci\u00f3 i desenvolupament per a Bunyol. Per aix\u00f2 estem treballant al costat de les empreses per a resoldre problemes hist\u00f2rics i dotar-los d&#8217;infraestructures m\u00e9s segures, modernes i competitives\u00bb, ha explicat Al\u00eds.<\/p>\n\n\n\n<p>Aquestes actuacions es complementen amb les inversions ja en marxa a trav\u00e9s de les ajudes de l&#8217;Institut Valenci\u00e0 de Competitivitat Empresarial (IVACE) per a la millora d&#8217;\u00e0rees industrials. En el cas del pol\u00edgon El Rinc\u00f3n, les obres inclouen la renovaci\u00f3 de la senyalitzaci\u00f3 vi\u00e0ria, repintat de vials i la instal\u00b7laci\u00f3 de c\u00e0meres de videovigil\u00e0ncia.<\/p>\n\n\n\n<p>En una segona fase del projecte est\u00e0 prevista la creaci\u00f3 d&#8217;un carril biosaludable de prop de tres quil\u00f2metres i la instal\u00b7laci\u00f3 de llumin\u00e0ries aut\u00f2nomes alimentades amb energia solar, amb l&#8217;objectiu de millorar la il\u00b7luminaci\u00f3 i la seguretat de l&#8217;entorn.<\/p>\n","protected":false},"excerpt":{"rendered":"<div class=\"mh-excerpt\">L&#8217;Ajuntament impulsa un acord amb empreses i inspecci\u00f3 de treball per a millorar la seguretat i els accessos de l&#8217;\u00e0rea industrial. L&#8217;Ajuntament de Bunyol ha fet un pas decisiu per a millorar la seguretat i <a class=\"mh-excerpt-more\" href=\"https:\/\/www.tucomarca.com\/wordpress\/segunda\/ca\/bunyol-desbloqueja-la-construccio-dun-vial-demergencies-en-el-poligon-el-rincon\/\" title=\"Bunyol desbloqueja la construcci\u00f3 d&#8217;un vial d&#8217;emerg\u00e8ncies en el pol\u00edgon El Rinc\u00f3n\">[+] <\/a><\/div>\n","protected":false},"author":12,"featured_media":295023,"comment_status":"closed","ping_status":"open","sticky":false,"template":"","format":"standard","meta":{"footnotes":""},"categories":[10911,21466,10898,10948,10894,10904,10912,10903,10947,10896,10897],"tags":[10913,23351,10914],"class_list":{"0":"post-295024","1":"post","2":"type-post","3":"status-publish","4":"format-standard","5":"has-post-thumbnail","7":"category-bunol-ca","8":"category-dana-ca","9":"category-ventana-ca","10":"category-infraestructuras-ca","11":"category-la-comarca-ca","12":"category-sin-categorizar-ca","13":"category-la-hoya-ca","14":"category-medio-ambiente-la-comarca-ca","15":"category-politica","16":"category-seccion-ca","17":"category-sucesos-la-comarca-ca","18":"tag-bunol-ca","19":"tag-el-rincon-ca","20":"tag-la-hoya-de-bunol-chiva-ca"},"_links":{"self":[{"href":"https:\/\/www.tucomarca.com\/wordpress\/segunda\/ca\/wp-json\/wp\/v2\/posts\/295024","targetHints":{"allow":["GET"]}}],"collection":[{"href":"https:\/\/www.tucomarca.com\/wordpress\/segunda\/ca\/wp-json\/wp\/v2\/posts"}],"about":[{"href":"https:\/\/www.tucomarca.com\/wordpress\/segunda\/ca\/wp-json\/wp\/v2\/types\/post"}],"author":[{"embeddable":true,"href":"https:\/\/www.tucomarca.com\/wordpress\/segunda\/ca\/wp-json\/wp\/v2\/users\/12"}],"replies":[{"embeddable":true,"href":"https:\/\/www.tucomarca.com\/wordpress\/segunda\/ca\/wp-json\/wp\/v2\/comments?post=295024"}],"version-history":[{"count":0,"href":"https:\/\/www.tucomarca.com\/wordpress\/segunda\/ca\/wp-json\/wp\/v2\/posts\/295024\/revisions"}],"wp:featuredmedia":[{"embeddable":true,"href":"https:\/\/www.tucomarca.com\/wordpress\/segunda\/ca\/wp-json\/wp\/v2\/media\/295023"}],"wp:attachment":[{"href":"https:\/\/www.tucomarca.com\/wordpress\/segunda\/ca\/wp-json\/wp\/v2\/media?parent=295024"}],"wp:term":[{"taxonomy":"category","embeddable":true,"href":"https:\/\/www.tucomarca.com\/wordpress\/segunda\/ca\/wp-json\/wp\/v2\/categories?post=295024"},{"taxonomy":"post_tag","embeddable":true,"href":"https:\/\/www.tucomarca.com\/wordpress\/segunda\/ca\/wp-json\/wp\/v2\/tags?post=295024"}],"curies":[{"name":"wp","href":"https:\/\/api.w.org\/{rel}","templated":true}]}}