{"id":295045,"date":"2026-03-08T11:00:00","date_gmt":"2026-03-08T10:00:00","guid":{"rendered":"https:\/\/www.tucomarca.com\/wordpress\/segunda\/?p=295045"},"modified":"2026-03-09T00:22:46","modified_gmt":"2026-03-08T23:22:46","slug":"la-unio-demana-avancos-perque-mes-dones-siguen-titulars-dexplotacions-agraries-a-la-comunitat-valenciana-ja-que-nomes-son-el-25","status":"publish","type":"post","link":"https:\/\/www.tucomarca.com\/wordpress\/segunda\/ca\/la-unio-demana-avancos-perque-mes-dones-siguen-titulars-dexplotacions-agraries-a-la-comunitat-valenciana-ja-que-nomes-son-el-25\/","title":{"rendered":"La Uni\u00f3 demana avan\u00e7os perqu\u00e8 m\u00e9s dones siguen titulars d\u2019explotacions agr\u00e0ries a la Comunitat Valenciana, ja que nom\u00e9s s\u00f3n el 25%"},"content":{"rendered":"\n<h3 class=\"wp-block-heading\">Impulsar la igualtat en el sector agrari no sols \u00e9s una q\u00fcesti\u00f3 de just\u00edcia social, sin\u00f3 tamb\u00e9 una condici\u00f3 clau per a garantir la sostenibilitat econ\u00f2mica i demogr\u00e0fica del medi rural.<\/h3>\n\n\n\n<p>La <strong>Uni\u00f3 Llauradora i Ramadera<\/strong> assenyala, hui <strong>Dia Internacional de la Dona<\/strong>, que actualment nom\u00e9s el <strong>25,77% dels titulars d\u2019explotacions agr\u00e0ries de la Comunitat Valenciana s\u00f3n dones<\/strong>. D\u2019un total de <strong>100.259 explotacions<\/strong>, les dones en representen <strong>25.836<\/strong>, una xifra que se situa per davall de la mitjana estatal, que \u00e9s del <strong>27,6%<\/strong>.<\/p>\n\n\n\n<p>A m\u00e9s, <strong>nom\u00e9s 19 explotacions estan registrades a la Comunitat Valenciana en titularitat compartida<\/strong> (12 a Castell\u00f3n, 5 a Valencia i 2 a Alicante), davant de les <strong>1.586 de tot Espanya<\/strong>, la qual cosa representa \u00fanicament <strong>l\u20191,20%<\/strong>.<\/p>\n\n\n\n<p>La <strong>titularitat compartida<\/strong> \u00e9s una figura jur\u00eddica de l\u2019explotaci\u00f3 agr\u00e0ria a la qual poden acollir-se aquelles parelles que comparteixen el treball i la gesti\u00f3 de l\u2019explotaci\u00f3. Esta figura permet que l\u2019administraci\u00f3, representaci\u00f3 i responsabilitat de l\u2019explotaci\u00f3 recaiga en les dues persones titulars, fomentant la igualtat entre ambdues.<\/p>\n\n\n\n<p>Encara que en els \u00faltims anys s\u2019ha produ\u00eft <strong>un lleuger avan\u00e7 en la pres\u00e8ncia femenina al camp valenci\u00e0<\/strong>, la bretxa de g\u00e8nere continua sent significativa. Les dones participen activament en les tasques agr\u00edcoles, en la gesti\u00f3 de les explotacions familiars i en el manteniment del teixit rural, per\u00f2 moltes vegades <strong>el seu treball continua sent invisible o no es tradueix en la titularitat formal de les explotacions<\/strong>.<\/p>\n\n\n\n<p>Davant esta realitat, resulta imprescindible que <strong>les administracions impulsen mesures decidides<\/strong> per a fomentar la incorporaci\u00f3 i el lideratge de les dones en el sector agrari. Entre estes destaquen <strong>el refor\u00e7 dels incentius a la titularitat compartida de les explotacions, l\u2019acc\u00e9s prioritari a ajudes p\u00fabliques i al finan\u00e7ament, programes espec\u00edfics de formaci\u00f3 i emprenedoria per a dones rurals, aix\u00ed com pol\u00edtiques que faciliten la conciliaci\u00f3 i el relleu generacional al camp<\/strong>.<\/p>\n\n\n\n<p>Per a <strong>La Uni\u00f3<\/strong>, impulsar la igualtat en el sector agrari <strong>no sols \u00e9s una q\u00fcesti\u00f3 de just\u00edcia social<\/strong>, sin\u00f3 tamb\u00e9 una condici\u00f3 clau per a garantir <strong>la sostenibilitat econ\u00f2mica i demogr\u00e0fica del medi rural<\/strong>, on el paper de les dones resulta fonamental per a assegurar el futur de les explotacions i del territori.<\/p>\n\n\n\n<p>Precisament, este cap de setmana <strong>una important representaci\u00f3 de dones de La Uni\u00f3 Llauradora i Ramadera de tota la Comunitat Valenciana<\/strong> assistix a <strong>Toledo<\/strong> al <strong>XII encontre estatal de la Uni\u00f3n de Mujeres Agricultoras y Ganaderas<\/strong>, sota el lema <em>\u201cEl papel de las mujeres del sector agrario ante el cambio clim\u00e1tico: desaf\u00edos y oportunidades\u201d<\/em>.<\/p>\n\n\n\n<p>Durant estos dies, <strong>agricultores i ramaderes de diferents comunitats aut\u00f2nomes han compartit experi\u00e8ncies, analitzat els impactes reals del canvi clim\u00e0tic en les seues explotacions i debatut propostes per a garantir la viabilitat econ\u00f2mica i ambiental del medi rural<\/strong>.<\/p>\n\n\n\n<p>En un context marcat <strong>per la inestabilitat clim\u00e0tica, l\u2019increment de costos, la transformaci\u00f3 energ\u00e8tica i els nous models productius<\/strong>, l\u2019encontre ha posat el focus <strong>en el paper clau que exercixen les dones en la sostenibilitat i modernitzaci\u00f3 del sector agrari<\/strong>.<\/p>\n\n\n\n<p>Des de <strong>La Uni\u00f3<\/strong> es reivindica <strong>un model de desenvolupament rural sostenible que incorpore la perspectiva de g\u00e8nere en totes les pol\u00edtiques agr\u00e0ries i clim\u00e0tiques<\/strong>, reconeixent el paper estrat\u00e8gic de les dones en la transformaci\u00f3 del sector.<\/p>\n\n\n\n<p><\/p>\n","protected":false},"excerpt":{"rendered":"<div class=\"mh-excerpt\">Impulsar la igualtat en el sector agrari no sols \u00e9s una q\u00fcesti\u00f3 de just\u00edcia social, sin\u00f3 tamb\u00e9 una condici\u00f3 clau per a garantir la sostenibilitat econ\u00f2mica i demogr\u00e0fica del medi rural. La Uni\u00f3 Llauradora i <a class=\"mh-excerpt-more\" href=\"https:\/\/www.tucomarca.com\/wordpress\/segunda\/ca\/la-unio-demana-avancos-perque-mes-dones-siguen-titulars-dexplotacions-agraries-a-la-comunitat-valenciana-ja-que-nomes-son-el-25\/\" title=\"La Uni\u00f3 demana avan\u00e7os perqu\u00e8 m\u00e9s dones siguen titulars d\u2019explotacions agr\u00e0ries a la Comunitat Valenciana, ja que nom\u00e9s s\u00f3n el 25%\">[+] <\/a><\/div>\n","protected":false},"author":12,"featured_media":295044,"comment_status":"closed","ping_status":"open","sticky":false,"template":"","format":"standard","meta":{"footnotes":""},"categories":[169,10905,10898,10948,8,10894,72,10904,142,10947,10896,3,45],"tags":[11508,21082],"class_list":{"0":"post-295045","1":"post","2":"type-post","3":"status-publish","4":"format-standard","5":"has-post-thumbnail","7":"category-agricultura-la-comarca","8":"category-agricultura-la-comarca-ca","9":"category-ventana-ca","10":"category-infraestructuras-ca","11":"category-la-comarca","12":"category-la-comarca-ca","13":"category-sin-categorizar","14":"category-sin-categorizar-ca","15":"category-politica-la-comarca","16":"category-politica","17":"category-seccion-ca","18":"category-seccion","19":"category-ventana","20":"tag-8m-ca","21":"tag-la-unio-llauradora-i-ramadera-ca"},"_links":{"self":[{"href":"https:\/\/www.tucomarca.com\/wordpress\/segunda\/ca\/wp-json\/wp\/v2\/posts\/295045","targetHints":{"allow":["GET"]}}],"collection":[{"href":"https:\/\/www.tucomarca.com\/wordpress\/segunda\/ca\/wp-json\/wp\/v2\/posts"}],"about":[{"href":"https:\/\/www.tucomarca.com\/wordpress\/segunda\/ca\/wp-json\/wp\/v2\/types\/post"}],"author":[{"embeddable":true,"href":"https:\/\/www.tucomarca.com\/wordpress\/segunda\/ca\/wp-json\/wp\/v2\/users\/12"}],"replies":[{"embeddable":true,"href":"https:\/\/www.tucomarca.com\/wordpress\/segunda\/ca\/wp-json\/wp\/v2\/comments?post=295045"}],"version-history":[{"count":0,"href":"https:\/\/www.tucomarca.com\/wordpress\/segunda\/ca\/wp-json\/wp\/v2\/posts\/295045\/revisions"}],"wp:featuredmedia":[{"embeddable":true,"href":"https:\/\/www.tucomarca.com\/wordpress\/segunda\/ca\/wp-json\/wp\/v2\/media\/295044"}],"wp:attachment":[{"href":"https:\/\/www.tucomarca.com\/wordpress\/segunda\/ca\/wp-json\/wp\/v2\/media?parent=295045"}],"wp:term":[{"taxonomy":"category","embeddable":true,"href":"https:\/\/www.tucomarca.com\/wordpress\/segunda\/ca\/wp-json\/wp\/v2\/categories?post=295045"},{"taxonomy":"post_tag","embeddable":true,"href":"https:\/\/www.tucomarca.com\/wordpress\/segunda\/ca\/wp-json\/wp\/v2\/tags?post=295045"}],"curies":[{"name":"wp","href":"https:\/\/api.w.org\/{rel}","templated":true}]}}