{"id":295141,"date":"2026-03-09T12:00:00","date_gmt":"2026-03-09T11:00:00","guid":{"rendered":"https:\/\/www.tucomarca.com\/wordpress\/segunda\/?p=295141"},"modified":"2026-03-09T21:36:56","modified_gmt":"2026-03-09T20:36:56","slug":"la-generalitat-afronta-la-fase-final-de-la-reconstruccio-de-la-passarella-de-ramon-y-cajal-a-xiva-danyada-per-la-dana","status":"publish","type":"post","link":"https:\/\/www.tucomarca.com\/wordpress\/segunda\/ca\/la-generalitat-afronta-la-fase-final-de-la-reconstruccio-de-la-passarella-de-ramon-y-cajal-a-xiva-danyada-per-la-dana\/","title":{"rendered":"La Generalitat afronta la fase final de la reconstrucci\u00f3 de la passarel\u00b7la de Ram\u00f3n y Cajal a Xiva danyada per la DANA"},"content":{"rendered":"\n<h3 class=\"wp-block-heading\">S&#8217;ha procedit a l&#8217;hissat i col\u00b7locaci\u00f3 de la nova passarel\u00b7la que substitueix a l&#8217;antiga estructura de fusta de titularitat municipal despr\u00e9s d&#8217;assumir les obres la Conselleria.<\/h3>\n\n\n\n<h3 class=\"wp-block-heading\">La nova passarel\u00b7la, que s&#8217;ha elevat un metre per a suportar m\u00e9s ben possibles pluges torrencials, entrar\u00e0 en servei a principis d&#8217;abril<\/h3>\n\n\n\n<p>La Generalitat avan\u00e7a en la recuperaci\u00f3 de les infraestructures de Xiva afectades per la DANA d&#8217;octubre de 2024 i encara la fase final de les obres de reconstrucci\u00f3 de la passarel\u00b7la que connecta el carrer Ram\u00f3n y Cajal amb el carrer Cruz de Pedra, una via clau per a la mobilitat quotidiana del municipi.<\/p>\n\n\n\n<p>L&#8217;actuaci\u00f3 forma part de les intervencions d&#8217;emerg\u00e8ncia assumides per la Vicepresid\u00e8ncia Tercera i Conselleria de Medi Ambient, Infraestructures, Territori i de la Recuperaci\u00f3 per a restituir la connectivitat i garantir la seguretat despr\u00e9s dels greus danys ocasionats pel temporal. Entre aquestes intervencions destaca la reparaci\u00f3 i reposici\u00f3 de diverses passarel\u00b7les per als vianants sobre el barranc de Xiva, fonamentals per a la comunicaci\u00f3 entre diferents punts del nucli urb\u00e0.<\/p>\n\n\n\n<p>En el marc d&#8217;aquestes obres realitzades per la Direcci\u00f3 General d&#8217;Infraestructures Vi\u00e0ries, s&#8217;ha procedit a l&#8217;hissat i col\u00b7locaci\u00f3 de la nova passarel\u00b7la que substitueix a l&#8217;antiga estructura de fusta, arrasada per les riuades d&#8217;octubre de 2024. La nova infraestructura \u00e9s una passarel\u00b7la met\u00e0l\u00b7lica d&#8217;arc superior, que creua el barranc mitjan\u00e7ant una \u00fanica obertura de 32 metres de llum i compta amb quatre metres d&#8217;ampl\u00e0ria.<\/p>\n\n\n\n<p>L&#8217;estructura, amb un pes aproximat de 32 tones, ha sigut instal\u00b7lada mitjan\u00e7ant una \u00fanica maniobra amb una grua de 130 tones. A m\u00e9s, s&#8217;ha elevat la rasant al voltant d&#8217;un metre, la qual cosa permetr\u00e0 que la passarel\u00b7la puga suportar el pas d&#8217;avingudes similars a les registrades durant la DANA sense que l&#8217;estructura es veja afectada.<\/p>\n\n\n\n<p>En els pr\u00f2xims dies es procedir\u00e0 a la formigonada del tauler i a la finalitzaci\u00f3 de les connexions amb la urbanitzaci\u00f3 de l&#8217;entorn. Est\u00e0 prevista que entre en servei a principis del mes d&#8217;abril, una vegada es realitze la preceptiva prova de c\u00e0rrega.<\/p>\n\n\n\n<figure class=\"wp-block-gallery has-nested-images columns-1 is-cropped wp-block-gallery-1 is-layout-flex wp-block-gallery-is-layout-flex\">\n<figure class=\"wp-block-image size-large\"><img loading=\"lazy\" decoding=\"async\" width=\"1024\" height=\"768\" data-id=\"295129\" src=\"https:\/\/www.tucomarca.com\/wordpress\/segunda\/wp-content\/uploads\/2026\/03\/GVApasarelaChivaDana3-1024x768.jpg\" alt=\"\" class=\"wp-image-295129\" srcset=\"https:\/\/www.tucomarca.com\/wordpress\/segunda\/wp-content\/uploads\/2026\/03\/GVApasarelaChivaDana3-1024x768.jpg 1024w, https:\/\/www.tucomarca.com\/wordpress\/segunda\/wp-content\/uploads\/2026\/03\/GVApasarelaChivaDana3-300x225.jpg 300w, https:\/\/www.tucomarca.com\/wordpress\/segunda\/wp-content\/uploads\/2026\/03\/GVApasarelaChivaDana3-768x576.jpg 768w, https:\/\/www.tucomarca.com\/wordpress\/segunda\/wp-content\/uploads\/2026\/03\/GVApasarelaChivaDana3-1536x1152.jpg 1536w, https:\/\/www.tucomarca.com\/wordpress\/segunda\/wp-content\/uploads\/2026\/03\/GVApasarelaChivaDana3-678x509.jpg 678w, https:\/\/www.tucomarca.com\/wordpress\/segunda\/wp-content\/uploads\/2026\/03\/GVApasarelaChivaDana3-326x245.jpg 326w, https:\/\/www.tucomarca.com\/wordpress\/segunda\/wp-content\/uploads\/2026\/03\/GVApasarelaChivaDana3-80x60.jpg 80w, https:\/\/www.tucomarca.com\/wordpress\/segunda\/wp-content\/uploads\/2026\/03\/GVApasarelaChivaDana3.jpg 1600w\" sizes=\"auto, (max-width: 1024px) 100vw, 1024px\" \/><\/figure>\n<\/figure>\n\n\n\n<p><strong>Pla Endavant<\/strong><\/p>\n\n\n\n<p>Aquestes actuacions s&#8217;emmarquen en el pla auton\u00f2mic de reconstrucci\u00f3 Pla Endavant, que contempla l&#8217;activaci\u00f3 de 60 iniciatives durant el primer trimestre de l&#8217;any per a accelerar la recuperaci\u00f3 dels municipis afectats per la DANA i davant la incapacitat dels municipis d&#8217;assumir les obres i executar-les dins del termini i en la forma corresponent.<\/p>\n\n\n\n<p>En el cas concret de Xiva, la inversi\u00f3 destinada a la reparaci\u00f3 i reposici\u00f3 de passarel\u00b7les per als vianants i altres ponts urbans supera els 3,3 milions d&#8217;euros, reflectint l&#8217;esfor\u00e7 econ\u00f2mic i t\u00e8cnic desplegat per a restablir la mobilitat i la seguretat en el municipi.<\/p>\n\n\n\n<p>La passarel\u00b7la de Ram\u00f3n y Cajal \u00e9s l&#8217;\u00faltima infraestructura que queda pendent de reconstruir en el municipi del llistat d&#8217;obres municipals que l&#8217;Ajuntament de Xiva va sol\u00b7licitar a la Generalitat executar despr\u00e9s de remetre tota la documentaci\u00f3 acreditativa. Amb anterioritat la Vicepresid\u00e8ncia Tercera ha posat en servei la nova passarel\u00b7la del carrer Pintor Mora Yuste i el pont del carrer Enrique Ponce, el situat sobre el barranc del Gallec cam\u00ed a Sierra Perenchiza.&nbsp;<\/p>\n\n\n\n<p>Tamb\u00e9 s&#8217;ha reparat la part superior del pont del carrer Antonio Machado. Amb aquestes intervencions, la Vicepresid\u00e8ncia Tercera i el Comissionat per a la Recuperaci\u00f3 reafirmen el seu comprom\u00eds amb una recuperaci\u00f3 \u00e0gil, coordinada i efica\u00e7 de les infraestructures locals, prioritzant la seguretat de les persones i la restituci\u00f3 plena de la connectivitat urbana.<\/p>\n\n\n\n<figure class=\"wp-block-gallery has-nested-images columns-1 is-cropped wp-block-gallery-2 is-layout-flex wp-block-gallery-is-layout-flex\">\n<figure class=\"wp-block-image size-large\"><img loading=\"lazy\" decoding=\"async\" width=\"1024\" height=\"768\" data-id=\"295131\" src=\"https:\/\/www.tucomarca.com\/wordpress\/segunda\/wp-content\/uploads\/2026\/03\/GVApasarelaChivaDana2-1024x768.jpg\" alt=\"\" class=\"wp-image-295131\" srcset=\"https:\/\/www.tucomarca.com\/wordpress\/segunda\/wp-content\/uploads\/2026\/03\/GVApasarelaChivaDana2-1024x768.jpg 1024w, https:\/\/www.tucomarca.com\/wordpress\/segunda\/wp-content\/uploads\/2026\/03\/GVApasarelaChivaDana2-300x225.jpg 300w, https:\/\/www.tucomarca.com\/wordpress\/segunda\/wp-content\/uploads\/2026\/03\/GVApasarelaChivaDana2-768x576.jpg 768w, https:\/\/www.tucomarca.com\/wordpress\/segunda\/wp-content\/uploads\/2026\/03\/GVApasarelaChivaDana2-1536x1152.jpg 1536w, https:\/\/www.tucomarca.com\/wordpress\/segunda\/wp-content\/uploads\/2026\/03\/GVApasarelaChivaDana2-678x509.jpg 678w, https:\/\/www.tucomarca.com\/wordpress\/segunda\/wp-content\/uploads\/2026\/03\/GVApasarelaChivaDana2-326x245.jpg 326w, https:\/\/www.tucomarca.com\/wordpress\/segunda\/wp-content\/uploads\/2026\/03\/GVApasarelaChivaDana2-80x60.jpg 80w, https:\/\/www.tucomarca.com\/wordpress\/segunda\/wp-content\/uploads\/2026\/03\/GVApasarelaChivaDana2.jpg 1600w\" sizes=\"auto, (max-width: 1024px) 100vw, 1024px\" \/><\/figure>\n<\/figure>\n","protected":false},"excerpt":{"rendered":"<div class=\"mh-excerpt\">S&#8217;ha procedit a l&#8217;hissat i col\u00b7locaci\u00f3 de la nova passarel\u00b7la que substitueix a l&#8217;antiga estructura de fusta de titularitat municipal despr\u00e9s d&#8217;assumir les obres la Conselleria. La nova passarel\u00b7la, que s&#8217;ha elevat un metre per <a class=\"mh-excerpt-more\" href=\"https:\/\/www.tucomarca.com\/wordpress\/segunda\/ca\/la-generalitat-afronta-la-fase-final-de-la-reconstruccio-de-la-passarella-de-ramon-y-cajal-a-xiva-danyada-per-la-dana\/\" title=\"La Generalitat afronta la fase final de la reconstrucci\u00f3 de la passarel\u00b7la de Ram\u00f3n y Cajal a Xiva danyada per la DANA\">[+] <\/a><\/div>\n","protected":false},"author":1,"featured_media":295128,"comment_status":"closed","ping_status":"open","sticky":false,"template":"","format":"gallery","meta":{"footnotes":""},"categories":[21466,10898,10948,10894,10904,10912,10903,10947,10896,10897,10975],"tags":[11195,15409,11498,10914],"class_list":{"0":"post-295141","1":"post","2":"type-post","3":"status-publish","4":"format-gallery","5":"has-post-thumbnail","7":"category-dana-ca","8":"category-ventana-ca","9":"category-infraestructuras-ca","10":"category-la-comarca-ca","11":"category-sin-categorizar-ca","12":"category-la-hoya-ca","13":"category-medio-ambiente-la-comarca-ca","14":"category-politica","15":"category-seccion-ca","16":"category-sucesos-la-comarca-ca","17":"category-chiva-ca","18":"tag-chiva-ca","19":"tag-dana-2-ca","20":"tag-generalitat-valenciana-ca","21":"tag-la-hoya-de-bunol-chiva-ca","22":"post_format-post-format-gallery"},"_links":{"self":[{"href":"https:\/\/www.tucomarca.com\/wordpress\/segunda\/ca\/wp-json\/wp\/v2\/posts\/295141","targetHints":{"allow":["GET"]}}],"collection":[{"href":"https:\/\/www.tucomarca.com\/wordpress\/segunda\/ca\/wp-json\/wp\/v2\/posts"}],"about":[{"href":"https:\/\/www.tucomarca.com\/wordpress\/segunda\/ca\/wp-json\/wp\/v2\/types\/post"}],"author":[{"embeddable":true,"href":"https:\/\/www.tucomarca.com\/wordpress\/segunda\/ca\/wp-json\/wp\/v2\/users\/1"}],"replies":[{"embeddable":true,"href":"https:\/\/www.tucomarca.com\/wordpress\/segunda\/ca\/wp-json\/wp\/v2\/comments?post=295141"}],"version-history":[{"count":0,"href":"https:\/\/www.tucomarca.com\/wordpress\/segunda\/ca\/wp-json\/wp\/v2\/posts\/295141\/revisions"}],"wp:featuredmedia":[{"embeddable":true,"href":"https:\/\/www.tucomarca.com\/wordpress\/segunda\/ca\/wp-json\/wp\/v2\/media\/295128"}],"wp:attachment":[{"href":"https:\/\/www.tucomarca.com\/wordpress\/segunda\/ca\/wp-json\/wp\/v2\/media?parent=295141"}],"wp:term":[{"taxonomy":"category","embeddable":true,"href":"https:\/\/www.tucomarca.com\/wordpress\/segunda\/ca\/wp-json\/wp\/v2\/categories?post=295141"},{"taxonomy":"post_tag","embeddable":true,"href":"https:\/\/www.tucomarca.com\/wordpress\/segunda\/ca\/wp-json\/wp\/v2\/tags?post=295141"}],"curies":[{"name":"wp","href":"https:\/\/api.w.org\/{rel}","templated":true}]}}