{"id":295172,"date":"2026-03-09T11:30:00","date_gmt":"2026-03-09T10:30:00","guid":{"rendered":"https:\/\/www.tucomarca.com\/wordpress\/segunda\/?p=295172"},"modified":"2026-03-09T20:31:50","modified_gmt":"2026-03-09T19:31:50","slug":"jose-diez-es-reuneix-amb-lalcalde-de-sant-antoni-de-benaixeve-per-a-analitzar-lestat-de-les-installacions-esportives-del-municipi","status":"publish","type":"post","link":"https:\/\/www.tucomarca.com\/wordpress\/segunda\/ca\/jose-diez-es-reuneix-amb-lalcalde-de-sant-antoni-de-benaixeve-per-a-analitzar-lestat-de-les-installacions-esportives-del-municipi\/","title":{"rendered":"Jos\u00e9 D\u00edez es reuneix amb l&#8217;alcalde de Sant Antoni de Benaixeve per a analitzar l&#8217;estat de les instal\u00b7lacions esportives del municipi"},"content":{"rendered":"\n<p>El vicepresident segon confirma la seua pres\u00e8ncia el pr\u00f2xim dia 8 d&#8217;abril a l&#8217;acte institucional que se celebra anualment en commemoraci\u00f3 del decret de creaci\u00f3 municipi<\/p>\n\n\n\n<p>El vicepresident segon i conseller de Presid\u00e8ncia, Jos\u00e9 D\u00edez, ha mantingut una reuni\u00f3 de treball amb l&#8217;alcalde de Sant Antoni de Benaixeve, Enrique Santafosta, per a analitzar l&#8217;estat de les instal\u00b7lacions esportives del municipi.\u00a0<\/p>\n\n\n\n<p>En aquest sentit, s&#8217;ha abordat la necessitat, exposada per l&#8217;ajuntament, de noves infraestructures esportives, davant el creixement poblaci\u00f3 del municipi, especialment en relaci\u00f3 amb la poblaci\u00f3 jove i la demanda de l&#8217;esport base.<\/p>\n\n\n\n<p>D&#8217;altra banda, el vicepresident segon ha confirmat la seua pres\u00e8ncia el pr\u00f2xim 8 d&#8217;abril a l&#8217;acte institucional que se celebra anualment en commemoraci\u00f3 del decret de creaci\u00f3 del nou municipi.<\/p>\n","protected":false},"excerpt":{"rendered":"<div class=\"mh-excerpt\">El vicepresident segon confirma la seua pres\u00e8ncia el pr\u00f2xim dia 8 d&#8217;abril a l&#8217;acte institucional que se celebra anualment en commemoraci\u00f3 del decret de creaci\u00f3 municipi El vicepresident segon i conseller de Presid\u00e8ncia, Jos\u00e9 D\u00edez, <a class=\"mh-excerpt-more\" href=\"https:\/\/www.tucomarca.com\/wordpress\/segunda\/ca\/jose-diez-es-reuneix-amb-lalcalde-de-sant-antoni-de-benaixeve-per-a-analitzar-lestat-de-les-installacions-esportives-del-municipi\/\" title=\"Jos\u00e9 D\u00edez es reuneix amb l&#8217;alcalde de Sant Antoni de Benaixeve per a analitzar l&#8217;estat de les instal\u00b7lacions esportives del municipi\">[+] <\/a><\/div>\n","protected":false},"author":1,"featured_media":295166,"comment_status":"closed","ping_status":"open","sticky":false,"template":"","format":"standard","meta":{"footnotes":""},"categories":[46,10892,10898,128,10948,8,10894,72,10904,142,10947,183,10934,10896,3,45],"tags":[10395,10899],"class_list":{"0":"post-295172","1":"post","2":"type-post","3":"status-publish","4":"format-standard","5":"has-post-thumbnail","7":"category-camp-de-turia","8":"category-camp-de-turia-ca","9":"category-ventana-ca","10":"category-infraestructuras","11":"category-infraestructuras-ca","12":"category-la-comarca","13":"category-la-comarca-ca","14":"category-sin-categorizar","15":"category-sin-categorizar-ca","16":"category-politica-la-comarca","17":"category-politica","18":"category-san-antonio-de-benageber","19":"category-san-antonio-de-benageber-ca","20":"category-seccion-ca","21":"category-seccion","22":"category-ventana","23":"tag-camp-de-turia","24":"tag-camp-de-turia-ca"},"_links":{"self":[{"href":"https:\/\/www.tucomarca.com\/wordpress\/segunda\/ca\/wp-json\/wp\/v2\/posts\/295172","targetHints":{"allow":["GET"]}}],"collection":[{"href":"https:\/\/www.tucomarca.com\/wordpress\/segunda\/ca\/wp-json\/wp\/v2\/posts"}],"about":[{"href":"https:\/\/www.tucomarca.com\/wordpress\/segunda\/ca\/wp-json\/wp\/v2\/types\/post"}],"author":[{"embeddable":true,"href":"https:\/\/www.tucomarca.com\/wordpress\/segunda\/ca\/wp-json\/wp\/v2\/users\/1"}],"replies":[{"embeddable":true,"href":"https:\/\/www.tucomarca.com\/wordpress\/segunda\/ca\/wp-json\/wp\/v2\/comments?post=295172"}],"version-history":[{"count":0,"href":"https:\/\/www.tucomarca.com\/wordpress\/segunda\/ca\/wp-json\/wp\/v2\/posts\/295172\/revisions"}],"wp:featuredmedia":[{"embeddable":true,"href":"https:\/\/www.tucomarca.com\/wordpress\/segunda\/ca\/wp-json\/wp\/v2\/media\/295166"}],"wp:attachment":[{"href":"https:\/\/www.tucomarca.com\/wordpress\/segunda\/ca\/wp-json\/wp\/v2\/media?parent=295172"}],"wp:term":[{"taxonomy":"category","embeddable":true,"href":"https:\/\/www.tucomarca.com\/wordpress\/segunda\/ca\/wp-json\/wp\/v2\/categories?post=295172"},{"taxonomy":"post_tag","embeddable":true,"href":"https:\/\/www.tucomarca.com\/wordpress\/segunda\/ca\/wp-json\/wp\/v2\/tags?post=295172"}],"curies":[{"name":"wp","href":"https:\/\/api.w.org\/{rel}","templated":true}]}}