{"id":295300,"date":"2026-03-11T10:00:00","date_gmt":"2026-03-11T09:00:00","guid":{"rendered":"https:\/\/www.tucomarca.com\/wordpress\/segunda\/?p=295300"},"modified":"2026-03-11T20:34:48","modified_gmt":"2026-03-11T19:34:48","slug":"proteccio-civil-de-godelleta-incorpora-un-nou-vehicle-per-a-millorar-el-servei-a-la-ciutadania","status":"publish","type":"post","link":"https:\/\/www.tucomarca.com\/wordpress\/segunda\/ca\/proteccio-civil-de-godelleta-incorpora-un-nou-vehicle-per-a-millorar-el-servei-a-la-ciutadania\/","title":{"rendered":"Protecci\u00f3 Civil de Godelleta incorpora un nou vehicle per a millorar el servei a la ciutadania"},"content":{"rendered":"\n<p>L\u2019agrupaci\u00f3 de Protecci\u00f3 Civil de Godelleta compta des d\u2019ara amb un nou vehicle que permetr\u00e0 refor\u00e7ar les tasques de suport i servei que presta a la ciutadania al municipi.<\/p>\n\n\n\n<p>Este nou recurs est\u00e0 destinat a millorar la capacitat d\u2019actuaci\u00f3 dels voluntaris i volunt\u00e0ries en diferents situacions, especialment durant esdeveniments locals i possibles emerg\u00e8ncies. A m\u00e9s, el vehicle est\u00e0 equipat amb un desfibril\u00b7lador port\u00e0til, un element fonamental que permetr\u00e0 intervenir amb major rapidesa davant possibles emerg\u00e8ncies card\u00edaques.<\/p>\n\n\n\n<p>La incorporaci\u00f3 d\u2019este equipament suposa un avan\u00e7 important per a l\u2019agrupaci\u00f3, ja que refor\u00e7a els mitjans disponibles i contribu\u00efx a millorar la capacitat de resposta davant qualsevol incid\u00e8ncia.<\/p>\n\n\n\n<p>Amb esta nova adquisici\u00f3, l\u2019Ajuntament de Godelleta continua treballant per a dotar Protecci\u00f3 Civil de millors recursos i continuar garantint la seguretat, la prevenci\u00f3 i l\u2019atenci\u00f3 als ve\u00efns i ve\u00efnes del municipi.<\/p>\n","protected":false},"excerpt":{"rendered":"<div class=\"mh-excerpt\">L\u2019agrupaci\u00f3 de Protecci\u00f3 Civil de Godelleta compta des d\u2019ara amb un nou vehicle que permetr\u00e0 refor\u00e7ar les tasques de suport i servei que presta a la ciutadania al municipi. Este nou recurs est\u00e0 destinat a <a class=\"mh-excerpt-more\" href=\"https:\/\/www.tucomarca.com\/wordpress\/segunda\/ca\/proteccio-civil-de-godelleta-incorpora-un-nou-vehicle-per-a-millorar-el-servei-a-la-ciutadania\/\" title=\"Protecci\u00f3 Civil de Godelleta incorpora un nou vehicle per a millorar el servei a la ciutadania\">[+] <\/a><\/div>\n","protected":false},"author":12,"featured_media":295299,"comment_status":"closed","ping_status":"open","sticky":false,"template":"","format":"standard","meta":{"footnotes":""},"categories":[10977,10948,10894,10912,10903,10947,10896],"tags":[11087,10914,13172],"class_list":{"0":"post-295300","1":"post","2":"type-post","3":"status-publish","4":"format-standard","5":"has-post-thumbnail","7":"category-godelleta-ca","8":"category-infraestructuras-ca","9":"category-la-comarca-ca","10":"category-la-hoya-ca","11":"category-medio-ambiente-la-comarca-ca","12":"category-politica","13":"category-seccion-ca","14":"tag-godelleta-ca","15":"tag-la-hoya-de-bunol-chiva-ca","16":"tag-proteccion-civil-ca"},"_links":{"self":[{"href":"https:\/\/www.tucomarca.com\/wordpress\/segunda\/ca\/wp-json\/wp\/v2\/posts\/295300","targetHints":{"allow":["GET"]}}],"collection":[{"href":"https:\/\/www.tucomarca.com\/wordpress\/segunda\/ca\/wp-json\/wp\/v2\/posts"}],"about":[{"href":"https:\/\/www.tucomarca.com\/wordpress\/segunda\/ca\/wp-json\/wp\/v2\/types\/post"}],"author":[{"embeddable":true,"href":"https:\/\/www.tucomarca.com\/wordpress\/segunda\/ca\/wp-json\/wp\/v2\/users\/12"}],"replies":[{"embeddable":true,"href":"https:\/\/www.tucomarca.com\/wordpress\/segunda\/ca\/wp-json\/wp\/v2\/comments?post=295300"}],"version-history":[{"count":0,"href":"https:\/\/www.tucomarca.com\/wordpress\/segunda\/ca\/wp-json\/wp\/v2\/posts\/295300\/revisions"}],"wp:featuredmedia":[{"embeddable":true,"href":"https:\/\/www.tucomarca.com\/wordpress\/segunda\/ca\/wp-json\/wp\/v2\/media\/295299"}],"wp:attachment":[{"href":"https:\/\/www.tucomarca.com\/wordpress\/segunda\/ca\/wp-json\/wp\/v2\/media?parent=295300"}],"wp:term":[{"taxonomy":"category","embeddable":true,"href":"https:\/\/www.tucomarca.com\/wordpress\/segunda\/ca\/wp-json\/wp\/v2\/categories?post=295300"},{"taxonomy":"post_tag","embeddable":true,"href":"https:\/\/www.tucomarca.com\/wordpress\/segunda\/ca\/wp-json\/wp\/v2\/tags?post=295300"}],"curies":[{"name":"wp","href":"https:\/\/api.w.org\/{rel}","templated":true}]}}