{"id":295395,"date":"2026-03-10T11:30:00","date_gmt":"2026-03-10T10:30:00","guid":{"rendered":"https:\/\/www.tucomarca.com\/wordpress\/segunda\/?p=295395"},"modified":"2026-03-10T19:07:23","modified_gmt":"2026-03-10T18:07:23","slug":"la-diputacio-ensenya-als-ajuntaments-com-ordenar-el-territori-per-a-previndre-futures-inundacions","status":"publish","type":"post","link":"https:\/\/www.tucomarca.com\/wordpress\/segunda\/ca\/la-diputacio-ensenya-als-ajuntaments-com-ordenar-el-territori-per-a-previndre-futures-inundacions\/","title":{"rendered":"La Diputaci\u00f3 ensenya als ajuntaments com ordenar el territori per a previndre futures inundacions"},"content":{"rendered":"\n<h3 class=\"wp-block-heading\">El president de la corporaci\u00f3, Vicent Momp\u00f3, inaugura el cicle formatiu \u2018L&#8217;ordenaci\u00f3 del territori i el nou model de ciutat\u2019, amb la pres\u00e8ncia de 200 assistents entre alcaldes, regidors i t\u00e8cnics municipals.<\/h3>\n\n\n\n<h3 class=\"wp-block-heading\">Al llarg de dos jornades, s&#8217;abordaran q\u00fcestions estrat\u00e8giques per als ajuntaments com la futura Llei del S\u00f2l, la revisi\u00f3 del PATRICOVA o els nous models de planificaci\u00f3 urbana.<\/h3>\n\n\n\n<p>La Diputaci\u00f3 de Val\u00e8ncia ha iniciat este dimarts el cicle formatiu \u2018L&#8217;ordenaci\u00f3 del territori i el nou model de ciutat\u2019, dirigit a c\u00e0rrecs electes i t\u00e8cnics municipals de la prov\u00edncia, amb l&#8217;objectiu d&#8217;ensenyar com s&#8217;ha d&#8217;afrontar la planificaci\u00f3 territorial per a previndre futures inundacions com la de la dana del 29 d&#8217;octubre de 2024. Es tracta del tercer cicle formatiu dins de l&#8217;itinerari DIVALDirectia Tem\u00e0tica, posat en marxa pel servici de Formaci\u00f3 de la corporaci\u00f3 per a analitzar el paper dels ajuntaments davant fen\u00f2mens catastr\u00f2fics.<\/p>\n\n\n\n<p>Al llarg de dos jornades, s&#8217;abordaran q\u00fcestions estrat\u00e8giques com la futura Llei del S\u00f2l de la Comunitat Valenciana, la revisi\u00f3 del PATRICOVA o els nous models de planificaci\u00f3 urbana necessaris per a adaptar el territori a l&#8217;efecte del canvi clim\u00e0tic. Aix\u00ed mateix, s&#8217;analitzaran els reptes que afronten molts municipis de la prov\u00edncia, com la gesti\u00f3 d&#8217;urbanitzacions disperses, pol\u00edgons industrials o edificacions fora d&#8217;ordenaci\u00f3 en situacions d&#8217;emerg\u00e8ncia. Tot aix\u00f2 amb l&#8217;objectiu \u00faltim de millorar la seguretat i la capacitat de resposta dels municipis davant les cat\u00e0strofes.<\/p>\n\n\n\n<p>El president de la Diputaci\u00f3, Vicent Momp\u00f3, ha sigut l&#8217;encarregat d&#8217;inaugurar el curs davant la pres\u00e8ncia de 200 assistents entre alcaldes, regidors i personal t\u00e8cnic especialitzat en urbanisme. Momp\u00f3 ha destacat \u201cel paper fonamental que tenen els ajuntaments a l&#8217;hora de previndre fen\u00f2mens d&#8217;este tipus. S\u00f3n els que estan en primera l\u00ednia i els que han de prendre decisions sobre planificaci\u00f3 urbana, per\u00f2 no poden afrontar este repte sols. Per aix\u00f2 s\u00f3n tan necess\u00e0ries formacions com esta\u201d.<\/p>\n\n\n\n<p>El president provincial ha subratllat en qu\u00e8 \u201cdes de la Diputaci\u00f3 portem temps facilitant ferramentes perqu\u00e8 els municipis milloren la seua capacitat de resposta davant cat\u00e0strofes. I un aspecte essencial \u00e9s l&#8217;ordenaci\u00f3 del territori amb responsabilitat i invertir en infraestructures m\u00e9s resilients. Per aix\u00f2 estes jornades suposen una oportunitat per a aprendre, per a debatre i per a construir una visi\u00f3 compartida del territori que volem per al futur\u201d; i ha insistit en \u201cel treball conjunt i la cooperaci\u00f3 de totes les administracions davant este desafiament\u201d.<\/p>\n\n\n\n<figure class=\"wp-block-gallery has-nested-images columns-default is-cropped wp-block-gallery-1 is-layout-flex wp-block-gallery-is-layout-flex\">\n<figure class=\"wp-block-image size-large\"><img loading=\"lazy\" decoding=\"async\" width=\"1024\" height=\"666\" data-id=\"295390\" src=\"https:\/\/www.tucomarca.com\/wordpress\/segunda\/wp-content\/uploads\/2026\/03\/DipuADEIT3-1024x666.jpg\" alt=\"\" class=\"wp-image-295390\" srcset=\"https:\/\/www.tucomarca.com\/wordpress\/segunda\/wp-content\/uploads\/2026\/03\/DipuADEIT3-1024x666.jpg 1024w, https:\/\/www.tucomarca.com\/wordpress\/segunda\/wp-content\/uploads\/2026\/03\/DipuADEIT3-300x195.jpg 300w, https:\/\/www.tucomarca.com\/wordpress\/segunda\/wp-content\/uploads\/2026\/03\/DipuADEIT3-768x499.jpg 768w, https:\/\/www.tucomarca.com\/wordpress\/segunda\/wp-content\/uploads\/2026\/03\/DipuADEIT3.jpg 1181w\" sizes=\"auto, (max-width: 1024px) 100vw, 1024px\" \/><\/figure>\n\n\n\n<figure class=\"wp-block-image size-large\"><img loading=\"lazy\" decoding=\"async\" width=\"1024\" height=\"666\" data-id=\"295392\" src=\"https:\/\/www.tucomarca.com\/wordpress\/segunda\/wp-content\/uploads\/2026\/03\/DipuADEIT1-1024x666.jpg\" alt=\"\" class=\"wp-image-295392\" srcset=\"https:\/\/www.tucomarca.com\/wordpress\/segunda\/wp-content\/uploads\/2026\/03\/DipuADEIT1-1024x666.jpg 1024w, https:\/\/www.tucomarca.com\/wordpress\/segunda\/wp-content\/uploads\/2026\/03\/DipuADEIT1-300x195.jpg 300w, https:\/\/www.tucomarca.com\/wordpress\/segunda\/wp-content\/uploads\/2026\/03\/DipuADEIT1-768x499.jpg 768w, https:\/\/www.tucomarca.com\/wordpress\/segunda\/wp-content\/uploads\/2026\/03\/DipuADEIT1.jpg 1181w\" sizes=\"auto, (max-width: 1024px) 100vw, 1024px\" \/><\/figure>\n<\/figure>\n\n\n\n<p><strong>Contingut de les jornades<\/strong><\/p>\n\n\n\n<p>Despr\u00e9s de la inauguraci\u00f3, la primera jornada ha comen\u00e7at amb la pon\u00e8ncia \u2018La planificaci\u00f3 metropolitana i els plans especials urban\u00edstics de reconstrucci\u00f3\u2019, a c\u00e0rrec del prestigi\u00f3s arquitecte Alejandro Escribano, que ha assenyalat que \u201cel primer que cal analitzar, abans de dur a terme la reconstrucci\u00f3, \u00e9s el que va oc\u00f3rrer en la dana i si es podia haver evitat en cas d&#8217;estar operatives les infraestructures hidr\u00e0uliques adequades\u201d. Escribano ha afirmat que \u201cen els anys 2010 i 2011 es van aprovar projectes que mai van arribar a materialitzar-se, i eixos projectes haurien salvat vides. Han sigut 14 anys d&#8217;inacci\u00f3 per part de l&#8217;estat\u201d.<\/p>\n\n\n\n<p>L&#8217;arquitecte valenci\u00e0 ha posat sobre la taula el concepte de just\u00edcia territorial, traduint-se en qu\u00e8 \u201cles actuacions futures han d&#8217;atorgar al sud de l&#8217;\u00e0rea metropolitana la mateixa protecci\u00f3 que a la ciutat de Val\u00e8ncia. No fa falta deixar de construir o moure edificis, existixen solucions hidr\u00e0uliques\u201d.<\/p>\n\n\n\n<p>A continuaci\u00f3, s&#8217;han desenvolupat altres dos confer\u00e8ncies. La primera de la m\u00e0 del subdirector general d&#8217;Urbanisme i Territori de la Generalitat, Emilio Argente, que ha parlat sobre la nova Llei del S\u00f2l de la Comunitat Valenciana, que busca un nou model d&#8217;urbanisme dirigit precisament a fer front a les emerg\u00e8ncies.<\/p>\n\n\n\n<p>Tot seguit, l&#8217;advocat Jos\u00e9 Manuel Palau ha abordat la futura Llei del S\u00f2l auton\u00f2mica des del punt de vista legal, explicant als representants dels ajuntaments els aspectes jur\u00eddics que hauran de tindre en compte en la planificaci\u00f3 urban\u00edstica dels seus municipis. La sessi\u00f3 ha concl\u00f2s amb un debat entre els tres ponents del dia.<\/p>\n\n\n\n<p>La jornada del dimecres comen\u00e7ar\u00e0 amb la confer\u00e8ncia \u2018Els plans d&#8217;acci\u00f3 territorial enfront del risc d&#8217;inundaci\u00f3\u2019, en la qual Fuensanta Art\u00e9s, cap del Servici de Gesti\u00f3 de Riscos en el Territori de la GVA, tractar\u00e0 la revisi\u00f3 del PATRICOVA i la inundabilitat en els Plans Municipals d&#8217;Emerg\u00e8ncia. A continuaci\u00f3, M\u00f3nica Alonso, de l&#8217;\u00e0rea de Carreteres de la Diputaci\u00f3, de la gesti\u00f3 resilient de les infraestructures enfront de les emerg\u00e8ncies; i l&#8217;advocat Francisco Blanc oferir\u00e0 la pon\u00e8ncia \u2018Les construccions sense pla: implantacions industrials, urbanitzacions i disseminats residencials\u2019.<\/p>\n\n\n\n<p>Finalment, se celebrar\u00e0 una taula debat entre t\u00e8cnics de diferents ajuntaments sobre aspectes com les urbanitzacions en s\u00f2l urb\u00e0, la gesti\u00f3 de les emerg\u00e8ncies en l&#8217;\u00e0mbit de les edificacions disseminades o la problem\u00e0tica dels pol\u00edgons industrials.<\/p>\n","protected":false},"excerpt":{"rendered":"<div class=\"mh-excerpt\">El president de la corporaci\u00f3, Vicent Momp\u00f3, inaugura el cicle formatiu \u2018L&#8217;ordenaci\u00f3 del territori i el nou model de ciutat\u2019, amb la pres\u00e8ncia de 200 assistents entre alcaldes, regidors i t\u00e8cnics municipals. Al llarg de <a class=\"mh-excerpt-more\" href=\"https:\/\/www.tucomarca.com\/wordpress\/segunda\/ca\/la-diputacio-ensenya-als-ajuntaments-com-ordenar-el-territori-per-a-previndre-futures-inundacions\/\" title=\"La Diputaci\u00f3 ensenya als ajuntaments com ordenar el territori per a previndre futures inundacions\">[+] <\/a><\/div>\n","protected":false},"author":12,"featured_media":295389,"comment_status":"closed","ping_status":"open","sticky":false,"template":"","format":"standard","meta":{"footnotes":""},"categories":[21466,10898,10948,10894,10904,10947,10896],"tags":[15409,11246,24017,24016,23699],"class_list":{"0":"post-295395","1":"post","2":"type-post","3":"status-publish","4":"format-standard","5":"has-post-thumbnail","7":"category-dana-ca","8":"category-ventana-ca","9":"category-infraestructuras-ca","10":"category-la-comarca-ca","11":"category-sin-categorizar-ca","12":"category-politica","13":"category-seccion-ca","14":"tag-dana-2-ca","15":"tag-diputacio-de-valencia-ca","16":"tag-divaldirectia-2","17":"tag-ordenacion-del-territorio","18":"tag-patricova-ca"},"_links":{"self":[{"href":"https:\/\/www.tucomarca.com\/wordpress\/segunda\/ca\/wp-json\/wp\/v2\/posts\/295395","targetHints":{"allow":["GET"]}}],"collection":[{"href":"https:\/\/www.tucomarca.com\/wordpress\/segunda\/ca\/wp-json\/wp\/v2\/posts"}],"about":[{"href":"https:\/\/www.tucomarca.com\/wordpress\/segunda\/ca\/wp-json\/wp\/v2\/types\/post"}],"author":[{"embeddable":true,"href":"https:\/\/www.tucomarca.com\/wordpress\/segunda\/ca\/wp-json\/wp\/v2\/users\/12"}],"replies":[{"embeddable":true,"href":"https:\/\/www.tucomarca.com\/wordpress\/segunda\/ca\/wp-json\/wp\/v2\/comments?post=295395"}],"version-history":[{"count":0,"href":"https:\/\/www.tucomarca.com\/wordpress\/segunda\/ca\/wp-json\/wp\/v2\/posts\/295395\/revisions"}],"wp:featuredmedia":[{"embeddable":true,"href":"https:\/\/www.tucomarca.com\/wordpress\/segunda\/ca\/wp-json\/wp\/v2\/media\/295389"}],"wp:attachment":[{"href":"https:\/\/www.tucomarca.com\/wordpress\/segunda\/ca\/wp-json\/wp\/v2\/media?parent=295395"}],"wp:term":[{"taxonomy":"category","embeddable":true,"href":"https:\/\/www.tucomarca.com\/wordpress\/segunda\/ca\/wp-json\/wp\/v2\/categories?post=295395"},{"taxonomy":"post_tag","embeddable":true,"href":"https:\/\/www.tucomarca.com\/wordpress\/segunda\/ca\/wp-json\/wp\/v2\/tags?post=295395"}],"curies":[{"name":"wp","href":"https:\/\/api.w.org\/{rel}","templated":true}]}}