{"id":295406,"date":"2026-03-10T10:45:00","date_gmt":"2026-03-10T09:45:00","guid":{"rendered":"https:\/\/www.tucomarca.com\/wordpress\/segunda\/?p=295406"},"modified":"2026-03-10T19:44:09","modified_gmt":"2026-03-10T18:44:09","slug":"la-mancomunitat-de-linterior-tierra-del-vino-rep-el-premi-territorio-y-poblacion-en-les-xvi-jornades-de-desenvolupament-local","status":"publish","type":"post","link":"https:\/\/www.tucomarca.com\/wordpress\/segunda\/ca\/la-mancomunitat-de-linterior-tierra-del-vino-rep-el-premi-territorio-y-poblacion-en-les-xvi-jornades-de-desenvolupament-local\/","title":{"rendered":"La Mancomunitat de l\u2019Interior Tierra del Vino rep el Premi \u201cTerritorio y Poblaci\u00f3n\u201d en les XVI Jornades de Desenvolupament Local"},"content":{"rendered":"\n<h3 class=\"wp-block-heading\">La Mancomunitat de l\u2019Interior Tierra del Vino ha sigut reconeguda amb el VII Premi \u201cTerritorio y Poblaci\u00f3n\u201d, un guard\u00f3 que posa en valor el treball realitzat a favor del desenvolupament del territori.<\/h3>\n\n\n\n<p>L\u2019entrega del premi va tindre lloc el passat 6 de mar\u00e7, en el marc de les XVI Jornades sobre Desarrollo Local de la Comunitat Valenciana, celebrades al Campus dels Tarongers de la Universitat de Val\u00e8ncia.<\/p>\n\n\n\n<p>El reconeixement va ser arreplegat pel president de la Mancomunitat, Luis Francisco L\u00f3pez, acompanyat per l\u2019Agent de Desenvolupament Local (ADL), Cruz L\u00f3pez. En l\u2019acte tamb\u00e9 van estar presents el vicepresident de la Mancomunitat, Galo Valle, aix\u00ed com una \u00e0mplia representaci\u00f3 de l\u2019equip t\u00e8cnic de l\u2019entitat.<\/p>\n\n\n\n<p>Les jornades, organitzades pel Grupo de Investigaci\u00f3n en Desarrollo Territorial (GRIDET) de la Universitat de Val\u00e8ncia i l\u2019Asociaci\u00f3n de Personal T\u00e9cnico en Gesti\u00f3n del Desarrollo Local de la Comunitat Valenciana (ADLYPSE), constitueixen un espai de refer\u00e8ncia per a l\u2019intercanvi d\u2019experi\u00e8ncies i l\u2019an\u00e0lisi de pol\u00edtiques p\u00fabliques vinculades al desenvolupament territorial.<\/p>\n\n\n\n<figure class=\"wp-block-image size-large\"><img loading=\"lazy\" decoding=\"async\" width=\"1024\" height=\"666\" src=\"https:\/\/www.tucomarca.com\/wordpress\/segunda\/wp-content\/uploads\/2026\/03\/MITVPremioLuisfran-1024x666.jpg\" alt=\"\" class=\"wp-image-295402\" srcset=\"https:\/\/www.tucomarca.com\/wordpress\/segunda\/wp-content\/uploads\/2026\/03\/MITVPremioLuisfran-1024x666.jpg 1024w, https:\/\/www.tucomarca.com\/wordpress\/segunda\/wp-content\/uploads\/2026\/03\/MITVPremioLuisfran-300x195.jpg 300w, https:\/\/www.tucomarca.com\/wordpress\/segunda\/wp-content\/uploads\/2026\/03\/MITVPremioLuisfran-768x499.jpg 768w, https:\/\/www.tucomarca.com\/wordpress\/segunda\/wp-content\/uploads\/2026\/03\/MITVPremioLuisfran.jpg 1181w\" sizes=\"auto, (max-width: 1024px) 100vw, 1024px\" \/><\/figure>\n\n\n\n<p>Durant la seua intervenci\u00f3, el president de la Mancomunitat va destacar el valor de la cooperaci\u00f3 entre municipis com a ferramenta clau per a impulsar el desenvolupament de les comarques d\u2019interior. En este sentit, va subratllar que la Mancomunitat treballa per a unir iniciatives i recursos amb una estrat\u00e8gia comuna, basada en la governan\u00e7a compartida, el treball en xarxa i la gesti\u00f3 responsable dels recursos disponibles per a generar ocupaci\u00f3, serveis i oportunitats al territori.<\/p>\n\n\n\n<p>Aix\u00ed mateix, va posar en valor el paper de les persones i del teixit social en el desenvolupament del territori, aix\u00ed com la tasca que s\u2019impulsa des de l\u2019Ag\u00e8ncia de Desenvolupament Comarcal, un dels pilars de l\u2019activitat de la Mancomunitat.<\/p>\n\n\n\n<p>Des de l\u2019entitat s\u2019ha agra\u00eft este reconeixement, que s\u2019ent\u00e9n com un assoliment col\u00b7lectiu del territori. Un premi que reconeix el treball conjunt dels nou ajuntaments que integren la Mancomunitat, el personal t\u00e8cnic, les entitats socials, les empreses i totes les persones que contribu\u00efxen cada dia al desenvolupament i dinamitzaci\u00f3 de la comarca.<\/p>\n\n\n\n<p><\/p>\n","protected":false},"excerpt":{"rendered":"<div class=\"mh-excerpt\">La Mancomunitat de l\u2019Interior Tierra del Vino ha sigut reconeguda amb el VII Premi \u201cTerritorio y Poblaci\u00f3n\u201d, un guard\u00f3 que posa en valor el treball realitzat a favor del desenvolupament del territori. L\u2019entrega del premi <a class=\"mh-excerpt-more\" href=\"https:\/\/www.tucomarca.com\/wordpress\/segunda\/ca\/la-mancomunitat-de-linterior-tierra-del-vino-rep-el-premi-territorio-y-poblacion-en-les-xvi-jornades-de-desenvolupament-local\/\" title=\"La Mancomunitat de l\u2019Interior Tierra del Vino rep el Premi \u201cTerritorio y Poblaci\u00f3n\u201d en les XVI Jornades de Desenvolupament Local\">[+] <\/a><\/div>\n","protected":false},"author":12,"featured_media":295401,"comment_status":"closed","ping_status":"open","sticky":false,"template":"","format":"standard","meta":{"footnotes":""},"categories":[11006,10898,128,10948,8,10894,142,10947,27,10909,10896,3,29,11059],"tags":[12387,10910,24020],"class_list":{"0":"post-295406","1":"post","2":"type-post","3":"status-publish","4":"format-standard","5":"has-post-thumbnail","7":"category-canal-vinos","8":"category-ventana-ca","9":"category-infraestructuras","10":"category-infraestructuras-ca","11":"category-la-comarca","12":"category-la-comarca-ca","13":"category-politica-la-comarca","14":"category-politica","15":"category-requena-utiel","16":"category-requena-utiel-ca","17":"category-seccion-ca","18":"category-seccion","19":"category-utiel","20":"category-utiel-ca","21":"tag-mancomunidad-del-interior-tierra-del-vino-ca","22":"tag-requena-utiel-ca","23":"tag-xvi-jornadas-de-desarrollo-local"},"_links":{"self":[{"href":"https:\/\/www.tucomarca.com\/wordpress\/segunda\/ca\/wp-json\/wp\/v2\/posts\/295406","targetHints":{"allow":["GET"]}}],"collection":[{"href":"https:\/\/www.tucomarca.com\/wordpress\/segunda\/ca\/wp-json\/wp\/v2\/posts"}],"about":[{"href":"https:\/\/www.tucomarca.com\/wordpress\/segunda\/ca\/wp-json\/wp\/v2\/types\/post"}],"author":[{"embeddable":true,"href":"https:\/\/www.tucomarca.com\/wordpress\/segunda\/ca\/wp-json\/wp\/v2\/users\/12"}],"replies":[{"embeddable":true,"href":"https:\/\/www.tucomarca.com\/wordpress\/segunda\/ca\/wp-json\/wp\/v2\/comments?post=295406"}],"version-history":[{"count":0,"href":"https:\/\/www.tucomarca.com\/wordpress\/segunda\/ca\/wp-json\/wp\/v2\/posts\/295406\/revisions"}],"wp:featuredmedia":[{"embeddable":true,"href":"https:\/\/www.tucomarca.com\/wordpress\/segunda\/ca\/wp-json\/wp\/v2\/media\/295401"}],"wp:attachment":[{"href":"https:\/\/www.tucomarca.com\/wordpress\/segunda\/ca\/wp-json\/wp\/v2\/media?parent=295406"}],"wp:term":[{"taxonomy":"category","embeddable":true,"href":"https:\/\/www.tucomarca.com\/wordpress\/segunda\/ca\/wp-json\/wp\/v2\/categories?post=295406"},{"taxonomy":"post_tag","embeddable":true,"href":"https:\/\/www.tucomarca.com\/wordpress\/segunda\/ca\/wp-json\/wp\/v2\/tags?post=295406"}],"curies":[{"name":"wp","href":"https:\/\/api.w.org\/{rel}","templated":true}]}}