{"id":295441,"date":"2026-03-10T11:15:00","date_gmt":"2026-03-10T10:15:00","guid":{"rendered":"https:\/\/www.tucomarca.com\/wordpress\/segunda\/?p=295441"},"modified":"2026-03-10T20:09:31","modified_gmt":"2026-03-10T19:09:31","slug":"s-a-r-la-infanta-da-elena-de-borbon-visita-utiel-i-mostra-el-seu-suport-a-les-zones-rurals-durant-la-clausura-del-forum-desafios-y-oportunidades-de-la-espana-rural-comunidad-valenciana-de-fundac","status":"publish","type":"post","link":"https:\/\/www.tucomarca.com\/wordpress\/segunda\/ca\/s-a-r-la-infanta-da-elena-de-borbon-visita-utiel-i-mostra-el-seu-suport-a-les-zones-rurals-durant-la-clausura-del-forum-desafios-y-oportunidades-de-la-espana-rural-comunidad-valenciana-de-fundac\/","title":{"rendered":"S.A.R. la Infanta D\u00aa Elena de Borb\u00f3n visita Utiel i mostra el seu suport a les zones rurals durant la clausura del F\u00f2rum &#8216;Desaf\u00edos y oportunidades de la Espa\u00f1a rural: Comunidad Valenciana&#8217; de Fundaci\u00f3n Mapfre"},"content":{"rendered":"\n<h3 class=\"wp-block-heading\">L\u2019alcalde d\u2019Utiel, <strong>Ricardo Gabald\u00f3n<\/strong>, ha sigut l\u2019encarregat d\u2019obrir la jornada apel\u00b7lant a la coordinaci\u00f3 entre administracions, associacions i entitats del medi rural per a avan\u00e7ar en la millora dels serveis i evitar la despoblaci\u00f3.<\/h3>\n\n\n\n<h3 class=\"wp-block-heading\">La vicepresidenta de la Generalitat, <strong>Susana Camarero<\/strong>, ha clausurat l\u2019acte i ha remarcat que \u201cel m\u00f3n rural t\u00e9 futur, i eixe futur passa, necess\u00e0riament, per l\u2019impuls del talent, l\u2019emprenedoria i el lideratge de les dones rurals\u201d.<\/h3>\n\n\n\n<h3 class=\"wp-block-heading\">El debat s\u2019ha centrat en impulsar el desenvolupament de solucions innovadores i adaptades al medi en dos eixos principals: <strong>Dona Rural i emprenedoria<\/strong>, i la <strong>millora de la qualitat de vida a trav\u00e9s de l\u2019esport<\/strong>.<\/h3>\n\n\n\n<h3 class=\"wp-block-heading\">La iniciativa est\u00e0 dirigida a entitats del tercer sector, de l\u2019economia social i sanit\u00e0ria, aix\u00ed com a l\u2019\u00e0mbit emprenedor, tots ells amb capacitat per a desenvolupar projectes que milloren la qualitat de vida en l\u2019\u00e0mbit rural i l\u2019acc\u00e9s a serveis sociosanitaris i cures de llarga duraci\u00f3.<\/h3>\n\n\n\n<p>Evitar l\u2019\u00e8xode dels m\u00e9s joves cap a zones urbanes i atraure\u2019n altres \u00e9s un dels grans reptes als quals s\u2019enfronta actualment el m\u00f3n rural de la <strong>Comunitat Valenciana<\/strong>. Per a aconseguir-ho, resulta fonamental millorar l\u2019acc\u00e9s a serveis sociosanitaris i de cures de llarga duraci\u00f3, aix\u00ed com oferir ferramentes de recerca d\u2019ocupaci\u00f3 i de formaci\u00f3 per part dels diferents agents implicats, a m\u00e9s de potenciar l\u2019ocupaci\u00f3 i l\u2019emprenedoria en la zona.<\/p>\n\n\n\n<p>Estes s\u00f3n algunes de les conclusions del <strong>F\u00f2rum \u2018Desaf\u00edos y oportunidades de la Espa\u00f1a rural: Comunidad Valenciana\u2019<\/strong>, organitzat hui a Utiel per <strong>Fundaci\u00f3n Mapfre<\/strong> en col\u00b7laboraci\u00f3 amb l\u2019<strong>Ajuntament d\u2019Utiel<\/strong>. Amb l\u2019objectiu d\u2019analitzar les claus que impulsaran el desenvolupament de l\u2019entorn rural, la trobada ha abordat dos eixos fonamentals: d\u2019una banda, la millora de la qualitat de vida a trav\u00e9s de l\u2019esport i, d\u2019altra, la dona rural i l\u2019emprenedoria.<\/p>\n\n\n<div class=\"wp-block-image\">\n<figure class=\"alignleft size-large is-resized\"><img loading=\"lazy\" decoding=\"async\" width=\"683\" height=\"1024\" src=\"https:\/\/www.tucomarca.com\/wordpress\/segunda\/wp-content\/uploads\/2026\/03\/UtielInfantaElena1-683x1024.jpg\" alt=\"\" class=\"wp-image-295424\" style=\"width:383px;height:auto\" srcset=\"https:\/\/www.tucomarca.com\/wordpress\/segunda\/wp-content\/uploads\/2026\/03\/UtielInfantaElena1-683x1024.jpg 683w, https:\/\/www.tucomarca.com\/wordpress\/segunda\/wp-content\/uploads\/2026\/03\/UtielInfantaElena1-200x300.jpg 200w, https:\/\/www.tucomarca.com\/wordpress\/segunda\/wp-content\/uploads\/2026\/03\/UtielInfantaElena1-768x1152.jpg 768w, https:\/\/www.tucomarca.com\/wordpress\/segunda\/wp-content\/uploads\/2026\/03\/UtielInfantaElena1.jpg 886w\" sizes=\"auto, (max-width: 683px) 100vw, 683px\" \/><\/figure>\n<\/div>\n\n\n<p>L\u2019alcalde d\u2019Utiel, <strong>Ricardo Gabald\u00f3n<\/strong>, ha sigut l\u2019encarregat d\u2019obrir el f\u00f2rum i ha destacat que \u201c\u00e9s vital la participaci\u00f3 i implicaci\u00f3 en esta jornada tant d\u2019administracions com d\u2019associacions i entitats vinculades al medi rural per a avan\u00e7ar en la recerca de noves oportunitats de desenvolupament. \u00c9s un repte que els responsables de les administracions hem de plantejar-nos perqu\u00e8 tots els ciutadans, independentment d\u2019on residisquen, compten amb serveis i infraestructures de qualitat. Una situaci\u00f3 que especialment en l\u2019\u00e0mbit rural ha de millorar i adaptar-se a l\u2019entorn\u201d.<\/p>\n\n\n\n<p>Aix\u00ed mateix, el f\u00f2rum ha comptat amb la pres\u00e8ncia de <strong>Ricardo Garz\u00f3 Montagud<\/strong>, representant de <strong>Fundaci\u00f3n Mapfre<\/strong> a la Comunitat Valenciana, qui va destacar que \u201ca la Comunitat Valenciana, on el 85% del territori \u00e9s rural i un 30% dels seus municipis pateixen risc de despoblaci\u00f3, actuar amb determinaci\u00f3 no \u00e9s una opci\u00f3, sin\u00f3 un deure. Des de Fundaci\u00f3n Mapfre mantenim un comprom\u00eds ferm amb estos entorns, impulsant solucions que generen ocupaci\u00f3 de qualitat i asseguren que viure en un poble no signifique tindre menys drets o pitjor qualitat de vida. Hem d\u2019afrontar les causes que alimenten l\u2019\u00e8xode rural: la falta d\u2019oportunitats laborals per a les dones i la manca de serveis per als col\u00b7lectius vulnerables\u201d.<\/p>\n\n\n\n<p>En esta mateixa l\u00ednia, <strong>M\u00aa Dolores Moya Serrano<\/strong>, directora de Fons Socials de <strong>Fundaci\u00f3n Mapfre<\/strong>, ha assenyalat que \u201camb el F\u00f2rum de Desafiaments i Oportunitats de l\u2019Entorn Rural a la Comunitat Valenciana reafirmem el comprom\u00eds de Fundaci\u00f3n Mapfre amb el desenvolupament local. Gr\u00e0cies a programes com <strong>Accedemos<\/strong> i la convocat\u00f2ria <strong>+Rural<\/strong>, impulsem oportunitats reals i suport directe als col\u00b7lectius m\u00e9s vulnerables, especialment en municipis afectats per la <strong>DANA<\/strong>. El nostre objectiu \u00e9s consolidar aliances publicoprivades que, junt amb el tercer sector, permeten transformar la realitat rural mitjan\u00e7ant l\u2019emprenedoria femenina, l\u2019activitat f\u00edsica i l\u2019acc\u00e9s equitatiu a serveis essencials\u201d.<\/p>\n\n\n\n<p>L\u2019acte ha sigut clausurat per <strong>S.A.R. la Infanta D\u00aa Elena de Borb\u00f3n<\/strong>, directora de projectes de <strong>Fundaci\u00f3n Mapfre<\/strong>, i <strong>Susana Camarero Ben\u00edtez<\/strong>, vicepresidenta primera de la <strong>Generalitat Valenciana<\/strong> i consellera d\u2019Habitatge, Ocupaci\u00f3, Joventut i Igualtat, qui durant la seua intervenci\u00f3 ha subratllat que \u201cel m\u00f3n rural t\u00e9 futur\u201d, i que eixe futur \u201cpassa, necess\u00e0riament, per l\u2019impuls del talent, l\u2019emprenedoria i el lideratge de les dones rurals\u201d. Aix\u00ed, ha apostat per \u201ccontinuar generant oportunitats d\u2019ocupaci\u00f3 garantint la igualtat d\u2019oportunitats amb una doble mirada: territorial i de g\u00e8nere\u201d, i ha posat en valor iniciatives impulsades pel <strong>Consell<\/strong>, com el <strong>Programa Dona Rural i Urbana<\/strong>, que compta amb una inversi\u00f3 de 4,5 milions d\u2019euros i ha at\u00e9s 1.780 dones, oferint-los orientaci\u00f3 laboral personalitzada, formaci\u00f3 en compet\u00e8ncies digitals i verdes i acompanyament en la recerca d\u2019ocupaci\u00f3.<\/p>\n\n\n\n<p>Per la seua part, la directora de projectes de <strong>Fundaci\u00f3n Mapfre<\/strong>, <strong>S.A.R. la Infanta D\u00aa Elena de Borb\u00f3n<\/strong>, ha destacat que \u201ca trav\u00e9s d\u2019este f\u00f2rum, la Fundaci\u00f3 ha volgut estar present en esta comunitat tan castigada per les cat\u00e0strofes naturals, donant visibilitat a estes q\u00fcestions i intercanviant idees i iniciatives per a abordar el futur des de noves perspectives que inspiren les entitats socials que, amb el seu valu\u00f3s treball, contribueixen a una millor qualitat de vida en l\u2019\u00e0mbit rural\u201d.<\/p>\n\n\n\n<figure class=\"wp-block-image size-large\"><img loading=\"lazy\" decoding=\"async\" width=\"1024\" height=\"682\" src=\"https:\/\/www.tucomarca.com\/wordpress\/segunda\/wp-content\/uploads\/2026\/03\/UtielInfantaElena2-1024x682.jpg\" alt=\"\" class=\"wp-image-295426\" srcset=\"https:\/\/www.tucomarca.com\/wordpress\/segunda\/wp-content\/uploads\/2026\/03\/UtielInfantaElena2-1024x682.jpg 1024w, https:\/\/www.tucomarca.com\/wordpress\/segunda\/wp-content\/uploads\/2026\/03\/UtielInfantaElena2-300x200.jpg 300w, https:\/\/www.tucomarca.com\/wordpress\/segunda\/wp-content\/uploads\/2026\/03\/UtielInfantaElena2-768x512.jpg 768w, https:\/\/www.tucomarca.com\/wordpress\/segunda\/wp-content\/uploads\/2026\/03\/UtielInfantaElena2.jpg 1181w\" sizes=\"auto, (max-width: 1024px) 100vw, 1024px\" \/><\/figure>\n\n\n\n<h3 class=\"wp-block-heading\">TAULA REDONA: Millora de la qualitat de vida de col\u00b7lectius vulnerables a trav\u00e9s de l\u2019esport<\/h3>\n\n\n\n<p>En la trobada s\u2019han celebrat dues taules redones en les quals han participat representants de l\u2019entorn rural, l\u2019Administraci\u00f3 auton\u00f2mica, el sector privat, el tercer sector i els col\u00b7lectius que treballen amb les persones que hi viuen.<\/p>\n\n\n\n<p>La primera d\u2019elles ha girat entorn de la millora de la qualitat de vida de col\u00b7lectius vulnerables a trav\u00e9s de l\u2019esport. Durant la seua intervenci\u00f3, <strong>Carlos Momparler Mart\u00ednez<\/strong>, director general d\u2019Atenci\u00f3 Prim\u00e0ria de la <strong>Generalitat Valenciana<\/strong>, ha destacat que \u201cla Generalitat Valenciana garanteix l\u2019assist\u00e8ncia sanit\u00e0ria en municipis amb risc de despoblaci\u00f3 mitjan\u00e7ant el refor\u00e7 de places de dif\u00edcil cobertura, agrupacions sanit\u00e0ries i subvencions de fins al 100% per a infraestructures municipals. Esta estrat\u00e8gia adapta els consultoris i els sistemes de citaci\u00f3 a la realitat demogr\u00e0fica, promovent l\u2019equitat en salut rural\u201d.<\/p>\n\n\n\n<p><strong>Jos\u00e9 Luis Herreros Sanz<\/strong>, president del <strong>Colegio Oficial de licenciados en Educaci\u00f3n F\u00edsica Comunitat Valenciana<\/strong>, ha ressaltat \u201cla import\u00e0ncia de refor\u00e7ar l\u2019equitat territorial i la salut p\u00fablica mitjan\u00e7ant la millora d\u2019infraestructures en zones despoblades i la integraci\u00f3 de l\u2019exercici f\u00edsic. A trav\u00e9s de la coordinaci\u00f3 institucional i del programa <strong>En Moviment<\/strong> de la Generalitat, es garanteix una assist\u00e8ncia sanit\u00e0ria pr\u00f2xima que vincula centres de salut amb especialistes esportius per a millorar la qualitat de vida\u201d.<\/p>\n\n\n\n<p>Per la seua banda, <strong>Marian Ferr\u00fas P\u00e9rez<\/strong>, presidenta de <strong>Plena Inclusi\u00f3n Comunitat Valenciana<\/strong>, ha afirmat que \u201cla pr\u00e0ctica de l\u2019esport \u00e9s un dret de totes les persones, no un luxe. En les persones amb discapacitat \u00e9s especialment benefici\u00f3s i est\u00e0 demostrat que millora significativament el seu benestar f\u00edsic i emocional, augmenta la seua autonomia i influeix decisivament en la seua inclusi\u00f3. A m\u00e9s, sensibilitza tota la ciutadania i visibilitza les capacitats de les persones amb discapacitat. En Plena Inclusi\u00f3n treballem per eliminar barreres i promoure l\u2019esport inclusiu en l\u2019entorn rural des de l\u2019enfocament de la participaci\u00f3 de cada persona amb discapacitat en les activitats de la comunitat on viu\u201d.<\/p>\n\n\n\n<h3 class=\"wp-block-heading\">TAULA REDONA: Dona Rural i Emprenedoria<\/h3>\n\n\n\n<p>La segona taula de debat, titulada <strong>Inclusi\u00f3 sociolaboral en l\u2019\u00e0mbit rural. Nous jaciments i oportunitats laborals<\/strong>, ha posat el focus en la dona rural i l\u2019emprenedoria.<\/p>\n\n\n\n<p>Durant la seua intervenci\u00f3, <strong>Asunci\u00f3n Quinz\u00e1 Alegre<\/strong>, secret\u00e0ria auton\u00f2mica d\u2019Igualtat i Diversitat de la <strong>Generalitat Valenciana<\/strong>, ha posat de manifest que \u201cen estes jornades reforcem el nostre comprom\u00eds amb l\u2019impuls de l\u2019emprenedoria femenina i la millora de la qualitat de vida de les dones en el medi rural mitjan\u00e7ant programes de formaci\u00f3, ajudes a l\u2019associacionisme i pol\u00edtiques de conciliaci\u00f3. A trav\u00e9s d\u2019iniciatives com el programa formatiu en col\u00b7laboraci\u00f3 amb <strong>AFAMMER<\/strong>, el <strong>Pla Corresponsables<\/strong> o el desenvolupament del <strong>I Pla de Promoci\u00f3 de les Dones Rurals de la Comunitat Valenciana 2023-2026<\/strong>, la Generalitat avan\u00e7a en el reconeixement, la visibilitzaci\u00f3 i l\u2019enfortiment de les dones rurals, promovent la seua participaci\u00f3 en els sectors econ\u00f2mics i garantint la igualtat d\u2019oportunitats al territori\u201d.<\/p>\n\n\n\n<p><strong>Amparo Mora Cartell\u00e1<\/strong>, presidenta d\u2019<strong>AFAMMER<\/strong> a la Comunitat Valenciana, ha posat en valor el paper de les associacions de dones rurals com a espais clau per a generar oportunitats, formaci\u00f3 i xarxes de suport als pobles. \u201cDes de l\u2019experi\u00e8ncia directa de treball amb dones i fam\u00edlies del medi rural, <strong>AFAMMER<\/strong> ha impulsat en els \u00faltims anys nombroses accions formatives que han perm\u00e9s formar prop de <strong>6.000 dones<\/strong> a la Comunitat Valenciana en \u00e0mbits com l\u2019emprenedoria, la digitalitzaci\u00f3 o les habilitats sociolaborals, a m\u00e9s de promoure iniciatives com el projecte <strong>Com-partim<\/strong>, orientat a afavorir la conciliaci\u00f3 i la corresponsabilitat. El talent de les dones rurals est\u00e0 ah\u00ed; el nostre treball \u00e9s ajudar que tinga oportunitats. Perqu\u00e8 quan una dona rural t\u00e9 oportunitats, tot el poble avan\u00e7a\u201d, ha assenyalat.<\/p>\n\n\n\n<p>Per la seua part, <strong>M\u00aa Dolores Ferrando L\u00f3pez<\/strong>, fundadora d\u2019<strong>Oli Oli<\/strong>, ha remarcat que \u201cl\u2019emprenedoria no t\u00e9 edat; \u00e9s necess\u00e0ria molta motivaci\u00f3 i formaci\u00f3 continuada, resili\u00e8ncia, el suport familiar i envoltar-se d\u2019un bon equip que senta el projecte com a propi. Tamb\u00e9 \u00e9s important instar les institucions perqu\u00e8 faciliten els serveis b\u00e0sics en l\u2019entorn rural \u2014sanitat, transport, bon acc\u00e9s a internet\u2014 i crear sinergies, perqu\u00e8 <strong>no estem sols<\/strong>\u201d.<\/p>\n\n\n\n<p>La trobada ha generat sinergies entre representants d\u2019administracions p\u00fabliques, entitats privades i associacions del sector, i s\u2019ha convertit en un espai de debat i an\u00e0lisi dels actuals reptes i oportunitats que afronta el medi rural des de la perspectiva de la dona rural, l\u2019emprenedoria i la millora de la qualitat de vida a trav\u00e9s de l\u2019esport.<\/p>\n\n\n\n<p><\/p>\n","protected":false},"excerpt":{"rendered":"<div class=\"mh-excerpt\">L\u2019alcalde d\u2019Utiel, Ricardo Gabald\u00f3n, ha sigut l\u2019encarregat d\u2019obrir la jornada apel\u00b7lant a la coordinaci\u00f3 entre administracions, associacions i entitats del medi rural per a avan\u00e7ar en la millora dels serveis i evitar la despoblaci\u00f3. La <a class=\"mh-excerpt-more\" href=\"https:\/\/www.tucomarca.com\/wordpress\/segunda\/ca\/s-a-r-la-infanta-da-elena-de-borbon-visita-utiel-i-mostra-el-seu-suport-a-les-zones-rurals-durant-la-clausura-del-forum-desafios-y-oportunidades-de-la-espana-rural-comunidad-valenciana-de-fundac\/\" title=\"S.A.R. la Infanta D\u00aa Elena de Borb\u00f3n visita Utiel i mostra el seu suport a les zones rurals durant la clausura del F\u00f2rum &#8216;Desaf\u00edos y oportunidades de la Espa\u00f1a rural: Comunidad Valenciana&#8217; de Fundaci\u00f3n Mapfre\">[+] <\/a><\/div>\n","protected":false},"author":12,"featured_media":295429,"comment_status":"closed","ping_status":"open","sticky":false,"template":"","format":"standard","meta":{"footnotes":""},"categories":[10898,10948,10894,10904,10947,10909,10896,11059],"tags":[24023,24024,10910,11174],"class_list":{"0":"post-295441","1":"post","2":"type-post","3":"status-publish","4":"format-standard","5":"has-post-thumbnail","7":"category-ventana-ca","8":"category-infraestructuras-ca","9":"category-la-comarca-ca","10":"category-sin-categorizar-ca","11":"category-politica","12":"category-requena-utiel-ca","13":"category-seccion-ca","14":"category-utiel-ca","15":"tag-espana-rural","16":"tag-fundacion-mapfre","17":"tag-requena-utiel-ca","18":"tag-utiel-ca"},"_links":{"self":[{"href":"https:\/\/www.tucomarca.com\/wordpress\/segunda\/ca\/wp-json\/wp\/v2\/posts\/295441","targetHints":{"allow":["GET"]}}],"collection":[{"href":"https:\/\/www.tucomarca.com\/wordpress\/segunda\/ca\/wp-json\/wp\/v2\/posts"}],"about":[{"href":"https:\/\/www.tucomarca.com\/wordpress\/segunda\/ca\/wp-json\/wp\/v2\/types\/post"}],"author":[{"embeddable":true,"href":"https:\/\/www.tucomarca.com\/wordpress\/segunda\/ca\/wp-json\/wp\/v2\/users\/12"}],"replies":[{"embeddable":true,"href":"https:\/\/www.tucomarca.com\/wordpress\/segunda\/ca\/wp-json\/wp\/v2\/comments?post=295441"}],"version-history":[{"count":0,"href":"https:\/\/www.tucomarca.com\/wordpress\/segunda\/ca\/wp-json\/wp\/v2\/posts\/295441\/revisions"}],"wp:featuredmedia":[{"embeddable":true,"href":"https:\/\/www.tucomarca.com\/wordpress\/segunda\/ca\/wp-json\/wp\/v2\/media\/295429"}],"wp:attachment":[{"href":"https:\/\/www.tucomarca.com\/wordpress\/segunda\/ca\/wp-json\/wp\/v2\/media?parent=295441"}],"wp:term":[{"taxonomy":"category","embeddable":true,"href":"https:\/\/www.tucomarca.com\/wordpress\/segunda\/ca\/wp-json\/wp\/v2\/categories?post=295441"},{"taxonomy":"post_tag","embeddable":true,"href":"https:\/\/www.tucomarca.com\/wordpress\/segunda\/ca\/wp-json\/wp\/v2\/tags?post=295441"}],"curies":[{"name":"wp","href":"https:\/\/api.w.org\/{rel}","templated":true}]}}