{"id":295472,"date":"2026-03-11T09:45:00","date_gmt":"2026-03-11T08:45:00","guid":{"rendered":"https:\/\/www.tucomarca.com\/wordpress\/segunda\/?p=295472"},"modified":"2026-03-11T20:38:01","modified_gmt":"2026-03-11T19:38:01","slug":"el-music-de-bunyol-jose-luis-ramon-criado-brilla-com-a-solista-amb-la-banda-simfonica-municipal-de-valencia","status":"publish","type":"post","link":"https:\/\/www.tucomarca.com\/wordpress\/segunda\/ca\/el-music-de-bunyol-jose-luis-ramon-criado-brilla-com-a-solista-amb-la-banda-simfonica-municipal-de-valencia\/","title":{"rendered":"El m\u00fasic de Bunyol Jos\u00e9 Luis Ram\u00f3n Criado brilla com a solista amb la Banda Simf\u00f2nica Municipal de Val\u00e8ncia"},"content":{"rendered":"\n<p>El m\u00fasic de Bunyol <strong>Jos\u00e9 Luis Ram\u00f3n Criado<\/strong>, professor de la Banda Simf\u00f2nica Municipal de Val\u00e8ncia, va protagonitzar una destacada actuaci\u00f3 com a solista en el concert <strong>\u201cEn clave femenina\u201d<\/strong>, dirigit per la directora convidada <strong>Clara Ziegelbauer<\/strong>.<\/p>\n\n\n\n<p>Durant el recital, Ram\u00f3n Criado va interpretar el <strong>Concert per a bombard\u00ed de Martin Ellerby<\/strong>, una obra que va captivar el p\u00fablic assistent i que va permetre descobrir la riquesa sonora i expressiva d\u2019este instrument, que en moltes ocasions passa desapercebut dins de la formaci\u00f3 band\u00edstica.<\/p>\n\n\n\n<figure class=\"wp-block-gallery has-nested-images columns-default is-cropped wp-block-gallery-1 is-layout-flex wp-block-gallery-is-layout-flex\">\n<figure class=\"wp-block-image size-large\"><img loading=\"lazy\" decoding=\"async\" width=\"1024\" height=\"768\" data-id=\"295464\" src=\"https:\/\/www.tucomarca.com\/wordpress\/segunda\/wp-content\/uploads\/2026\/03\/JoseBandaMunicipal1-1024x768.jpg\" alt=\"\" class=\"wp-image-295464\" srcset=\"https:\/\/www.tucomarca.com\/wordpress\/segunda\/wp-content\/uploads\/2026\/03\/JoseBandaMunicipal1-1024x768.jpg 1024w, https:\/\/www.tucomarca.com\/wordpress\/segunda\/wp-content\/uploads\/2026\/03\/JoseBandaMunicipal1-300x225.jpg 300w, https:\/\/www.tucomarca.com\/wordpress\/segunda\/wp-content\/uploads\/2026\/03\/JoseBandaMunicipal1-768x576.jpg 768w, https:\/\/www.tucomarca.com\/wordpress\/segunda\/wp-content\/uploads\/2026\/03\/JoseBandaMunicipal1-678x509.jpg 678w, https:\/\/www.tucomarca.com\/wordpress\/segunda\/wp-content\/uploads\/2026\/03\/JoseBandaMunicipal1-326x245.jpg 326w, https:\/\/www.tucomarca.com\/wordpress\/segunda\/wp-content\/uploads\/2026\/03\/JoseBandaMunicipal1-80x60.jpg 80w, https:\/\/www.tucomarca.com\/wordpress\/segunda\/wp-content\/uploads\/2026\/03\/JoseBandaMunicipal1.jpg 1181w\" sizes=\"auto, (max-width: 1024px) 100vw, 1024px\" \/><\/figure>\n\n\n\n<figure class=\"wp-block-image size-large\"><img loading=\"lazy\" decoding=\"async\" width=\"1024\" height=\"768\" data-id=\"295466\" src=\"https:\/\/www.tucomarca.com\/wordpress\/segunda\/wp-content\/uploads\/2026\/03\/JoseBandaMunicipal2-1024x768.jpg\" alt=\"\" class=\"wp-image-295466\" srcset=\"https:\/\/www.tucomarca.com\/wordpress\/segunda\/wp-content\/uploads\/2026\/03\/JoseBandaMunicipal2-1024x768.jpg 1024w, https:\/\/www.tucomarca.com\/wordpress\/segunda\/wp-content\/uploads\/2026\/03\/JoseBandaMunicipal2-300x225.jpg 300w, https:\/\/www.tucomarca.com\/wordpress\/segunda\/wp-content\/uploads\/2026\/03\/JoseBandaMunicipal2-768x576.jpg 768w, https:\/\/www.tucomarca.com\/wordpress\/segunda\/wp-content\/uploads\/2026\/03\/JoseBandaMunicipal2-678x509.jpg 678w, https:\/\/www.tucomarca.com\/wordpress\/segunda\/wp-content\/uploads\/2026\/03\/JoseBandaMunicipal2-326x245.jpg 326w, https:\/\/www.tucomarca.com\/wordpress\/segunda\/wp-content\/uploads\/2026\/03\/JoseBandaMunicipal2-80x60.jpg 80w, https:\/\/www.tucomarca.com\/wordpress\/segunda\/wp-content\/uploads\/2026\/03\/JoseBandaMunicipal2.jpg 1181w\" sizes=\"auto, (max-width: 1024px) 100vw, 1024px\" \/><\/figure>\n<\/figure>\n\n\n\n<p>El m\u00fasic, que forma part de la <strong>Banda Simf\u00f2nica de la Societat Musical \u201cLa Art\u00edstica\u201d de Bunyol<\/strong> i de la seua <strong>Big Band<\/strong>, va tornar a demostrar el seu talent i mestria damunt de l\u2019escenari, convertint-se en un dels protagonistes de la jornada. La seua actuaci\u00f3 va ser rebuda amb entusiasme pel p\u00fablic, que va gaudir d\u2019una interpretaci\u00f3 plena de sensibilitat i virtuosisme.<\/p>\n\n\n\n<p>El programa del concert va incloure a m\u00e9s dos estrenes per a la Banda Simf\u00f2nica Municipal de Val\u00e8ncia. D\u2019una banda, la <em>Symphonie pour orchestre d\u2019harmonie<\/em> de <strong>Ida Gotkovsky<\/strong>, considerada una de les figures clau en la literatura per a orquestra de vent del segle XX. D\u2019altra, el citat <strong>Concert per a bombard\u00ed de Martin Ellerby<\/strong>, interpretat per Jos\u00e9 Luis Ram\u00f3n com a solista.<\/p>\n\n\n\n<p>El mat\u00ed musical es va completar amb altres destacades peces del repertori band\u00edstic, com la <em>Fanfare pour pr\u00e9c\u00e9der La P\u00e9ri<\/em> de <strong>Paul Dukas<\/strong>, el pasdoble <em>Churumbeler\u00edas<\/em> d\u2019<strong>Emilio Cebri\u00e1n<\/strong> i el c\u00e8lebre <em>Bol\u00e9ro<\/em> de <strong>Maurice Ravel<\/strong>, tancant aix\u00ed un concert brillant i emocionant que va posar en valor tant la qualitat de la Banda Simf\u00f2nica Municipal com el talent del m\u00fasic de Bunyol. Informa, <strong>P. Ferrer<\/strong>.<\/p>\n","protected":false},"excerpt":{"rendered":"<div class=\"mh-excerpt\">El m\u00fasic de Bunyol Jos\u00e9 Luis Ram\u00f3n Criado, professor de la Banda Simf\u00f2nica Municipal de Val\u00e8ncia, va protagonitzar una destacada actuaci\u00f3 com a solista en el concert \u201cEn clave femenina\u201d, dirigit per la directora convidada <a class=\"mh-excerpt-more\" href=\"https:\/\/www.tucomarca.com\/wordpress\/segunda\/ca\/el-music-de-bunyol-jose-luis-ramon-criado-brilla-com-a-solista-amb-la-banda-simfonica-municipal-de-valencia\/\" title=\"El m\u00fasic de Bunyol Jos\u00e9 Luis Ram\u00f3n Criado brilla com a solista amb la Banda Simf\u00f2nica Municipal de Val\u00e8ncia\">[+] <\/a><\/div>\n","protected":false},"author":12,"featured_media":295469,"comment_status":"closed","ping_status":"open","sticky":false,"template":"","format":"gallery","meta":{"footnotes":""},"categories":[10911,11005,10894,10912,11007,10896],"tags":[21248,10913,24028,10914],"class_list":{"0":"post-295472","1":"post","2":"type-post","3":"status-publish","4":"format-gallery","5":"has-post-thumbnail","7":"category-bunol-ca","8":"category-canal-musica","9":"category-la-comarca-ca","10":"category-la-hoya-ca","11":"category-ocio-y-cultura-ca","12":"category-seccion-ca","13":"tag-banda-sinfonica-municipal-de-valencia-ca","14":"tag-bunol-ca","15":"tag-jose-luis-ramon-criado","16":"tag-la-hoya-de-bunol-chiva-ca","17":"post_format-post-format-gallery"},"_links":{"self":[{"href":"https:\/\/www.tucomarca.com\/wordpress\/segunda\/ca\/wp-json\/wp\/v2\/posts\/295472","targetHints":{"allow":["GET"]}}],"collection":[{"href":"https:\/\/www.tucomarca.com\/wordpress\/segunda\/ca\/wp-json\/wp\/v2\/posts"}],"about":[{"href":"https:\/\/www.tucomarca.com\/wordpress\/segunda\/ca\/wp-json\/wp\/v2\/types\/post"}],"author":[{"embeddable":true,"href":"https:\/\/www.tucomarca.com\/wordpress\/segunda\/ca\/wp-json\/wp\/v2\/users\/12"}],"replies":[{"embeddable":true,"href":"https:\/\/www.tucomarca.com\/wordpress\/segunda\/ca\/wp-json\/wp\/v2\/comments?post=295472"}],"version-history":[{"count":0,"href":"https:\/\/www.tucomarca.com\/wordpress\/segunda\/ca\/wp-json\/wp\/v2\/posts\/295472\/revisions"}],"wp:featuredmedia":[{"embeddable":true,"href":"https:\/\/www.tucomarca.com\/wordpress\/segunda\/ca\/wp-json\/wp\/v2\/media\/295469"}],"wp:attachment":[{"href":"https:\/\/www.tucomarca.com\/wordpress\/segunda\/ca\/wp-json\/wp\/v2\/media?parent=295472"}],"wp:term":[{"taxonomy":"category","embeddable":true,"href":"https:\/\/www.tucomarca.com\/wordpress\/segunda\/ca\/wp-json\/wp\/v2\/categories?post=295472"},{"taxonomy":"post_tag","embeddable":true,"href":"https:\/\/www.tucomarca.com\/wordpress\/segunda\/ca\/wp-json\/wp\/v2\/tags?post=295472"}],"curies":[{"name":"wp","href":"https:\/\/api.w.org\/{rel}","templated":true}]}}