{"id":295504,"date":"2026-03-11T11:30:00","date_gmt":"2026-03-11T10:30:00","guid":{"rendered":"https:\/\/www.tucomarca.com\/wordpress\/segunda\/?p=295504"},"modified":"2026-03-11T20:57:45","modified_gmt":"2026-03-11T19:57:45","slug":"la-diputacio-i-linstitut-valencia-de-ledificacio-collaboren-per-a-millorar-la-sostenibilitat-dels-edificis-publics","status":"publish","type":"post","link":"https:\/\/www.tucomarca.com\/wordpress\/segunda\/ca\/la-diputacio-i-linstitut-valencia-de-ledificacio-collaboren-per-a-millorar-la-sostenibilitat-dels-edificis-publics\/","title":{"rendered":"La Diputaci\u00f3 i l&#8217;Institut Valenci\u00e0 de l&#8217;Edificaci\u00f3 col\u00b7laboren per a millorar la sostenibilitat dels edificis p\u00fablics"},"content":{"rendered":"\n<h3 class=\"wp-block-heading\">L&#8217;acord permetr\u00e0 compartir informaci\u00f3 i ferramentes t\u00e8cniques per a ajudar els ajuntaments a reduir el consum energ\u00e8tic de les seues instal\u00b7lacions.<\/h3>\n\n\n\n<p>La Diputaci\u00f3 de Val\u00e8ncia i l&#8217;Institut Valenci\u00e0 de l&#8217;Edificaci\u00f3 (IVE) han firmat un conveni de col\u00b7laboraci\u00f3 per a, en paraules del diputat de Medi Ambient, Avelino Mascarell, &#8220;ajudar els ajuntaments de la prov\u00edncia a reduir el consum energ\u00e8tic dels seus edificis p\u00fablics i avan\u00e7ar cap a instal\u00b7lacions m\u00e9s sostenibles&#8221;.<\/p>\n\n\n\n<p>L&#8217;acord permetr\u00e0 que les dos entitats compartisquen informaci\u00f3, ferramentes t\u00e8cniques i coneixement especialitzat amb l&#8217;objectiu de millorar el coneixement sobre l&#8217;estat energ\u00e8tic dels edificis municipals i facilitar la planificaci\u00f3 de futures actuacions de rehabilitaci\u00f3 i millora en estes instal\u00b7lacions.&nbsp;<\/p>\n\n\n\n<p>El diputat de Medi Ambient explica que \u201cen el dia a dia dels ajuntaments, els edificis p\u00fablics com ajuntaments, centres culturals, instal\u00b7lacions esportives o escoles suposen una part important del consum energ\u00e8tic municipal. La calefacci\u00f3, la climatitzaci\u00f3 o la il\u00b7luminaci\u00f3 generen un gasto que, en molts casos, representa una part significativa del pressupost de funcionament dels municipis\u201d.<\/p>\n\n\n\n<p>En este sentit, Mascarell afig que \u201cmolts ajuntaments, especialment els m\u00e9s menuts, no sempre compten amb personal t\u00e8cnic especialitzat per a analitzar com consumixen energia els seus edificis o quines millores poden aplicar per a reduir eixe consum. Per aix\u00f2 \u00e9s tan important disposar d&#8217;informaci\u00f3 fiable i de ferramentes t\u00e8cniques que ajuden a identificar on es produ\u00efxen els majors consums i quines actuacions poden ser m\u00e9s eficaces\u201d.<\/p>\n\n\n\n<p>En el marc d&#8217;esta col\u00b7laboraci\u00f3, la Diputaci\u00f3 aportar\u00e0 informaci\u00f3 procedent d&#8217;estudis i avaluacions energ\u00e8tiques realitzades en edificis municipals de la prov\u00edncia, mentres que l&#8217;Institut Valenci\u00e0 de l&#8217;Edificaci\u00f3 posar\u00e0 a la disposici\u00f3 dels t\u00e8cnics provincials diferents ferramentes i bases de dades especialitzades en l&#8217;\u00e0mbit de la construcci\u00f3 i la rehabilitaci\u00f3 energ\u00e8tica.&nbsp;<\/p>\n\n\n\n<p>El conveni tindr\u00e0 una vig\u00e8ncia inicial de dos anys, amb possibilitat de pr\u00f2rroga, i no suposar\u00e0 cost econ\u00f2mic per a cap de les parts, ja que les actuacions previstes es desenvoluparan amb mitjans propis de les dos entitats.<\/p>\n\n\n\n<p><strong>De l&#8217;estalvi energ\u00e8tic a nous ingressos municipals<\/strong><\/p>\n\n\n\n<p>L&#8217;an\u00e0lisi energ\u00e8tica dels equipaments p\u00fablics permet identificar on es concentren els majors consums i quines actuacions poden resultar m\u00e9s eficaces per a reduir-los. Un exemple recent \u00e9s l&#8217;estudi impulsat per la Diputaci\u00f3 en les piscines municipals de la prov\u00edncia, el qual ha detectat un potencial d&#8217;estalvi pr\u00f2xim als dos milions d&#8217;euros anuals mitjan\u00e7ant millores en climatitzaci\u00f3, filtrat, il\u00b7luminaci\u00f3 o gesti\u00f3 de les instal\u00b7lacions.<\/p>\n\n\n\n<p>A m\u00e9s de reduir la factura energ\u00e8tica, estes actuacions poden generar tamb\u00e9 un retorn econ\u00f2mic per als ajuntaments. La Diputaci\u00f3 de Val\u00e8ncia ha impulsat un sistema perqu\u00e8 els municipis puguen monetitzar l&#8217;estalvi energ\u00e8tic obtingut en edificis i instal\u00b7lacions p\u00fabliques, recuperant part de les inversions realitzades en efici\u00e8ncia i convertint eixa reducci\u00f3 del consum en ingressos directes per a les arques municipals.&nbsp;<\/p>\n\n\n\n<p>D&#8217;esta manera, l&#8217;estalvi energ\u00e8tic deixa de ser \u00fanicament una mesura de sostenibilitat ambiental per a convertir-se tamb\u00e9 en una ferramenta de gesti\u00f3 econ\u00f2mica. La combinaci\u00f3 de diagn\u00f2stics t\u00e8cnics, actuacions de millora i mecanismes de monetitzaci\u00f3 permet als ajuntaments avan\u00e7ar cap a instal\u00b7lacions p\u00fabliques m\u00e9s eficients i, al mateix temps, refor\u00e7ar la seua capacitat financera.<\/p>\n","protected":false},"excerpt":{"rendered":"<div class=\"mh-excerpt\">L&#8217;acord permetr\u00e0 compartir informaci\u00f3 i ferramentes t\u00e8cniques per a ajudar els ajuntaments a reduir el consum energ\u00e8tic de les seues instal\u00b7lacions. La Diputaci\u00f3 de Val\u00e8ncia i l&#8217;Institut Valenci\u00e0 de l&#8217;Edificaci\u00f3 (IVE) han firmat un conveni <a class=\"mh-excerpt-more\" href=\"https:\/\/www.tucomarca.com\/wordpress\/segunda\/ca\/la-diputacio-i-linstitut-valencia-de-ledificacio-collaboren-per-a-millorar-la-sostenibilitat-dels-edificis-publics\/\" title=\"La Diputaci\u00f3 i l&#8217;Institut Valenci\u00e0 de l&#8217;Edificaci\u00f3 col\u00b7laboren per a millorar la sostenibilitat dels edificis p\u00fablics\">[+] <\/a><\/div>\n","protected":false},"author":1,"featured_media":295502,"comment_status":"closed","ping_status":"open","sticky":false,"template":"","format":"standard","meta":{"footnotes":""},"categories":[10898,10948,10894,10904,10947,10896],"tags":[11246,11199],"class_list":{"0":"post-295504","1":"post","2":"type-post","3":"status-publish","4":"format-standard","5":"has-post-thumbnail","7":"category-ventana-ca","8":"category-infraestructuras-ca","9":"category-la-comarca-ca","10":"category-sin-categorizar-ca","11":"category-politica","12":"category-seccion-ca","13":"tag-diputacio-de-valencia-ca","14":"tag-la-comunitat-ca"},"_links":{"self":[{"href":"https:\/\/www.tucomarca.com\/wordpress\/segunda\/ca\/wp-json\/wp\/v2\/posts\/295504","targetHints":{"allow":["GET"]}}],"collection":[{"href":"https:\/\/www.tucomarca.com\/wordpress\/segunda\/ca\/wp-json\/wp\/v2\/posts"}],"about":[{"href":"https:\/\/www.tucomarca.com\/wordpress\/segunda\/ca\/wp-json\/wp\/v2\/types\/post"}],"author":[{"embeddable":true,"href":"https:\/\/www.tucomarca.com\/wordpress\/segunda\/ca\/wp-json\/wp\/v2\/users\/1"}],"replies":[{"embeddable":true,"href":"https:\/\/www.tucomarca.com\/wordpress\/segunda\/ca\/wp-json\/wp\/v2\/comments?post=295504"}],"version-history":[{"count":0,"href":"https:\/\/www.tucomarca.com\/wordpress\/segunda\/ca\/wp-json\/wp\/v2\/posts\/295504\/revisions"}],"wp:featuredmedia":[{"embeddable":true,"href":"https:\/\/www.tucomarca.com\/wordpress\/segunda\/ca\/wp-json\/wp\/v2\/media\/295502"}],"wp:attachment":[{"href":"https:\/\/www.tucomarca.com\/wordpress\/segunda\/ca\/wp-json\/wp\/v2\/media?parent=295504"}],"wp:term":[{"taxonomy":"category","embeddable":true,"href":"https:\/\/www.tucomarca.com\/wordpress\/segunda\/ca\/wp-json\/wp\/v2\/categories?post=295504"},{"taxonomy":"post_tag","embeddable":true,"href":"https:\/\/www.tucomarca.com\/wordpress\/segunda\/ca\/wp-json\/wp\/v2\/tags?post=295504"}],"curies":[{"name":"wp","href":"https:\/\/api.w.org\/{rel}","templated":true}]}}