{"id":295516,"date":"2026-03-11T10:15:00","date_gmt":"2026-03-11T09:15:00","guid":{"rendered":"https:\/\/www.tucomarca.com\/wordpress\/segunda\/?p=295516"},"modified":"2026-03-11T20:57:07","modified_gmt":"2026-03-11T19:57:07","slug":"benaguasil-ret-homenatge-a-la-dissenyadora-isabel-sanchis-amb-motiu-del-8m","status":"publish","type":"post","link":"https:\/\/www.tucomarca.com\/wordpress\/segunda\/ca\/benaguasil-ret-homenatge-a-la-dissenyadora-isabel-sanchis-amb-motiu-del-8m\/","title":{"rendered":"Benaguasil ret homenatge a la dissenyadora Isabel Sanchis amb motiu del 8M"},"content":{"rendered":"\n<h3 class=\"wp-block-heading\">El Consistori reconeix la traject\u00f2ria de la dissenyadora de Benaguasil en un acte institucional celebrat en el sal\u00f3 de plens i en el qual l&#8217;alcalde li va imposar l&#8217;escut d&#8217;or del municipi.<\/h3>\n\n\n\n<p>L&#8217;Ajuntament de Benaguasil ha retut homenatge a la reconeguda dissenyadora i ve\u00efna del municipi, Isabel Sanchis, amb motiu del Dia Internacional de la Dona. L&#8217;acte institucional es va celebrar en el sal\u00f3 de plens del Consistori i va reunir familiars, ve\u00efns i membres de la corporaci\u00f3 municipal.<\/p>\n\n\n\n<p>L&#8217;homenatge va comen\u00e7ar amb la projecci\u00f3 d&#8217;un v\u00eddeo que va repassar la traject\u00f2ria professional de Sanchis, posant en valor la seua consolidaci\u00f3 en el m\u00f3n de la moda i la seua projecci\u00f3 internacional, aix\u00ed com les seues arrels en la localitat.<\/p>\n\n\n\n<p>Durant l&#8217;esdeveniment l&#8217;alcalde, Ximo Segarra, va imposar a la dissenyadora l&#8217;escut d&#8217;or del municipi i li va fer lliurament del guard\u00f3 8M d&#8217;Igualtat, aix\u00ed com d&#8217;una litografia commemorativa. En la seua intervenci\u00f3, l&#8217;alcalde va destacar que \u201cIsabel Sanchis representa el talent i la dedicaci\u00f3 que volem visibilitzar en el nostre municipi. La seua traject\u00f2ria no sols engrandeix a Benaguasil, sin\u00f3 que inspira a totes les dones a perseguir els seus somnis amb passi\u00f3 i const\u00e0ncia\u201d.<\/p>\n\n\n\n<p>El regidor d&#8217;Igualtat, Stephane Spriano, va destacar durant la seua intervenci\u00f3 la import\u00e0ncia de recon\u00e9ixer referents femenins, especialment en una data com el 8 de mar\u00e7. \u201cHui retem homenatge a una dona que, amb talent, esfor\u00e7 i const\u00e0ncia, ha constru\u00eft una traject\u00f2ria admirada dins i fora de les nostres fronteres\u201d, va assenyalar. Aix\u00ed mateix, va subratllar l&#8217;orgull que suposa per al municipi comptar amb una figura com Isabel Sanchis. \u201cGr\u00e0cies pel teu talent, per la teua traject\u00f2ria i per portar el nom de Benaguasil pel m\u00f3n\u201d, va afirmar.<\/p>\n\n\n\n<p>Per part seua, Isabel Sanchis va agrair emocionada el reconeixement rebut i va dedicar el premi \u201ca totes les dones que cada dia lluiten pels seus drets\u201d, destacant tamb\u00e9 l&#8217;orgull per la seua fam\u00edlia i el llegat que ha pogut transmetre.<\/p>\n\n\n\n<p>Amb aquest acte, l&#8217;Ajuntament va voler posar en valor la figura d&#8217;Isabel Sanchis com a referent de talent, esfor\u00e7 i emprenedoria femenina, reconeixent la seua contribuci\u00f3 al prestigi de Benaguasil dins i fora d&#8217;Espanya, en el marc de la programaci\u00f3 organitzada pel consistori amb motiu del 8M.<\/p>\n\n\n\n<figure class=\"wp-block-gallery has-nested-images columns-1 is-cropped wp-block-gallery-1 is-layout-flex wp-block-gallery-is-layout-flex\">\n<figure class=\"wp-block-image size-large\"><img loading=\"lazy\" decoding=\"async\" width=\"1024\" height=\"683\" data-id=\"295511\" src=\"https:\/\/www.tucomarca.com\/wordpress\/segunda\/wp-content\/uploads\/2026\/03\/BenaguasilHomenajeDis2-1024x683.jpg\" alt=\"\" class=\"wp-image-295511\" srcset=\"https:\/\/www.tucomarca.com\/wordpress\/segunda\/wp-content\/uploads\/2026\/03\/BenaguasilHomenajeDis2-1024x683.jpg 1024w, https:\/\/www.tucomarca.com\/wordpress\/segunda\/wp-content\/uploads\/2026\/03\/BenaguasilHomenajeDis2-300x200.jpg 300w, https:\/\/www.tucomarca.com\/wordpress\/segunda\/wp-content\/uploads\/2026\/03\/BenaguasilHomenajeDis2-768x512.jpg 768w, https:\/\/www.tucomarca.com\/wordpress\/segunda\/wp-content\/uploads\/2026\/03\/BenaguasilHomenajeDis2-1536x1024.jpg 1536w, https:\/\/www.tucomarca.com\/wordpress\/segunda\/wp-content\/uploads\/2026\/03\/BenaguasilHomenajeDis2-2048x1365.jpg 2048w\" sizes=\"auto, (max-width: 1024px) 100vw, 1024px\" \/><\/figure>\n\n\n\n<figure class=\"wp-block-image size-large\"><img loading=\"lazy\" decoding=\"async\" width=\"1024\" height=\"683\" data-id=\"295509\" src=\"https:\/\/www.tucomarca.com\/wordpress\/segunda\/wp-content\/uploads\/2026\/03\/BenaguasilHomenajeDis1-1024x683.jpg\" alt=\"\" class=\"wp-image-295509\" srcset=\"https:\/\/www.tucomarca.com\/wordpress\/segunda\/wp-content\/uploads\/2026\/03\/BenaguasilHomenajeDis1-1024x683.jpg 1024w, https:\/\/www.tucomarca.com\/wordpress\/segunda\/wp-content\/uploads\/2026\/03\/BenaguasilHomenajeDis1-300x200.jpg 300w, https:\/\/www.tucomarca.com\/wordpress\/segunda\/wp-content\/uploads\/2026\/03\/BenaguasilHomenajeDis1-768x512.jpg 768w, https:\/\/www.tucomarca.com\/wordpress\/segunda\/wp-content\/uploads\/2026\/03\/BenaguasilHomenajeDis1-1536x1024.jpg 1536w, https:\/\/www.tucomarca.com\/wordpress\/segunda\/wp-content\/uploads\/2026\/03\/BenaguasilHomenajeDis1-2048x1365.jpg 2048w\" sizes=\"auto, (max-width: 1024px) 100vw, 1024px\" \/><\/figure>\n<\/figure>\n\n\n\n<p><\/p>\n","protected":false},"excerpt":{"rendered":"<div class=\"mh-excerpt\">El Consistori reconeix la traject\u00f2ria de la dissenyadora de Benaguasil en un acte institucional celebrat en el sal\u00f3 de plens i en el qual l&#8217;alcalde li va imposar l&#8217;escut d&#8217;or del municipi. L&#8217;Ajuntament de Benaguasil <a class=\"mh-excerpt-more\" href=\"https:\/\/www.tucomarca.com\/wordpress\/segunda\/ca\/benaguasil-ret-homenatge-a-la-dissenyadora-isabel-sanchis-amb-motiu-del-8m\/\" title=\"Benaguasil ret homenatge a la dissenyadora Isabel Sanchis amb motiu del 8M\">[+] <\/a><\/div>\n","protected":false},"author":1,"featured_media":295514,"comment_status":"closed","ping_status":"open","sticky":false,"template":"","format":"gallery","meta":{"footnotes":""},"categories":[10952,10892,10894,11007,10896],"tags":[11136,10899],"class_list":{"0":"post-295516","1":"post","2":"type-post","3":"status-publish","4":"format-gallery","5":"has-post-thumbnail","7":"category-benaguasil-ca","8":"category-camp-de-turia-ca","9":"category-la-comarca-ca","10":"category-ocio-y-cultura-ca","11":"category-seccion-ca","12":"tag-benaguasil-ca","13":"tag-camp-de-turia-ca","14":"post_format-post-format-gallery"},"_links":{"self":[{"href":"https:\/\/www.tucomarca.com\/wordpress\/segunda\/ca\/wp-json\/wp\/v2\/posts\/295516","targetHints":{"allow":["GET"]}}],"collection":[{"href":"https:\/\/www.tucomarca.com\/wordpress\/segunda\/ca\/wp-json\/wp\/v2\/posts"}],"about":[{"href":"https:\/\/www.tucomarca.com\/wordpress\/segunda\/ca\/wp-json\/wp\/v2\/types\/post"}],"author":[{"embeddable":true,"href":"https:\/\/www.tucomarca.com\/wordpress\/segunda\/ca\/wp-json\/wp\/v2\/users\/1"}],"replies":[{"embeddable":true,"href":"https:\/\/www.tucomarca.com\/wordpress\/segunda\/ca\/wp-json\/wp\/v2\/comments?post=295516"}],"version-history":[{"count":0,"href":"https:\/\/www.tucomarca.com\/wordpress\/segunda\/ca\/wp-json\/wp\/v2\/posts\/295516\/revisions"}],"wp:featuredmedia":[{"embeddable":true,"href":"https:\/\/www.tucomarca.com\/wordpress\/segunda\/ca\/wp-json\/wp\/v2\/media\/295514"}],"wp:attachment":[{"href":"https:\/\/www.tucomarca.com\/wordpress\/segunda\/ca\/wp-json\/wp\/v2\/media?parent=295516"}],"wp:term":[{"taxonomy":"category","embeddable":true,"href":"https:\/\/www.tucomarca.com\/wordpress\/segunda\/ca\/wp-json\/wp\/v2\/categories?post=295516"},{"taxonomy":"post_tag","embeddable":true,"href":"https:\/\/www.tucomarca.com\/wordpress\/segunda\/ca\/wp-json\/wp\/v2\/tags?post=295516"}],"curies":[{"name":"wp","href":"https:\/\/api.w.org\/{rel}","templated":true}]}}