{"id":295531,"date":"2026-03-12T07:00:00","date_gmt":"2026-03-12T06:00:00","guid":{"rendered":"https:\/\/www.tucomarca.com\/wordpress\/segunda\/?p=295531"},"modified":"2026-03-12T10:29:10","modified_gmt":"2026-03-12T09:29:10","slug":"antonio-valiente-poyo-presenta-un-projecte-que-combina-experiencia-i-cares-noves-per-a-presidir-el-cim-la-armonica-de-bunyol","status":"publish","type":"post","link":"https:\/\/www.tucomarca.com\/wordpress\/segunda\/ca\/antonio-valiente-poyo-presenta-un-projecte-que-combina-experiencia-i-cares-noves-per-a-presidir-el-cim-la-armonica-de-bunyol\/","title":{"rendered":"Antonio Valiente Poyo presenta un projecte que combina experi\u00e8ncia i cares noves per a presidir el CIM &#8220;La Arm\u00f3nica&#8221; de Bunyol"},"content":{"rendered":"\n<h3 class=\"wp-block-heading\">Formada per 25 membres, la candidatura a la presid\u00e8ncia del CIM La Arm\u00f3nica combina anys de dedicaci\u00f3 per i per a la instituci\u00f3 junt amb les idees i l\u2019ambici\u00f3 de nombroses cares noves.<\/h3>\n\n\n\n<h3 class=\"wp-block-heading\">El seu programa s\u2019estructura en sis grans \u00e0rees de treball: cultural, estructural, gesti\u00f3, comunicaci\u00f3, educativa i art\u00edstica.<\/h3>\n\n\n<div class=\"wp-block-image\">\n<figure class=\"alignleft size-large is-resized\"><img loading=\"lazy\" decoding=\"async\" width=\"768\" height=\"1024\" src=\"https:\/\/www.tucomarca.com\/wordpress\/segunda\/wp-content\/uploads\/2026\/03\/ToniValientePoyo-768x1024.jpg\" alt=\"\" class=\"wp-image-295528\" style=\"width:300px;height:auto\" srcset=\"https:\/\/www.tucomarca.com\/wordpress\/segunda\/wp-content\/uploads\/2026\/03\/ToniValientePoyo-768x1024.jpg 768w, https:\/\/www.tucomarca.com\/wordpress\/segunda\/wp-content\/uploads\/2026\/03\/ToniValientePoyo-225x300.jpg 225w, https:\/\/www.tucomarca.com\/wordpress\/segunda\/wp-content\/uploads\/2026\/03\/ToniValientePoyo.jpg 886w\" sizes=\"auto, (max-width: 768px) 100vw, 768px\" \/><\/figure>\n<\/div>\n\n\n<p>Antonio Valiente Poyo ha anunciat la seua candidatura a la presid\u00e8ncia del Centro Instructivo Musical La Arm\u00f3nica de Bu\u00f1ol, conegut com El Litro, amb un projecte recolzat per un equip de 25 persones que combina joventut, experi\u00e8ncia i perfils diversos dins de la societat musical.<\/p>\n\n\n\n<p>La candidatura naix amb el comprom\u00eds de l\u2019excel\u00b7l\u00e8ncia en el dia a dia, honrant el llegat de la societat i construint el millor futur possible per a la mateixa. Sota el lema de continuar creixent, innovant i portar el nom d\u2019El Litro al m\u00e9s alt, la candidatura mostra una forta uni\u00f3 entre les noves generacions i l\u2019experi\u00e8ncia.&nbsp;<\/p>\n\n\n\n<p>Segons ha assenyalat Valiente, l\u2019equip que integra la candidatura est\u00e0 format per persones compromeses amb la societat i amb una \u00e0mplia traject\u00f2ria dins d\u2019esta. \u201cCada integrant t\u00e9 una implicaci\u00f3 m\u00e0xima pel benestar de la nostra societat. Donem pas a una nova generaci\u00f3 de litreros que treballaran colze a colze amb aquells que gaudixen de major experi\u00e8ncia\u201d, ha afirmat Antonio Valiente.<\/p>\n\n\n\n<p><strong>Un programa estructurat en sis grans \u00e0rees<\/strong><\/p>\n\n\n\n<p>El programa de la candidatura s\u2019articula en sis \u00e0rees estrat\u00e8giques: cultural, estructural, gesti\u00f3, comunicaci\u00f3, educativa i art\u00edstica, amb mesures destinades a refor\u00e7ar tant l\u2019activitat musical com la vida social de l\u2019entitat.<\/p>\n\n\n\n<p>En l\u2019\u00e0mbit cultural, el projecte aposta per refor\u00e7ar el comprom\u00eds social i les aliances amb el comer\u00e7 local. Tamb\u00e9 contempla la digitalitzaci\u00f3 de l\u2019arxiu hist\u00f2ric i l\u2019ampliaci\u00f3 de l\u2019oferta cultural, a m\u00e9s de viatges d\u2019intercanvi amb altres societats musicals per a fomentar el creixement art\u00edstic dels joves m\u00fasics.<\/p>\n\n\n\n<p>En mat\u00e8ria estructural, la candidatura planteja diverses millores en les instal\u00b7lacions de la societat, entre elles la transformaci\u00f3 de l\u2019antiga sala de ple en una sala polivalent, el condicionament d\u2019antigues aules amb nou material i climatitzaci\u00f3, i el trasllat de les oficines a la planta baixa per a millorar l\u2019accessibilitat. Aix\u00ed mateix, es preveu la millora en instal\u00b7lacions com Viach\u00e9n, el Palacio de la M\u00fasica i La Nave.<\/p>\n\n\n\n<p>En l\u2019\u00e0rea de gesti\u00f3, el projecte proposa obrir la societat a l\u2019exterior mitjan\u00e7ant acords amb institucions, empreses i universitats, a m\u00e9s de potenciar les relacions amb referents de l\u2019\u00e0mbit musical. Tamb\u00e9 es planteja refor\u00e7ar la gesti\u00f3 de subvencions i ajudes per a impulsar noves millores en l\u2019entitat.<\/p>\n\n\n\n<p>La comunicaci\u00f3 constitu\u00efx un altre dels pilars del programa, amb la creaci\u00f3 d\u2019un gabinet de comunicaci\u00f3, l\u2019actualitzaci\u00f3 de la p\u00e0gina web, la posada en marxa d\u2019una revista digital per a difondre les activitats de la societat i l\u2019impuls de les xarxes socials. A m\u00e9s, s\u2019habilitar\u00e0 una b\u00fastia de suggeriments per a fomentar la participaci\u00f3 dels socis.<\/p>\n\n\n\n<p>En l\u2019\u00e0mbit educatiu, el projecte aposta per l\u2019excel\u00b7l\u00e8ncia formativa en l\u2019escola de m\u00fasica, enriquint l\u2019aprenentatge de m\u00fasics i professorat. Tamb\u00e9 s\u2019impulsaran intercanvis amb altres escoles de m\u00fasica, la renovaci\u00f3 de l\u2019inventari d\u2019instruments i la creaci\u00f3 d\u2019una associaci\u00f3 de fam\u00edlies en la Escuela Manuel Carrascosa per a enfortir la participaci\u00f3.<\/p>\n\n\n\n<p>Finalment, en l\u2019apartat art\u00edstic, la candidatura planteja potenciar tant la Banda Sinf\u00f3nica com la Banda Juvenil, impulsar projectes musicals d\u2019acord amb el prestigi de la societat i apostar per una comissi\u00f3 de m\u00fasics, treballant junt amb ella. Tamb\u00e9 es preveu involucrar compositors en el proc\u00e9s interpretatiu de les obres i crear la distinci\u00f3 \u201cFundadores\u201d, destinada a recon\u00e9ixer traject\u00f2ries i aportacions destacades a la m\u00fasica, la cultura i la societat.<\/p>\n\n\n\n<figure class=\"wp-block-image size-large\"><img loading=\"lazy\" decoding=\"async\" width=\"1024\" height=\"599\" src=\"https:\/\/www.tucomarca.com\/wordpress\/segunda\/wp-content\/uploads\/2026\/03\/JuntaLitroToniValiente-1024x599.jpg\" alt=\"\" class=\"wp-image-295601\" srcset=\"https:\/\/www.tucomarca.com\/wordpress\/segunda\/wp-content\/uploads\/2026\/03\/JuntaLitroToniValiente-1024x599.jpg 1024w, https:\/\/www.tucomarca.com\/wordpress\/segunda\/wp-content\/uploads\/2026\/03\/JuntaLitroToniValiente-300x176.jpg 300w, https:\/\/www.tucomarca.com\/wordpress\/segunda\/wp-content\/uploads\/2026\/03\/JuntaLitroToniValiente-768x449.jpg 768w, https:\/\/www.tucomarca.com\/wordpress\/segunda\/wp-content\/uploads\/2026\/03\/JuntaLitroToniValiente.jpg 1181w\" sizes=\"auto, (max-width: 1024px) 100vw, 1024px\" \/><\/figure>\n\n\n\n<p><\/p>\n\n\n\n<p><strong>Candidatura completa:<\/strong><\/p>\n\n\n\n<p><strong>President:<\/strong> Antonio Claudio Valiente Poyo<br><strong>Secretaria:<\/strong> Zaida Mar\u00eda Fontelles Navarro<br><strong>Tresorer:<\/strong> Jose Fernando Carri\u00f3n Agustina<\/p>\n\n\n\n<p>Alejandra Valiente Poyo<br>Alfonso Cano March<br>\u00c1ngeles Bened\u00e9 S\u00e1ez<br>Jos\u00e9 Joaqu\u00edn Faubell Perell\u00f3<br>Josefina Escarlata Guerrero Navarro<br>Juan Francisco Casas Fern\u00e1ndez<br>Gema Agustina Perez<br>Jaime Valiente Criado<br>Marcos Jabaloyas Mor\u00e1n<br>Mar\u00eda Josefa Carre\u00f1o Mart\u00ednez<br>Gervasio Larrazabal Sevilla<br>M\u00f3nica M\u00e1s Santiago<br>Pedro Rehu\u00e9s Moscard\u00f3<br>Josefina Lavilla Bernabeu<br>Ra\u00fal Tar\u00edn L\u00f3pez<br>Rosa Ana Bernal Gonz\u00e1lez<br>Yolanda Miguel Lambies<br>V\u00edctor S\u00e1nchez Carrascosa<br>Mar\u00eda Galarza Galarza<br>Manuel Fuertes Valero<br>Mercedes Pedr\u00f3n S\u00e1nchez<\/p>\n","protected":false},"excerpt":{"rendered":"<div class=\"mh-excerpt\">Formada per 25 membres, la candidatura a la presid\u00e8ncia del CIM La Arm\u00f3nica combina anys de dedicaci\u00f3 per i per a la instituci\u00f3 junt amb les idees i l\u2019ambici\u00f3 de nombroses cares noves. El seu <a class=\"mh-excerpt-more\" href=\"https:\/\/www.tucomarca.com\/wordpress\/segunda\/ca\/antonio-valiente-poyo-presenta-un-projecte-que-combina-experiencia-i-cares-noves-per-a-presidir-el-cim-la-armonica-de-bunyol\/\" title=\"Antonio Valiente Poyo presenta un projecte que combina experi\u00e8ncia i cares noves per a presidir el CIM &#8220;La Arm\u00f3nica&#8221; de Bunyol\">[+] <\/a><\/div>\n","protected":false},"author":1,"featured_media":295534,"comment_status":"closed","ping_status":"open","sticky":false,"template":"","format":"standard","meta":{"footnotes":""},"categories":[10911,11005,10894,10912,11007,10896],"tags":[10385,10913,67,11769,5952,10914],"class_list":{"0":"post-295531","1":"post","2":"type-post","3":"status-publish","4":"format-standard","5":"has-post-thumbnail","7":"category-bunol-ca","8":"category-canal-musica","9":"category-la-comarca-ca","10":"category-la-hoya-ca","11":"category-ocio-y-cultura-ca","12":"category-seccion-ca","13":"tag-bunol","14":"tag-bunol-ca","15":"tag-la-armonica","16":"tag-la-armonica-ca","17":"tag-la-hoya-de-bunol-chiva","18":"tag-la-hoya-de-bunol-chiva-ca"},"_links":{"self":[{"href":"https:\/\/www.tucomarca.com\/wordpress\/segunda\/ca\/wp-json\/wp\/v2\/posts\/295531","targetHints":{"allow":["GET"]}}],"collection":[{"href":"https:\/\/www.tucomarca.com\/wordpress\/segunda\/ca\/wp-json\/wp\/v2\/posts"}],"about":[{"href":"https:\/\/www.tucomarca.com\/wordpress\/segunda\/ca\/wp-json\/wp\/v2\/types\/post"}],"author":[{"embeddable":true,"href":"https:\/\/www.tucomarca.com\/wordpress\/segunda\/ca\/wp-json\/wp\/v2\/users\/1"}],"replies":[{"embeddable":true,"href":"https:\/\/www.tucomarca.com\/wordpress\/segunda\/ca\/wp-json\/wp\/v2\/comments?post=295531"}],"version-history":[{"count":0,"href":"https:\/\/www.tucomarca.com\/wordpress\/segunda\/ca\/wp-json\/wp\/v2\/posts\/295531\/revisions"}],"wp:featuredmedia":[{"embeddable":true,"href":"https:\/\/www.tucomarca.com\/wordpress\/segunda\/ca\/wp-json\/wp\/v2\/media\/295534"}],"wp:attachment":[{"href":"https:\/\/www.tucomarca.com\/wordpress\/segunda\/ca\/wp-json\/wp\/v2\/media?parent=295531"}],"wp:term":[{"taxonomy":"category","embeddable":true,"href":"https:\/\/www.tucomarca.com\/wordpress\/segunda\/ca\/wp-json\/wp\/v2\/categories?post=295531"},{"taxonomy":"post_tag","embeddable":true,"href":"https:\/\/www.tucomarca.com\/wordpress\/segunda\/ca\/wp-json\/wp\/v2\/tags?post=295531"}],"curies":[{"name":"wp","href":"https:\/\/api.w.org\/{rel}","templated":true}]}}