{"id":295639,"date":"2026-03-12T09:30:00","date_gmt":"2026-03-12T08:30:00","guid":{"rendered":"https:\/\/www.tucomarca.com\/wordpress\/segunda\/?p=295639"},"modified":"2026-03-12T17:12:27","modified_gmt":"2026-03-12T16:12:27","slug":"fotogaleria-la-crida-fallera-posa-el-punt-i-seguit-a-un-intens-cap-de-setmana-festiu-a-turis","status":"publish","type":"post","link":"https:\/\/www.tucomarca.com\/wordpress\/segunda\/ca\/fotogaleria-la-crida-fallera-posa-el-punt-i-seguit-a-un-intens-cap-de-setmana-festiu-a-turis\/","title":{"rendered":"Fotogaleria: La crida fallera posa el punt i seguit a un intens cap de setmana festiu a Tur\u00eds"},"content":{"rendered":"\n<p>Tur\u00eds ha viscut un intens cap de setmana marcat per la concentraci\u00f3 d\u2019actes fallers que anuncien la imminent arribada de les Falles. La programaci\u00f3 va comen\u00e7ar divendres amb el tradicional sopar de gala de la Junta Local Fallera, una trobada que va servir per a recon\u00e9ixer el treball i la dedicaci\u00f3 de les comissions i de les persones que mantenen viva la festa.<\/p>\n\n\n\n<p>Durant la vetlada es va fer entrega del premi al guanyador del concurs de cartells anunciadors de les Falles d\u2019enguany, que ha recaigut en l\u2019artista <strong>V\u00edctor Montero<\/strong>. Aix\u00ed mateix, la presidenta executiva de la Junta Local Fallera, <strong>Sonia Sancho<\/strong>, junt amb l\u2019alcalde de Tur\u00eds i president nat, <strong>Francisco Ricau<\/strong>, van imposar el <strong>Bunyol d\u2019Or amb Fulles de Llorer i Brillants<\/strong> als fallers i falleres de les cinc comissions als quals els corresponia esta distinci\u00f3 per la seua llarga traject\u00f2ria i dedicaci\u00f3 a la festa.<\/p>\n\n\n\n<p>Els actes van continuar diumenge amb la inauguraci\u00f3 de l\u2019<strong>exposici\u00f3 del ninot<\/strong> al mercat municipal, que podr\u00e0 visitar-se en horari comercial fins al dia de la <em>plant\u00e0<\/em>, prevista per al pr\u00f2xim dijous 26 de mar\u00e7.<\/p>\n\n\n\n<p>A continuaci\u00f3, els quadres d\u2019honor de les comissions falleres es van despla\u00e7ar fins a l\u2019ermita de la patrona de Tur\u00eds, la <strong>Mare de D\u00e9u dels Dolors Gloriosos<\/strong>, on van protagonitzar el tradicional i emotiu besamans. Durant l\u2019acte, la parr\u00f2quia va obsequiar les falleres majors i els presidents amb una estampa exclusiva de la patrona, aix\u00ed com amb un fermall amb la seua imatge. La cerim\u00f2nia va concloure amb el solemne cobriment de la Mare de D\u00e9u, que romandr\u00e0 aix\u00ed fins al Dissabte de Gl\u00f2ria.<\/p>\n\n\n\n<p>El colof\u00f3 del cap de setmana el va posar la <strong>tradicional Crida<\/strong>, celebrada des del balc\u00f3 de l\u2019Ajuntament, on fallers i falleres es van congregar per a donar la benvinguda oficial a les festes, en un ambient d\u2019emoci\u00f3 i entusiasme compartit.<\/p>\n\n\n\n<p>Les <strong>Falles de Tur\u00eds<\/strong> se celebraran del <strong>16 al 29 de mar\u00e7<\/strong>, i tota la programaci\u00f3 pot consultar-se en la web municipal: <a href=\"https:\/\/www.turis.es\/pagina\/falles-turis-2026\">https:\/\/www.turis.es\/pagina\/falles-turis-2026<\/a><\/p>\n\n\n\n<figure class=\"wp-block-gallery has-nested-images columns-2 is-cropped wp-block-gallery-1 is-layout-flex wp-block-gallery-is-layout-flex\">\n<figure class=\"wp-block-image size-large\"><img loading=\"lazy\" decoding=\"async\" width=\"945\" height=\"630\" data-id=\"295616\" src=\"https:\/\/www.tucomarca.com\/wordpress\/segunda\/wp-content\/uploads\/2026\/03\/TurisCrida05.jpg\" alt=\"\" class=\"wp-image-295616\" srcset=\"https:\/\/www.tucomarca.com\/wordpress\/segunda\/wp-content\/uploads\/2026\/03\/TurisCrida05.jpg 945w, https:\/\/www.tucomarca.com\/wordpress\/segunda\/wp-content\/uploads\/2026\/03\/TurisCrida05-300x200.jpg 300w, https:\/\/www.tucomarca.com\/wordpress\/segunda\/wp-content\/uploads\/2026\/03\/TurisCrida05-768x512.jpg 768w\" sizes=\"auto, (max-width: 945px) 100vw, 945px\" \/><\/figure>\n\n\n\n<figure class=\"wp-block-image size-large\"><img loading=\"lazy\" decoding=\"async\" width=\"945\" height=\"630\" data-id=\"295614\" src=\"https:\/\/www.tucomarca.com\/wordpress\/segunda\/wp-content\/uploads\/2026\/03\/TurisCrida04.jpg\" alt=\"\" class=\"wp-image-295614\" srcset=\"https:\/\/www.tucomarca.com\/wordpress\/segunda\/wp-content\/uploads\/2026\/03\/TurisCrida04.jpg 945w, https:\/\/www.tucomarca.com\/wordpress\/segunda\/wp-content\/uploads\/2026\/03\/TurisCrida04-300x200.jpg 300w, https:\/\/www.tucomarca.com\/wordpress\/segunda\/wp-content\/uploads\/2026\/03\/TurisCrida04-768x512.jpg 768w\" sizes=\"auto, (max-width: 945px) 100vw, 945px\" \/><\/figure>\n\n\n\n<figure class=\"wp-block-image size-large\"><img loading=\"lazy\" decoding=\"async\" width=\"945\" height=\"532\" data-id=\"295608\" src=\"https:\/\/www.tucomarca.com\/wordpress\/segunda\/wp-content\/uploads\/2026\/03\/TurisCrida01.jpg\" alt=\"\" class=\"wp-image-295608\" srcset=\"https:\/\/www.tucomarca.com\/wordpress\/segunda\/wp-content\/uploads\/2026\/03\/TurisCrida01.jpg 945w, https:\/\/www.tucomarca.com\/wordpress\/segunda\/wp-content\/uploads\/2026\/03\/TurisCrida01-300x169.jpg 300w, https:\/\/www.tucomarca.com\/wordpress\/segunda\/wp-content\/uploads\/2026\/03\/TurisCrida01-768x432.jpg 768w, https:\/\/www.tucomarca.com\/wordpress\/segunda\/wp-content\/uploads\/2026\/03\/TurisCrida01-678x381.jpg 678w\" sizes=\"auto, (max-width: 945px) 100vw, 945px\" \/><\/figure>\n\n\n\n<figure class=\"wp-block-image size-large\"><img loading=\"lazy\" decoding=\"async\" width=\"945\" height=\"630\" data-id=\"295610\" src=\"https:\/\/www.tucomarca.com\/wordpress\/segunda\/wp-content\/uploads\/2026\/03\/TurisCrida02.jpg\" alt=\"\" class=\"wp-image-295610\" srcset=\"https:\/\/www.tucomarca.com\/wordpress\/segunda\/wp-content\/uploads\/2026\/03\/TurisCrida02.jpg 945w, https:\/\/www.tucomarca.com\/wordpress\/segunda\/wp-content\/uploads\/2026\/03\/TurisCrida02-300x200.jpg 300w, https:\/\/www.tucomarca.com\/wordpress\/segunda\/wp-content\/uploads\/2026\/03\/TurisCrida02-768x512.jpg 768w\" sizes=\"auto, (max-width: 945px) 100vw, 945px\" \/><\/figure>\n\n\n\n<figure class=\"wp-block-image size-large\"><img loading=\"lazy\" decoding=\"async\" width=\"945\" height=\"630\" data-id=\"295612\" src=\"https:\/\/www.tucomarca.com\/wordpress\/segunda\/wp-content\/uploads\/2026\/03\/TurisCrida03.jpg\" alt=\"\" class=\"wp-image-295612\" srcset=\"https:\/\/www.tucomarca.com\/wordpress\/segunda\/wp-content\/uploads\/2026\/03\/TurisCrida03.jpg 945w, https:\/\/www.tucomarca.com\/wordpress\/segunda\/wp-content\/uploads\/2026\/03\/TurisCrida03-300x200.jpg 300w, https:\/\/www.tucomarca.com\/wordpress\/segunda\/wp-content\/uploads\/2026\/03\/TurisCrida03-768x512.jpg 768w\" sizes=\"auto, (max-width: 945px) 100vw, 945px\" \/><\/figure>\n\n\n\n<figure class=\"wp-block-image size-large\"><img loading=\"lazy\" decoding=\"async\" width=\"945\" height=\"630\" data-id=\"295630\" src=\"https:\/\/www.tucomarca.com\/wordpress\/segunda\/wp-content\/uploads\/2026\/03\/TurisCrida12.jpg\" alt=\"\" class=\"wp-image-295630\" srcset=\"https:\/\/www.tucomarca.com\/wordpress\/segunda\/wp-content\/uploads\/2026\/03\/TurisCrida12.jpg 945w, https:\/\/www.tucomarca.com\/wordpress\/segunda\/wp-content\/uploads\/2026\/03\/TurisCrida12-300x200.jpg 300w, https:\/\/www.tucomarca.com\/wordpress\/segunda\/wp-content\/uploads\/2026\/03\/TurisCrida12-768x512.jpg 768w\" sizes=\"auto, (max-width: 945px) 100vw, 945px\" \/><\/figure>\n\n\n\n<figure class=\"wp-block-image size-large\"><img loading=\"lazy\" decoding=\"async\" width=\"1024\" height=\"683\" data-id=\"295632\" src=\"https:\/\/www.tucomarca.com\/wordpress\/segunda\/wp-content\/uploads\/2026\/03\/TurisCrida13-1024x683.jpg\" alt=\"\" class=\"wp-image-295632\" srcset=\"https:\/\/www.tucomarca.com\/wordpress\/segunda\/wp-content\/uploads\/2026\/03\/TurisCrida13-1024x683.jpg 1024w, https:\/\/www.tucomarca.com\/wordpress\/segunda\/wp-content\/uploads\/2026\/03\/TurisCrida13-300x200.jpg 300w, https:\/\/www.tucomarca.com\/wordpress\/segunda\/wp-content\/uploads\/2026\/03\/TurisCrida13-768x512.jpg 768w, https:\/\/www.tucomarca.com\/wordpress\/segunda\/wp-content\/uploads\/2026\/03\/TurisCrida13-1536x1024.jpg 1536w, https:\/\/www.tucomarca.com\/wordpress\/segunda\/wp-content\/uploads\/2026\/03\/TurisCrida13-2048x1365.jpg 2048w\" sizes=\"auto, (max-width: 1024px) 100vw, 1024px\" \/><\/figure>\n\n\n\n<figure class=\"wp-block-image size-large\"><img loading=\"lazy\" decoding=\"async\" width=\"945\" height=\"630\" data-id=\"295634\" src=\"https:\/\/www.tucomarca.com\/wordpress\/segunda\/wp-content\/uploads\/2026\/03\/TurisCrida14.jpg\" alt=\"\" class=\"wp-image-295634\" srcset=\"https:\/\/www.tucomarca.com\/wordpress\/segunda\/wp-content\/uploads\/2026\/03\/TurisCrida14.jpg 945w, https:\/\/www.tucomarca.com\/wordpress\/segunda\/wp-content\/uploads\/2026\/03\/TurisCrida14-300x200.jpg 300w, https:\/\/www.tucomarca.com\/wordpress\/segunda\/wp-content\/uploads\/2026\/03\/TurisCrida14-768x512.jpg 768w\" sizes=\"auto, (max-width: 945px) 100vw, 945px\" \/><\/figure>\n\n\n\n<figure class=\"wp-block-image size-large\"><img loading=\"lazy\" decoding=\"async\" width=\"945\" height=\"630\" data-id=\"295636\" src=\"https:\/\/www.tucomarca.com\/wordpress\/segunda\/wp-content\/uploads\/2026\/03\/TurisCrida15.jpg\" alt=\"\" class=\"wp-image-295636\" srcset=\"https:\/\/www.tucomarca.com\/wordpress\/segunda\/wp-content\/uploads\/2026\/03\/TurisCrida15.jpg 945w, https:\/\/www.tucomarca.com\/wordpress\/segunda\/wp-content\/uploads\/2026\/03\/TurisCrida15-300x200.jpg 300w, https:\/\/www.tucomarca.com\/wordpress\/segunda\/wp-content\/uploads\/2026\/03\/TurisCrida15-768x512.jpg 768w\" sizes=\"auto, (max-width: 945px) 100vw, 945px\" \/><\/figure>\n\n\n\n<figure class=\"wp-block-image size-large\"><img loading=\"lazy\" decoding=\"async\" width=\"945\" height=\"630\" data-id=\"295628\" src=\"https:\/\/www.tucomarca.com\/wordpress\/segunda\/wp-content\/uploads\/2026\/03\/TurisCrida11.jpg\" alt=\"\" class=\"wp-image-295628\" srcset=\"https:\/\/www.tucomarca.com\/wordpress\/segunda\/wp-content\/uploads\/2026\/03\/TurisCrida11.jpg 945w, https:\/\/www.tucomarca.com\/wordpress\/segunda\/wp-content\/uploads\/2026\/03\/TurisCrida11-300x200.jpg 300w, https:\/\/www.tucomarca.com\/wordpress\/segunda\/wp-content\/uploads\/2026\/03\/TurisCrida11-768x512.jpg 768w\" sizes=\"auto, (max-width: 945px) 100vw, 945px\" \/><\/figure>\n\n\n\n<figure class=\"wp-block-image size-large\"><img loading=\"lazy\" decoding=\"async\" width=\"945\" height=\"630\" data-id=\"295626\" src=\"https:\/\/www.tucomarca.com\/wordpress\/segunda\/wp-content\/uploads\/2026\/03\/TurisCrida10.jpg\" alt=\"\" class=\"wp-image-295626\" srcset=\"https:\/\/www.tucomarca.com\/wordpress\/segunda\/wp-content\/uploads\/2026\/03\/TurisCrida10.jpg 945w, https:\/\/www.tucomarca.com\/wordpress\/segunda\/wp-content\/uploads\/2026\/03\/TurisCrida10-300x200.jpg 300w, https:\/\/www.tucomarca.com\/wordpress\/segunda\/wp-content\/uploads\/2026\/03\/TurisCrida10-768x512.jpg 768w\" sizes=\"auto, (max-width: 945px) 100vw, 945px\" \/><\/figure>\n\n\n\n<figure class=\"wp-block-image size-large\"><img loading=\"lazy\" decoding=\"async\" width=\"945\" height=\"630\" data-id=\"295624\" src=\"https:\/\/www.tucomarca.com\/wordpress\/segunda\/wp-content\/uploads\/2026\/03\/TurisCrida09.jpg\" alt=\"\" class=\"wp-image-295624\" srcset=\"https:\/\/www.tucomarca.com\/wordpress\/segunda\/wp-content\/uploads\/2026\/03\/TurisCrida09.jpg 945w, https:\/\/www.tucomarca.com\/wordpress\/segunda\/wp-content\/uploads\/2026\/03\/TurisCrida09-300x200.jpg 300w, https:\/\/www.tucomarca.com\/wordpress\/segunda\/wp-content\/uploads\/2026\/03\/TurisCrida09-768x512.jpg 768w\" sizes=\"auto, (max-width: 945px) 100vw, 945px\" \/><\/figure>\n\n\n\n<figure class=\"wp-block-image size-large\"><img loading=\"lazy\" decoding=\"async\" width=\"1024\" height=\"683\" data-id=\"295618\" src=\"https:\/\/www.tucomarca.com\/wordpress\/segunda\/wp-content\/uploads\/2026\/03\/TurisCrida06-1024x683.jpg\" alt=\"\" class=\"wp-image-295618\" srcset=\"https:\/\/www.tucomarca.com\/wordpress\/segunda\/wp-content\/uploads\/2026\/03\/TurisCrida06-1024x683.jpg 1024w, https:\/\/www.tucomarca.com\/wordpress\/segunda\/wp-content\/uploads\/2026\/03\/TurisCrida06-300x200.jpg 300w, https:\/\/www.tucomarca.com\/wordpress\/segunda\/wp-content\/uploads\/2026\/03\/TurisCrida06-768x512.jpg 768w, https:\/\/www.tucomarca.com\/wordpress\/segunda\/wp-content\/uploads\/2026\/03\/TurisCrida06-1536x1024.jpg 1536w, https:\/\/www.tucomarca.com\/wordpress\/segunda\/wp-content\/uploads\/2026\/03\/TurisCrida06-2048x1365.jpg 2048w\" sizes=\"auto, (max-width: 1024px) 100vw, 1024px\" \/><\/figure>\n<\/figure>\n","protected":false},"excerpt":{"rendered":"<div class=\"mh-excerpt\">Tur\u00eds ha viscut un intens cap de setmana marcat per la concentraci\u00f3 d\u2019actes fallers que anuncien la imminent arribada de les Falles. La programaci\u00f3 va comen\u00e7ar divendres amb el tradicional sopar de gala de la <a class=\"mh-excerpt-more\" href=\"https:\/\/www.tucomarca.com\/wordpress\/segunda\/ca\/fotogaleria-la-crida-fallera-posa-el-punt-i-seguit-a-un-intens-cap-de-setmana-festiu-a-turis\/\" title=\"Fotogaleria: La crida fallera posa el punt i seguit a un intens cap de setmana festiu a Tur\u00eds\">[+] <\/a><\/div>\n","protected":false},"author":12,"featured_media":295623,"comment_status":"closed","ping_status":"open","sticky":false,"template":"","format":"gallery","meta":{"footnotes":""},"categories":[8,10894,42,10902,5,11004,11007,11008,383,10896,3,43,11047],"tags":[23199,11356,11093],"class_list":{"0":"post-295639","1":"post","2":"type-post","3":"status-publish","4":"format-gallery","5":"has-post-thumbnail","7":"category-la-comarca","8":"category-la-comarca-ca","9":"category-la-ribera","10":"category-la-ribera-ca","11":"category-la-semana-en-imagenes","12":"category-la-semana-en-imagenes-ca","13":"category-ocio-y-cultura-ca","14":"category-pueblos-en-fiestas-ca","15":"category-pueblos-en-fiestas","16":"category-seccion-ca","17":"category-seccion","18":"category-turis","19":"category-turis-ca","20":"tag-fallas-2026-ca","21":"tag-ribera-alta-ca","22":"tag-turis-ca","23":"post_format-post-format-gallery"},"_links":{"self":[{"href":"https:\/\/www.tucomarca.com\/wordpress\/segunda\/ca\/wp-json\/wp\/v2\/posts\/295639","targetHints":{"allow":["GET"]}}],"collection":[{"href":"https:\/\/www.tucomarca.com\/wordpress\/segunda\/ca\/wp-json\/wp\/v2\/posts"}],"about":[{"href":"https:\/\/www.tucomarca.com\/wordpress\/segunda\/ca\/wp-json\/wp\/v2\/types\/post"}],"author":[{"embeddable":true,"href":"https:\/\/www.tucomarca.com\/wordpress\/segunda\/ca\/wp-json\/wp\/v2\/users\/12"}],"replies":[{"embeddable":true,"href":"https:\/\/www.tucomarca.com\/wordpress\/segunda\/ca\/wp-json\/wp\/v2\/comments?post=295639"}],"version-history":[{"count":0,"href":"https:\/\/www.tucomarca.com\/wordpress\/segunda\/ca\/wp-json\/wp\/v2\/posts\/295639\/revisions"}],"wp:featuredmedia":[{"embeddable":true,"href":"https:\/\/www.tucomarca.com\/wordpress\/segunda\/ca\/wp-json\/wp\/v2\/media\/295623"}],"wp:attachment":[{"href":"https:\/\/www.tucomarca.com\/wordpress\/segunda\/ca\/wp-json\/wp\/v2\/media?parent=295639"}],"wp:term":[{"taxonomy":"category","embeddable":true,"href":"https:\/\/www.tucomarca.com\/wordpress\/segunda\/ca\/wp-json\/wp\/v2\/categories?post=295639"},{"taxonomy":"post_tag","embeddable":true,"href":"https:\/\/www.tucomarca.com\/wordpress\/segunda\/ca\/wp-json\/wp\/v2\/tags?post=295639"}],"curies":[{"name":"wp","href":"https:\/\/api.w.org\/{rel}","templated":true}]}}