{"id":295713,"date":"2026-03-13T09:00:00","date_gmt":"2026-03-13T08:00:00","guid":{"rendered":"https:\/\/www.tucomarca.com\/wordpress\/segunda\/?p=295713"},"modified":"2026-03-14T12:35:02","modified_gmt":"2026-03-14T11:35:02","slug":"un-home-de-49-anys-resulta-ferit-despres-de-ser-incendiat-presumptament-per-la-seua-parella-a-xiva","status":"publish","type":"post","link":"https:\/\/www.tucomarca.com\/wordpress\/segunda\/ca\/un-home-de-49-anys-resulta-ferit-despres-de-ser-incendiat-presumptament-per-la-seua-parella-a-xiva\/","title":{"rendered":"Un home de 49 anys resulta ferit despr\u00e9s de ser incendiat presumptament per la seua parella a Xiva"},"content":{"rendered":"\n<p>Un home de 49 anys roman ingressat en estat molt greu despr\u00e9s que, presumptament, la seua parella li ruixara amb un l\u00edquid inflamable i li calara foc durant la passada nit en el domicili familiar de Xiva. La dona ha sigut detinguda per agents de la Gu\u00e0rdia Civil poc despr\u00e9s dels fets.<\/p>\n\n\n\n<p>Segons les primeres informacions de la investigaci\u00f3, el succ\u00e9s es va produir mentre la v\u00edctima es trobava dormint. La dona hauria utilitzat un combustible que la fam\u00edlia emprava habitualment per a encendre l&#8217;estufa de l&#8217;habitatge i, despr\u00e9s de ruixar a l&#8217;home amb el l\u00edquid, li va calar foc.<\/p>\n\n\n\n<p>Despr\u00e9s de l&#8217;agressi\u00f3, l&#8217;home va aconseguir demanar ajuda des d&#8217;una de les finestres de la casa. Un ve\u00ed va alertar immediatament a la Policia Local i a la Gu\u00e0rdia Civil, els agents de la qual van acudir r\u00e0pidament al lloc per a auxiliar a la v\u00edctima.<\/p>\n\n\n\n<p>En un primer moment, el ferit va ser traslladat en un vehicle policial al centre de salut de la localitat, on va rebre les primeres atencions m\u00e8diques. Posteriorment va ser evacuat a l&#8217;Hospital Universitari i Polit\u00e8cnic La Fe de Val\u00e8ncia, on ha quedat ingressat en la Unitat de Cremats amb lesions de car\u00e0cter molt greu.<\/p>\n\n\n\n<p>Durant el succ\u00e9s es trobava a l&#8217;interior de l&#8217;habitatge la filla de la dona, una menor de 16 anys, que va presenciar els fets.<\/p>\n\n\n\n<p>La Gu\u00e0rdia Civil mant\u00e9 oberta la investigaci\u00f3 per a esclarir completament l&#8217;ocorregut i determinar les circumst\u00e0ncies que van envoltar l&#8217;agressi\u00f3, per al que ja ha pres declaraci\u00f3 a diverses persones de l&#8217;entorn familiar de la parella.<\/p>\n","protected":false},"excerpt":{"rendered":"<div class=\"mh-excerpt\">Un home de 49 anys roman ingressat en estat molt greu despr\u00e9s que, presumptament, la seua parella li ruixara amb un l\u00edquid inflamable i li calara foc durant la passada nit en el domicili familiar <a class=\"mh-excerpt-more\" href=\"https:\/\/www.tucomarca.com\/wordpress\/segunda\/ca\/un-home-de-49-anys-resulta-ferit-despres-de-ser-incendiat-presumptament-per-la-seua-parella-a-xiva\/\" title=\"Un home de 49 anys resulta ferit despr\u00e9s de ser incendiat presumptament per la seua parella a Xiva\">[+] <\/a><\/div>\n","protected":false},"author":12,"featured_media":115119,"comment_status":"closed","ping_status":"open","sticky":false,"template":"","format":"standard","meta":{"footnotes":""},"categories":[10898,10894,10912,10896,10897,10975],"tags":[11195,10914],"class_list":{"0":"post-295713","1":"post","2":"type-post","3":"status-publish","4":"format-standard","5":"has-post-thumbnail","7":"category-ventana-ca","8":"category-la-comarca-ca","9":"category-la-hoya-ca","10":"category-seccion-ca","11":"category-sucesos-la-comarca-ca","12":"category-chiva-ca","13":"tag-chiva-ca","14":"tag-la-hoya-de-bunol-chiva-ca"},"_links":{"self":[{"href":"https:\/\/www.tucomarca.com\/wordpress\/segunda\/ca\/wp-json\/wp\/v2\/posts\/295713","targetHints":{"allow":["GET"]}}],"collection":[{"href":"https:\/\/www.tucomarca.com\/wordpress\/segunda\/ca\/wp-json\/wp\/v2\/posts"}],"about":[{"href":"https:\/\/www.tucomarca.com\/wordpress\/segunda\/ca\/wp-json\/wp\/v2\/types\/post"}],"author":[{"embeddable":true,"href":"https:\/\/www.tucomarca.com\/wordpress\/segunda\/ca\/wp-json\/wp\/v2\/users\/12"}],"replies":[{"embeddable":true,"href":"https:\/\/www.tucomarca.com\/wordpress\/segunda\/ca\/wp-json\/wp\/v2\/comments?post=295713"}],"version-history":[{"count":0,"href":"https:\/\/www.tucomarca.com\/wordpress\/segunda\/ca\/wp-json\/wp\/v2\/posts\/295713\/revisions"}],"wp:featuredmedia":[{"embeddable":true,"href":"https:\/\/www.tucomarca.com\/wordpress\/segunda\/ca\/wp-json\/wp\/v2\/media\/115119"}],"wp:attachment":[{"href":"https:\/\/www.tucomarca.com\/wordpress\/segunda\/ca\/wp-json\/wp\/v2\/media?parent=295713"}],"wp:term":[{"taxonomy":"category","embeddable":true,"href":"https:\/\/www.tucomarca.com\/wordpress\/segunda\/ca\/wp-json\/wp\/v2\/categories?post=295713"},{"taxonomy":"post_tag","embeddable":true,"href":"https:\/\/www.tucomarca.com\/wordpress\/segunda\/ca\/wp-json\/wp\/v2\/tags?post=295713"}],"curies":[{"name":"wp","href":"https:\/\/api.w.org\/{rel}","templated":true}]}}