{"id":295733,"date":"2026-03-13T11:00:00","date_gmt":"2026-03-13T10:00:00","guid":{"rendered":"https:\/\/www.tucomarca.com\/wordpress\/segunda\/?p=295733"},"modified":"2026-03-14T14:00:02","modified_gmt":"2026-03-14T13:00:02","slug":"la-diputacio-dona-un-nou-impuls-al-seu-circuit-de-carreras-de-la-ma-de-lasociacion-espanola-contra-el-cancer","status":"publish","type":"post","link":"https:\/\/www.tucomarca.com\/wordpress\/segunda\/ca\/la-diputacio-dona-un-nou-impuls-al-seu-circuit-de-carreras-de-la-ma-de-lasociacion-espanola-contra-el-cancer\/","title":{"rendered":"La Diputaci\u00f3 dona un nou impuls al seu Circuit de Carreras de la m\u00e0 de l\u2019Asociaci\u00f3n Espa\u00f1ola Contra el C\u00e1ncer"},"content":{"rendered":"\n<h3 class=\"wp-block-heading\">Despr\u00e9s de 26 edicions, el rebatejat Circuit de Carreras by Diputaci\u00f3 de Val\u00e8ncia s&#8217;integra en la iniciativa solid\u00e0ria RunC\u00e1ncer, celebrant carreres en 14 municipis entre l&#8217;1 de mar\u00e7 i el 27 de desembre.<\/h3>\n\n\n\n<h3 class=\"wp-block-heading\">El president Vicent Momp\u00f3 destaca que \u201cel nou circuit suposa la consolidaci\u00f3 d&#8217;un moviment que ja forma part de la identitat solid\u00e0ria de la nostra prov\u00edncia\u201d.<\/h3>\n\n\n\n<p>La Diputaci\u00f3 de Val\u00e8ncia ha decidit donar un nou impuls, de la m\u00e0 de l&#8217;Asociaci\u00f3n Espa\u00f1ola Contra el C\u00e1ncer, al seu c\u00e8lebre Circuit de Carreras Populares, que passa a denominar-se Circuit de Carreras by Diputaci\u00f3 de Val\u00e8ncia. Despr\u00e9s de 26 edicions, despr\u00e9s de les quals la competici\u00f3 ha aconseguit consolidar-se com un dels cert\u00e0mens esportius m\u00e9s emblem\u00e0tics de tota Espa\u00f1a, l&#8217;\u00e0rea d&#8217;Esports que dirigix el diputat Pedro Cuesta ha pres la decisi\u00f3 d&#8217;integrar les carreres dins del circuit solidari RunC\u00e1ncer.<\/p>\n\n\n\n<p>A partir d&#8217;enguany, les proves del Circuit de Carreras by Diputaci\u00f3 de Val\u00e8ncia passen a formar part de les m\u00e9s de 100 marxes que componen el calendari de Runc\u00e1ncer, un projecte que destina el 100% de la seua recaptaci\u00f3 a la investigaci\u00f3 en c\u00e0ncer. Esta integraci\u00f3 permet als corredors participar en una classificaci\u00f3 general, la qual cosa refor\u00e7a l&#8217;atractiu competitiu sense perdre l&#8217;ess\u00e8ncia solid\u00e0ria que caracteritza al projecte.<\/p>\n\n\n\n<figure class=\"wp-block-image size-large\"><img loading=\"lazy\" decoding=\"async\" width=\"1024\" height=\"686\" src=\"https:\/\/www.tucomarca.com\/wordpress\/segunda\/wp-content\/uploads\/2026\/03\/DipuRUNCANCER--1024x686.jpg\" alt=\"\" class=\"wp-image-295721\" srcset=\"https:\/\/www.tucomarca.com\/wordpress\/segunda\/wp-content\/uploads\/2026\/03\/DipuRUNCANCER--1024x686.jpg 1024w, https:\/\/www.tucomarca.com\/wordpress\/segunda\/wp-content\/uploads\/2026\/03\/DipuRUNCANCER--300x201.jpg 300w, https:\/\/www.tucomarca.com\/wordpress\/segunda\/wp-content\/uploads\/2026\/03\/DipuRUNCANCER--768x514.jpg 768w, https:\/\/www.tucomarca.com\/wordpress\/segunda\/wp-content\/uploads\/2026\/03\/DipuRUNCANCER-.jpg 1181w\" sizes=\"auto, (max-width: 1024px) 100vw, 1024px\" \/><\/figure>\n\n\n\n<p>Este divendres s\u2019ha presentat de manera oficial la nova iniciativa, amb la pres\u00e8ncia del president de la Diputaci\u00f3, Vicent Momp\u00f3, el diputat d&#8217;Esports, Pedro Cuesta, i el president de l&#8217;Asociaci\u00f3n Espa\u00f1ola Contra el C\u00e1ncer a Val\u00e8ncia, Tom\u00e1s Trenor. Momp\u00f3 ha subratllat que \u201chui fem un pas m\u00e9s en el nostre comprom\u00eds amb la lluita contra el c\u00e0ncer. El nou circuit no \u00e9s simplement una novetat, sin\u00f3 la consolidaci\u00f3 d&#8217;un moviment que ja forma part de la identitat solid\u00e0ria de la nostra prov\u00edncia\u201d.<\/p>\n\n\n\n<p>El president provincial ha manifestat, aix\u00ed mateix, \u201cque amb esta col\u00b7laboraci\u00f3 la prov\u00edncia de Val\u00e8ncia torna a demostrar que sap c\u00f3rrer unida quan la meta \u00e9s ajudar als altres, per aix\u00f2 estic conven\u00e7ut que el nou circuit ser\u00e0 tot un \u00e8xit, perqu\u00e8 quan esport i solidaritat corren junts la meta sempre val la pena.&nbsp;<\/p>\n\n\n\n<p>\u201cL&#8217;objectiu del canvi de format \u00e9s continuar amb la promoci\u00f3 de l&#8217;esport, i en concret l&#8217;esport popular, permetent als corredors participar en un circuit de carreres amb una fi solid\u00e0ria, al mateix temps que portar la nostra competici\u00f3 a m\u00e9s poblacions de la prov\u00edncia\u201d, ha assenyalat Pedro Cuesta, afegint que \u201cdespr\u00e9s d&#8217;anys donant suport a un projecte que destina el 100% de la seua recaptaci\u00f3 a la investigaci\u00f3 contra el c\u00e0ncer, hem fet un pas m\u00e9s formant part d&#8217;ell i aix\u00ed consolidant-lo com el major moviment esportiu i solidari del nostre territori\u201d.<\/p>\n\n\n\n<p>Per part seua, Tom\u00e1s Trenor ha agra\u00eft a la Diputaci\u00f3 \u201canar un pas m\u00e9s enll\u00e0 en el vostre comprom\u00eds amb RunC\u00e1ncer. Esta integraci\u00f3 ve a complementar i refor\u00e7ar les tradicionals marxes solid\u00e0ries, oferint tamb\u00e9 als corredors l&#8217;oportunitat de formar part d&#8217;una competici\u00f3 solid\u00e0ria que suma esport, comprom\u00eds i solidaritat. Este suport no sols impulsa este circuit, sin\u00f3 que envia un missatge molt clar: que la lluita contra el c\u00e0ncer \u00e9s una causa de tots i que nom\u00e9s des de la col\u00b7laboraci\u00f3 podem continuar avan\u00e7ant\u201d.<\/p>\n\n\n\n<p>Cal recordar que les marxes de RunC\u00e1ncer, la recaptaci\u00f3 de les quals es destina \u00edntegrament a finan\u00e7ar projectes d&#8217;investigaci\u00f3 oncol\u00f2gica impulsats per l&#8217;Asociaci\u00f3n Espa\u00f1ola Contra el C\u00e1ncer a Val\u00e8ncia, mobilitza cada any a m\u00e9s de 100.000 persones en tota la prov\u00edncia, la qual cosa ha perm\u00e9s desenvolupar en l&#8217;actualitat m\u00e9s de 50 projectes d&#8217;investigaci\u00f3 dones doncs de 12 edicions. S&#8217;espera que, amb la integraci\u00f3 de les carreres del Circuit de la Diputaci\u00f3 l&#8217;increment de la participaci\u00f3 i, per tant, de la recaptaci\u00f3, siga substancial.<\/p>\n\n\n\n<p><strong>Novetats i calendari de proves&nbsp;<\/strong><\/p>\n\n\n\n<p>El renovat circuit ha incrementat aix\u00ed mateix el nombre de proves que el componen, passant de les 11 de 2025 a les 14 que ara com ara estan confirmades per a enguany, a les quals encara pot unir-se alguna m\u00e9s en pr\u00f2ximes dates. Per a competir per la classificaci\u00f3 general del circuit, \u00e9s suficient amb participar i acabar el m\u00ednim de carreres que s&#8217;exigix en el reglament (la mitat m\u00e9s una). La participaci\u00f3 en el circuit continua sent gratu\u00efta, per la qual cosa nom\u00e9s \u00e9s necessari abonar la inscripci\u00f3 de la carrera en la qual cada atleta vaja a competir.<\/p>\n\n\n\n<p>Enguany l&#8217;import de les inscripcions en les carreres s&#8217;ha unificat en 5 euros, que aniran destinats \u00edntegrament a finan\u00e7ar projectes d&#8217;investigaci\u00f3 contra el c\u00e0ncer. A m\u00e9s, en concordan\u00e7a amb la fi solid\u00e0ria del nou format, s&#8217;han eliminat els premis en met\u00e0l\u00b7lic, sense perju\u00ed de poder obsequiar als millors classificats amb material esportiu.<\/p>\n\n\n\n<p>La primera de les 14 proves confirmades ja es va disputar el passat 1 de mar\u00e7 en la localitat de Rafelbunyol, on ja es va poder comprovar el gran \u00e8xit de p\u00fablic i de recaptaci\u00f3 que genera el nou projecte. La seg\u00fcent carrera tindr\u00e0 lloc el 24 d&#8217;abril a Montserrat, a la qual seguiran les proves de Paterna (26 d&#8217;abril), Paiporta (31 de maig), Alboraia (27 de juny), l&#8217;Alc\u00fadia (5 de setembre), Torrent (26 de setembre), X\u00e0tiva (27 de setembre), Val\u00e8ncia (18 d&#8217;octubre), Gandia (25 d&#8217;octubre), Alfafar (8 de novembre), l&#8217;Olleria (15 de novembre) y Picassent (13 de desembre). La carrera que tanca el circuit se celebrar\u00e0 el 27 de desembre en el municipi d&#8217;Alc\u00e0sser.<\/p>\n","protected":false},"excerpt":{"rendered":"<div class=\"mh-excerpt\">Despr\u00e9s de 26 edicions, el rebatejat Circuit de Carreras by Diputaci\u00f3 de Val\u00e8ncia s&#8217;integra en la iniciativa solid\u00e0ria RunC\u00e1ncer, celebrant carreres en 14 municipis entre l&#8217;1 de mar\u00e7 i el 27 de desembre. El president <a class=\"mh-excerpt-more\" href=\"https:\/\/www.tucomarca.com\/wordpress\/segunda\/ca\/la-diputacio-dona-un-nou-impuls-al-seu-circuit-de-carreras-de-la-ma-de-lasociacion-espanola-contra-el-cancer\/\" title=\"La Diputaci\u00f3 dona un nou impuls al seu Circuit de Carreras de la m\u00e0 de l\u2019Asociaci\u00f3n Espa\u00f1ola Contra el C\u00e1ncer\">[+] <\/a><\/div>\n","protected":false},"author":12,"featured_media":295724,"comment_status":"closed","ping_status":"open","sticky":false,"template":"","format":"gallery","meta":{"footnotes":""},"categories":[11019,11018,11003,10898,10948,8,10894,72,10904,11007,7,142,10947,10896,3,45],"tags":[11246,11426],"class_list":{"0":"post-295733","1":"post","2":"type-post","3":"status-publish","4":"format-gallery","5":"has-post-thumbnail","7":"category-agenda-ca","8":"category-atletisme","9":"category-sports","10":"category-ventana-ca","11":"category-infraestructuras-ca","12":"category-la-comarca","13":"category-la-comarca-ca","14":"category-sin-categorizar","15":"category-sin-categorizar-ca","16":"category-ocio-y-cultura-ca","17":"category-ocio-y-cultura","18":"category-politica-la-comarca","19":"category-politica","20":"category-seccion-ca","21":"category-seccion","22":"category-ventana","23":"tag-diputacio-de-valencia-ca","24":"tag-runcancer-ca","25":"post_format-post-format-gallery"},"_links":{"self":[{"href":"https:\/\/www.tucomarca.com\/wordpress\/segunda\/ca\/wp-json\/wp\/v2\/posts\/295733","targetHints":{"allow":["GET"]}}],"collection":[{"href":"https:\/\/www.tucomarca.com\/wordpress\/segunda\/ca\/wp-json\/wp\/v2\/posts"}],"about":[{"href":"https:\/\/www.tucomarca.com\/wordpress\/segunda\/ca\/wp-json\/wp\/v2\/types\/post"}],"author":[{"embeddable":true,"href":"https:\/\/www.tucomarca.com\/wordpress\/segunda\/ca\/wp-json\/wp\/v2\/users\/12"}],"replies":[{"embeddable":true,"href":"https:\/\/www.tucomarca.com\/wordpress\/segunda\/ca\/wp-json\/wp\/v2\/comments?post=295733"}],"version-history":[{"count":0,"href":"https:\/\/www.tucomarca.com\/wordpress\/segunda\/ca\/wp-json\/wp\/v2\/posts\/295733\/revisions"}],"wp:featuredmedia":[{"embeddable":true,"href":"https:\/\/www.tucomarca.com\/wordpress\/segunda\/ca\/wp-json\/wp\/v2\/media\/295724"}],"wp:attachment":[{"href":"https:\/\/www.tucomarca.com\/wordpress\/segunda\/ca\/wp-json\/wp\/v2\/media?parent=295733"}],"wp:term":[{"taxonomy":"category","embeddable":true,"href":"https:\/\/www.tucomarca.com\/wordpress\/segunda\/ca\/wp-json\/wp\/v2\/categories?post=295733"},{"taxonomy":"post_tag","embeddable":true,"href":"https:\/\/www.tucomarca.com\/wordpress\/segunda\/ca\/wp-json\/wp\/v2\/tags?post=295733"}],"curies":[{"name":"wp","href":"https:\/\/api.w.org\/{rel}","templated":true}]}}