{"id":295751,"date":"2026-03-13T12:00:00","date_gmt":"2026-03-13T11:00:00","guid":{"rendered":"https:\/\/www.tucomarca.com\/wordpress\/segunda\/?p=295751"},"modified":"2026-03-14T13:04:53","modified_gmt":"2026-03-14T12:04:53","slug":"benaguasil-inaugura-el-seu-museu-faller-i-forum-cultural-i-de-senyes-didentitat","status":"publish","type":"post","link":"https:\/\/www.tucomarca.com\/wordpress\/segunda\/ca\/benaguasil-inaugura-el-seu-museu-faller-i-forum-cultural-i-de-senyes-didentitat\/","title":{"rendered":"Benaguasil inaugura el seu Museu Faller i F\u00f2rum Cultural i de senyes d&#8217;identitat"},"content":{"rendered":"\n<h3 class=\"wp-block-heading\">La rehabilitaci\u00f3 de la Antiga Estaci\u00f3 de Dalt, finan\u00e7ada per la Generalitat, transforma l&#8217;antic recinte ferroviari en un nou espai cultural per a la ciutadania.<\/h3>\n\n\n\n<p>Benaguasil va inaugurar ahir el seu nou Museu Faller i el F\u00f2rum Cultural i de senyes d&#8217;identitat, un espai que naix despr\u00e9s de la rehabilitaci\u00f3 de les antigues instal\u00b7lacions ferrovi\u00e0ries de la Antiga Estaci\u00f3 de Dalt.\u00a0<\/p>\n\n\n\n<p>La inauguraci\u00f3 va comptar amb la pres\u00e8ncia de l&#8217;alcalde de Benaguasil, Ximo Segarra, i de la vicepresidenta primera i consellera d&#8217;Habitatge, Ocupaci\u00f3, Joventut i Igualtat, Susana Camarero. Tots dos, juntament amb les Falleres Majors de Benaguasil, el president infantil i la presidenta de JLF van ser els encarregats de tallar la cinta inaugural d&#8217;aquest nou espai cultural destinat al gaudi de tota la ciutadania.<\/p>\n\n\n\n<p>L&#8217;acte tamb\u00e9 va comptar amb la pres\u00e8ncia dels representants de les 10 comissions falleres que van rebre un distintiu commemoratiu, a m\u00e9s de nombrosos ve\u00efns, entitats i associacions locals, aix\u00ed com membres de la corporaci\u00f3 municipal.<\/p>\n\n\n\n<figure class=\"wp-block-gallery has-nested-images columns-2 is-cropped wp-block-gallery-1 is-layout-flex wp-block-gallery-is-layout-flex\">\n<figure class=\"wp-block-image size-large\"><img loading=\"lazy\" decoding=\"async\" width=\"1024\" height=\"657\" data-id=\"295739\" src=\"https:\/\/www.tucomarca.com\/wordpress\/segunda\/wp-content\/uploads\/2026\/03\/BenaguasilMuseoInaugura3-1024x657.jpg\" alt=\"\" class=\"wp-image-295739\" srcset=\"https:\/\/www.tucomarca.com\/wordpress\/segunda\/wp-content\/uploads\/2026\/03\/BenaguasilMuseoInaugura3-1024x657.jpg 1024w, https:\/\/www.tucomarca.com\/wordpress\/segunda\/wp-content\/uploads\/2026\/03\/BenaguasilMuseoInaugura3-300x193.jpg 300w, https:\/\/www.tucomarca.com\/wordpress\/segunda\/wp-content\/uploads\/2026\/03\/BenaguasilMuseoInaugura3-768x493.jpg 768w, https:\/\/www.tucomarca.com\/wordpress\/segunda\/wp-content\/uploads\/2026\/03\/BenaguasilMuseoInaugura3-1536x986.jpg 1536w, https:\/\/www.tucomarca.com\/wordpress\/segunda\/wp-content\/uploads\/2026\/03\/BenaguasilMuseoInaugura3-2048x1315.jpg 2048w\" sizes=\"auto, (max-width: 1024px) 100vw, 1024px\" \/><\/figure>\n<\/figure>\n\n\n\n<p>El nou espai alberga el Museu Faller de Benaguasil, una iniciativa que busca posar en valor la tradici\u00f3 fallera de la localitat i preservar el seu patrimoni cultural. A trav\u00e9s d&#8217;aquest museu es pret\u00e9n difondre la hist\u00f2ria i la import\u00e0ncia de les falles en la vida social i festiva del municipi.<\/p>\n\n\n\n<p>A m\u00e9s, la planta baixa de l&#8217;edifici est\u00e0 dedicada a les senyes d&#8217;identitat de Benaguasil, amb un espai expositiu que arreplega diferents aspectes de la hist\u00f2ria local. En ell es posen en valor elements clau del municipi com la seua tradici\u00f3 agr\u00edcola, l&#8217;evoluci\u00f3 hist\u00f2rica de la localitat i els seus principals costums i tradicions, oferint a ve\u00efns i visitants una visi\u00f3 global de la identitat cultural de Benaguasil.<\/p>\n\n\n\n<p>Les instal\u00b7lacions i els seus voltants van ser adquirits per l&#8217;Ajuntament de Benaguasil en 2018 amb l&#8217;objectiu de recuperar-los per a \u00fas p\u00fablic. La seua rehabilitaci\u00f3 ha comptat amb finan\u00e7ament de la Generalitat Valenciana, concretament de la Secretaria Auton\u00f2mica d&#8217;Habitatge, que ha destinat 454.986 euros per a condicionar tant l&#8217;edifici com el seu entorn.<\/p>\n\n\n\n<h3 class=\"wp-block-heading\"><\/h3>\n\n\n\n<figure class=\"wp-block-gallery has-nested-images columns-2 is-cropped wp-block-gallery-2 is-layout-flex wp-block-gallery-is-layout-flex\">\n<figure class=\"wp-block-image size-large\"><img loading=\"lazy\" decoding=\"async\" width=\"1024\" height=\"683\" data-id=\"295741\" src=\"https:\/\/www.tucomarca.com\/wordpress\/segunda\/wp-content\/uploads\/2026\/03\/BenaguasilMuseoInaugura4-1024x683.jpg\" alt=\"\" class=\"wp-image-295741\" srcset=\"https:\/\/www.tucomarca.com\/wordpress\/segunda\/wp-content\/uploads\/2026\/03\/BenaguasilMuseoInaugura4-1024x683.jpg 1024w, https:\/\/www.tucomarca.com\/wordpress\/segunda\/wp-content\/uploads\/2026\/03\/BenaguasilMuseoInaugura4-300x200.jpg 300w, https:\/\/www.tucomarca.com\/wordpress\/segunda\/wp-content\/uploads\/2026\/03\/BenaguasilMuseoInaugura4-768x512.jpg 768w, https:\/\/www.tucomarca.com\/wordpress\/segunda\/wp-content\/uploads\/2026\/03\/BenaguasilMuseoInaugura4-1536x1025.jpg 1536w, https:\/\/www.tucomarca.com\/wordpress\/segunda\/wp-content\/uploads\/2026\/03\/BenaguasilMuseoInaugura4.jpg 2048w\" sizes=\"auto, (max-width: 1024px) 100vw, 1024px\" \/><\/figure>\n\n\n\n<figure class=\"wp-block-image size-large\"><img loading=\"lazy\" decoding=\"async\" width=\"1024\" height=\"683\" data-id=\"295743\" src=\"https:\/\/www.tucomarca.com\/wordpress\/segunda\/wp-content\/uploads\/2026\/03\/BenaguasilMuseoInaugura5-1024x683.jpg\" alt=\"\" class=\"wp-image-295743\" srcset=\"https:\/\/www.tucomarca.com\/wordpress\/segunda\/wp-content\/uploads\/2026\/03\/BenaguasilMuseoInaugura5-1024x683.jpg 1024w, https:\/\/www.tucomarca.com\/wordpress\/segunda\/wp-content\/uploads\/2026\/03\/BenaguasilMuseoInaugura5-300x200.jpg 300w, https:\/\/www.tucomarca.com\/wordpress\/segunda\/wp-content\/uploads\/2026\/03\/BenaguasilMuseoInaugura5-768x512.jpg 768w, https:\/\/www.tucomarca.com\/wordpress\/segunda\/wp-content\/uploads\/2026\/03\/BenaguasilMuseoInaugura5-1536x1025.jpg 1536w, https:\/\/www.tucomarca.com\/wordpress\/segunda\/wp-content\/uploads\/2026\/03\/BenaguasilMuseoInaugura5.jpg 2048w\" sizes=\"auto, (max-width: 1024px) 100vw, 1024px\" \/><\/figure>\n\n\n\n<figure class=\"wp-block-image size-large\"><img loading=\"lazy\" decoding=\"async\" width=\"1024\" height=\"683\" data-id=\"295737\" src=\"https:\/\/www.tucomarca.com\/wordpress\/segunda\/wp-content\/uploads\/2026\/03\/BenaguasilMuseoInaugura2-1024x683.jpg\" alt=\"\" class=\"wp-image-295737\" srcset=\"https:\/\/www.tucomarca.com\/wordpress\/segunda\/wp-content\/uploads\/2026\/03\/BenaguasilMuseoInaugura2-1024x683.jpg 1024w, https:\/\/www.tucomarca.com\/wordpress\/segunda\/wp-content\/uploads\/2026\/03\/BenaguasilMuseoInaugura2-300x200.jpg 300w, https:\/\/www.tucomarca.com\/wordpress\/segunda\/wp-content\/uploads\/2026\/03\/BenaguasilMuseoInaugura2-768x512.jpg 768w, https:\/\/www.tucomarca.com\/wordpress\/segunda\/wp-content\/uploads\/2026\/03\/BenaguasilMuseoInaugura2-1536x1025.jpg 1536w, https:\/\/www.tucomarca.com\/wordpress\/segunda\/wp-content\/uploads\/2026\/03\/BenaguasilMuseoInaugura2.jpg 2048w\" sizes=\"auto, (max-width: 1024px) 100vw, 1024px\" \/><\/figure>\n<\/figure>\n","protected":false},"excerpt":{"rendered":"<div class=\"mh-excerpt\">La rehabilitaci\u00f3 de la Antiga Estaci\u00f3 de Dalt, finan\u00e7ada per la Generalitat, transforma l&#8217;antic recinte ferroviari en un nou espai cultural per a la ciutadania. Benaguasil va inaugurar ahir el seu nou Museu Faller i <a class=\"mh-excerpt-more\" href=\"https:\/\/www.tucomarca.com\/wordpress\/segunda\/ca\/benaguasil-inaugura-el-seu-museu-faller-i-forum-cultural-i-de-senyes-didentitat\/\" title=\"Benaguasil inaugura el seu Museu Faller i F\u00f2rum Cultural i de senyes d&#8217;identitat\">[+] <\/a><\/div>\n","protected":false},"author":1,"featured_media":295736,"comment_status":"closed","ping_status":"open","sticky":false,"template":"","format":"standard","meta":{"footnotes":""},"categories":[10952,172,46,10892,10898,128,10948,8,10894,10904,72,5,11004,11007,7,11008,142,10947,383,10896,3,45],"tags":[10429,11136,10395,10899,80,11499,23198,23199],"class_list":{"0":"post-295751","1":"post","2":"type-post","3":"status-publish","4":"format-standard","5":"has-post-thumbnail","7":"category-benaguasil-ca","8":"category-benaguasil","9":"category-camp-de-turia","10":"category-camp-de-turia-ca","11":"category-ventana-ca","12":"category-infraestructuras","13":"category-infraestructuras-ca","14":"category-la-comarca","15":"category-la-comarca-ca","16":"category-sin-categorizar-ca","17":"category-sin-categorizar","18":"category-la-semana-en-imagenes","19":"category-la-semana-en-imagenes-ca","20":"category-ocio-y-cultura-ca","21":"category-ocio-y-cultura","22":"category-pueblos-en-fiestas-ca","23":"category-politica-la-comarca","24":"category-politica","25":"category-pueblos-en-fiestas","26":"category-seccion-ca","27":"category-seccion","28":"category-ventana","29":"tag-benaguasil","30":"tag-benaguasil-ca","31":"tag-camp-de-turia","32":"tag-camp-de-turia-ca","33":"tag-fallas","34":"tag-fallas-ca","35":"tag-fallas-2026","36":"tag-fallas-2026-ca"},"_links":{"self":[{"href":"https:\/\/www.tucomarca.com\/wordpress\/segunda\/ca\/wp-json\/wp\/v2\/posts\/295751","targetHints":{"allow":["GET"]}}],"collection":[{"href":"https:\/\/www.tucomarca.com\/wordpress\/segunda\/ca\/wp-json\/wp\/v2\/posts"}],"about":[{"href":"https:\/\/www.tucomarca.com\/wordpress\/segunda\/ca\/wp-json\/wp\/v2\/types\/post"}],"author":[{"embeddable":true,"href":"https:\/\/www.tucomarca.com\/wordpress\/segunda\/ca\/wp-json\/wp\/v2\/users\/1"}],"replies":[{"embeddable":true,"href":"https:\/\/www.tucomarca.com\/wordpress\/segunda\/ca\/wp-json\/wp\/v2\/comments?post=295751"}],"version-history":[{"count":0,"href":"https:\/\/www.tucomarca.com\/wordpress\/segunda\/ca\/wp-json\/wp\/v2\/posts\/295751\/revisions"}],"wp:featuredmedia":[{"embeddable":true,"href":"https:\/\/www.tucomarca.com\/wordpress\/segunda\/ca\/wp-json\/wp\/v2\/media\/295736"}],"wp:attachment":[{"href":"https:\/\/www.tucomarca.com\/wordpress\/segunda\/ca\/wp-json\/wp\/v2\/media?parent=295751"}],"wp:term":[{"taxonomy":"category","embeddable":true,"href":"https:\/\/www.tucomarca.com\/wordpress\/segunda\/ca\/wp-json\/wp\/v2\/categories?post=295751"},{"taxonomy":"post_tag","embeddable":true,"href":"https:\/\/www.tucomarca.com\/wordpress\/segunda\/ca\/wp-json\/wp\/v2\/tags?post=295751"}],"curies":[{"name":"wp","href":"https:\/\/api.w.org\/{rel}","templated":true}]}}