{"id":295754,"date":"2026-03-13T08:30:00","date_gmt":"2026-03-13T07:30:00","guid":{"rendered":"https:\/\/www.tucomarca.com\/wordpress\/segunda\/?p=295754"},"modified":"2026-03-14T14:29:50","modified_gmt":"2026-03-14T13:29:50","slug":"bunyol-obri-el-termini-dinscripcio-per-a-lescola-de-pasqua-2026","status":"publish","type":"post","link":"https:\/\/www.tucomarca.com\/wordpress\/segunda\/ca\/bunyol-obri-el-termini-dinscripcio-per-a-lescola-de-pasqua-2026\/","title":{"rendered":"Bunyol obri el termini d&#8217;inscripci\u00f3 per a l&#8217;Escola de Pasqua 2026"},"content":{"rendered":"\n<h3 class=\"wp-block-heading\">Tindr\u00e0 lloc del 6 al 13 d&#8217;abril amb una proposta educativa centrada en el joc, la ci\u00e8ncia i l&#8217;educaci\u00f3 ambiental per a xiquets i xiquetes de 4 a 16 anys.<\/h3>\n\n\n\n<p>L&#8217;Ajuntament de Bunyol informa de l&#8217;obertura del termini d&#8217;inscripci\u00f3 per a l&#8217;Escola de Pasqua 2026, una proposta educativa i l\u00fadica dirigida a xiquets i xiquetes de 4 a 16 anys que se celebrar\u00e0 durant les vacances escolars de Pasqua, els dies 6, 7, 8, 9, 10 i 13 d&#8217;abril, en horari de 9:00 a 14:00 hores.<br>Sota el lema \u201cAventura en el volc\u00e0\u201d, aquesta edici\u00f3 s&#8217;emmarca dins del projecte educatiu La volta al m\u00f3n amb Auca. En aquesta ocasi\u00f3, els participants viatjaran simb\u00f2licament fins a Hawaii, on descobriran que un volc\u00e0 ha deixat de rugir perqu\u00e8 la naturalesa est\u00e0 desequilibrada. A partir d&#8217;aquesta hist\u00f2ria, els xiquets i xiquetes hauran de col\u00b7laborar per a restaurar l&#8217;harmonia entre foc, aigua, aire i terra, aprenent valors com el respecte pel medi ambient, la cooperaci\u00f3 i la conviv\u00e8ncia des d&#8217;un enfocament coeducatiu.<br>L&#8217;eix tem\u00e0tic de l&#8217;activitat ser\u00e0 la ci\u00e8ncia i el medi ambient, abordant continguts relacionats amb l&#8217;energia, els volcans o el reciclatge. L&#8217;objectiu principal \u00e9s despertar la consci\u00e8ncia ecol\u00f2gica i fomentar el respecte per la Terra a trav\u00e9s de din\u00e0miques educatives, jocs i activitats participatives.<br>L&#8217;Escola de Pasqua comptar\u00e0 amb 140 places i es desenvolupar\u00e0 en l&#8217;Institut Vell (IES de Bunyol), situat al carrer Rafael Ridaura, 13. El programa estar\u00e0 coordinat per AUCA Projectes Educatius i comptar\u00e0 amb un equip de monitors amb una r\u00e0tio d&#8217;un monitor o monitora per cada 15 participants, a m\u00e9s d&#8217;una persona coordinadora a partir de 40 inscrits.<br>El termini d&#8217;inscripci\u00f3 romandr\u00e0 obert fins al 22 de mar\u00e7. Les persones interessades poden formalitzar la seua inscripci\u00f3 a trav\u00e9s del seg\u00fcent enlla\u00e7: <a href=\"https:\/\/aucademy.es\/event\/inscripcion-escuela-de-pascua-bunol-2026-2056\/register\">https:\/\/aucademy.es\/event\/inscripcion-escuela-de-pascua-bunol-2026-2056\/register<\/a><\/p>\n\n\n\n<p><\/p>\n","protected":false},"excerpt":{"rendered":"<div class=\"mh-excerpt\">Tindr\u00e0 lloc del 6 al 13 d&#8217;abril amb una proposta educativa centrada en el joc, la ci\u00e8ncia i l&#8217;educaci\u00f3 ambiental per a xiquets i xiquetes de 4 a 16 anys. L&#8217;Ajuntament de Bunyol informa de <a class=\"mh-excerpt-more\" href=\"https:\/\/www.tucomarca.com\/wordpress\/segunda\/ca\/bunyol-obri-el-termini-dinscripcio-per-a-lescola-de-pasqua-2026\/\" title=\"Bunyol obri el termini d&#8217;inscripci\u00f3 per a l&#8217;Escola de Pasqua 2026\">[+] <\/a><\/div>\n","protected":false},"author":12,"featured_media":295749,"comment_status":"closed","ping_status":"open","sticky":false,"template":"","format":"standard","meta":{"footnotes":""},"categories":[11019,10911,10894,10912,11007,10896],"tags":[10913,24034,10914],"class_list":{"0":"post-295754","1":"post","2":"type-post","3":"status-publish","4":"format-standard","5":"has-post-thumbnail","7":"category-agenda-ca","8":"category-bunol-ca","9":"category-la-comarca-ca","10":"category-la-hoya-ca","11":"category-ocio-y-cultura-ca","12":"category-seccion-ca","13":"tag-bunol-ca","14":"tag-escuela-de-pascua-2026","15":"tag-la-hoya-de-bunol-chiva-ca"},"_links":{"self":[{"href":"https:\/\/www.tucomarca.com\/wordpress\/segunda\/ca\/wp-json\/wp\/v2\/posts\/295754","targetHints":{"allow":["GET"]}}],"collection":[{"href":"https:\/\/www.tucomarca.com\/wordpress\/segunda\/ca\/wp-json\/wp\/v2\/posts"}],"about":[{"href":"https:\/\/www.tucomarca.com\/wordpress\/segunda\/ca\/wp-json\/wp\/v2\/types\/post"}],"author":[{"embeddable":true,"href":"https:\/\/www.tucomarca.com\/wordpress\/segunda\/ca\/wp-json\/wp\/v2\/users\/12"}],"replies":[{"embeddable":true,"href":"https:\/\/www.tucomarca.com\/wordpress\/segunda\/ca\/wp-json\/wp\/v2\/comments?post=295754"}],"version-history":[{"count":0,"href":"https:\/\/www.tucomarca.com\/wordpress\/segunda\/ca\/wp-json\/wp\/v2\/posts\/295754\/revisions"}],"wp:featuredmedia":[{"embeddable":true,"href":"https:\/\/www.tucomarca.com\/wordpress\/segunda\/ca\/wp-json\/wp\/v2\/media\/295749"}],"wp:attachment":[{"href":"https:\/\/www.tucomarca.com\/wordpress\/segunda\/ca\/wp-json\/wp\/v2\/media?parent=295754"}],"wp:term":[{"taxonomy":"category","embeddable":true,"href":"https:\/\/www.tucomarca.com\/wordpress\/segunda\/ca\/wp-json\/wp\/v2\/categories?post=295754"},{"taxonomy":"post_tag","embeddable":true,"href":"https:\/\/www.tucomarca.com\/wordpress\/segunda\/ca\/wp-json\/wp\/v2\/tags?post=295754"}],"curies":[{"name":"wp","href":"https:\/\/api.w.org\/{rel}","templated":true}]}}