{"id":295770,"date":"2026-03-13T13:00:00","date_gmt":"2026-03-13T12:00:00","guid":{"rendered":"https:\/\/www.tucomarca.com\/wordpress\/segunda\/?p=295770"},"modified":"2026-03-14T13:34:37","modified_gmt":"2026-03-14T12:34:37","slug":"la-diputacio-de-valencia-reobri-la-carretera-que-va-quedar-destruida-per-la-dana-entre-chera-i-sot-de-chera","status":"publish","type":"post","link":"https:\/\/www.tucomarca.com\/wordpress\/segunda\/ca\/la-diputacio-de-valencia-reobri-la-carretera-que-va-quedar-destruida-per-la-dana-entre-chera-i-sot-de-chera\/","title":{"rendered":"La Diputaci\u00f3 de Val\u00e8ncia reobri la carretera que va quedar destru\u00efda per la DANA entre Chera i Sot de Chera"},"content":{"rendered":"\n<h3 class=\"wp-block-heading\">La reconstrucci\u00f3 de la CV-395, amb una inversi\u00f3 de 5,2 milions d&#8217;euros, ha requerit complexes obres per a recuperar un tram la plataforma del qual va arribar a desapar\u00e9ixer pels arrossegaments del temporal.<\/h3>\n\n\n\n<h3 class=\"wp-block-heading\">La diputada de Carreteres i vicepresidenta segona, Reme Mazzolari, subratlla que &#8220;retornar la normalitat a esta connexi\u00f3 vi\u00e0ria era fonamental per als ve\u00efns de Chera i Sot de Chera, perqu\u00e8 a m\u00e9s suposa l&#8217;enlla\u00e7 d&#8217;estos municipis de la Serran\u00eda amb la zona comarca d&#8217;Utiel-Requena i l&#8217;A-3&#8221;.<\/h3>\n\n\n\n<h3 class=\"wp-block-heading\">La intervenci\u00f3 ha incl\u00f2s actuacions per a protegir les estructures enfront de futurs episodis de pluges intenses, amb treballs de drenatge, condicionament del llit i refor\u00e7 de talussos mitjan\u00e7ant esculleres i sistemes de contenci\u00f3.<\/h3>\n\n\n\n<p>La Diputaci\u00f3 de Val\u00e8ncia obri hui al tr\u00e0nsit la carretera CV-395 entre Chera i Sot de Chera, una infraestructura que va quedar destru\u00efda despr\u00e9s de la DANA registrada el 29 d&#8217;octubre de 2024, per la qual cosa ha requerit una reconstrucci\u00f3 quasi integral per a ajustar-se a la nova orografia del terreny.<\/p>\n\n\n\n<p>La vicepresidenta segona i diputada de Carreteres, Reme Mazzolari, ha visitat este dijous el tram al costat dels alcaldes de Sot de Chera, Tom\u00e1s Cervera, i Chera, Alejandro Portero, per a comprovar sobre el terreny el resultat de les obres, que han suposat una inversi\u00f3 de 5.233.726 euros i han perm\u00e9s recuperar la connexi\u00f3 vi\u00e0ria entre els dos municipis.<\/p>\n\n\n\n<p>Mazzolari ha indicat que &#8220;la reconstrucci\u00f3 de la CV-395 ha requerit probablement l&#8217;actuaci\u00f3 t\u00e8cnica m\u00e9s complexa escomesa en la xarxa provincial a conseq\u00fc\u00e8ncia de la dana&#8221; i explica que \u201cels enormes desnivells del terreny, que arriben en alguns punts als 25 metres, en una orografia completament modificada pel pas de l&#8217;aigua que va fer desapar\u00e9ixer en alguns trams la pr\u00f2pia plataforma, han requerit solucions que van molt m\u00e9s all\u00e0 de la reparaci\u00f3 d&#8217;una carretera&#8221;<\/p>\n\n\n\n<p>La responsable provincial ha subratllat tamb\u00e9 que \u201cla Diputaci\u00f3 ha fet un gran esfor\u00e7 inversor, amb m\u00e9s de 5,2 milions d&#8217;euros, per a retornar la normalitat a esta connexi\u00f3 vi\u00e0ria que \u00e9s fonamental per als ve\u00efns de Chera i Sot de Chera, perqu\u00e8 a m\u00e9s suposa l&#8217;enlla\u00e7 d&#8217;estos municipis de la Serran\u00eda amb la comarca d&#8217;Utiel-Requena i l&#8217;A-3\u201d.<\/p>\n\n\n\n<p>Per part seua, l&#8217;alcalde de Sot de Chera, Tom\u00e1s Cervera, ha agra\u00eft l&#8217;actuaci\u00f3 de la Diputaci\u00f3 i ha posat en valor &#8220;el seguiment personal que ha realitzat la pr\u00f2pia diputada de l&#8217;avan\u00e7 de les obres, sempre acompanyada pel personal t\u00e8cnic de l&#8217;\u00e0rea de Carreteres; cosa que ens donava molta tranquilitat en un temps especialment dur per al nostre poble&#8221;.<\/p>\n\n\n\n<p>Cervera ha qualificat com &#8220;quasi un miracle&#8221; el termini en el qual s&#8217;ha recuperat la carretera: &#8220;si la Diputaci\u00f3 no haguera estat des del primer dia treballant en este projecte, hauria passat m\u00e9s d&#8217;una d\u00e8cada fins a poder circular de nou per ac\u00ed, amb el problema que a\u00e7\u00f2 hauria suposat per a estos municipis que necessitem la CV-395 tant en el nostre dia a dia com per a accedir a les principals vies de comunicaci\u00f3&#8221;.<\/p>\n\n\n\n<figure class=\"wp-block-gallery has-nested-images columns-default is-cropped wp-block-gallery-1 is-layout-flex wp-block-gallery-is-layout-flex\">\n<figure class=\"wp-block-image size-large\"><img loading=\"lazy\" decoding=\"async\" width=\"1024\" height=\"683\" data-id=\"295763\" src=\"https:\/\/www.tucomarca.com\/wordpress\/segunda\/wp-content\/uploads\/2026\/03\/DipuCTeraSot2-1024x683.jpg\" alt=\"\" class=\"wp-image-295763\" srcset=\"https:\/\/www.tucomarca.com\/wordpress\/segunda\/wp-content\/uploads\/2026\/03\/DipuCTeraSot2-1024x683.jpg 1024w, https:\/\/www.tucomarca.com\/wordpress\/segunda\/wp-content\/uploads\/2026\/03\/DipuCTeraSot2-300x200.jpg 300w, https:\/\/www.tucomarca.com\/wordpress\/segunda\/wp-content\/uploads\/2026\/03\/DipuCTeraSot2-768x512.jpg 768w, https:\/\/www.tucomarca.com\/wordpress\/segunda\/wp-content\/uploads\/2026\/03\/DipuCTeraSot2-1536x1024.jpg 1536w, https:\/\/www.tucomarca.com\/wordpress\/segunda\/wp-content\/uploads\/2026\/03\/DipuCTeraSot2-2048x1366.jpg 2048w\" sizes=\"auto, (max-width: 1024px) 100vw, 1024px\" \/><\/figure>\n\n\n\n<figure class=\"wp-block-image size-large\"><img loading=\"lazy\" decoding=\"async\" width=\"1024\" height=\"750\" data-id=\"295767\" src=\"https:\/\/www.tucomarca.com\/wordpress\/segunda\/wp-content\/uploads\/2026\/03\/DipuCTraSot3-1024x750.jpg\" alt=\"\" class=\"wp-image-295767\" srcset=\"https:\/\/www.tucomarca.com\/wordpress\/segunda\/wp-content\/uploads\/2026\/03\/DipuCTraSot3-1024x750.jpg 1024w, https:\/\/www.tucomarca.com\/wordpress\/segunda\/wp-content\/uploads\/2026\/03\/DipuCTraSot3-300x220.jpg 300w, https:\/\/www.tucomarca.com\/wordpress\/segunda\/wp-content\/uploads\/2026\/03\/DipuCTraSot3-768x562.jpg 768w, https:\/\/www.tucomarca.com\/wordpress\/segunda\/wp-content\/uploads\/2026\/03\/DipuCTraSot3-1536x1125.jpg 1536w, https:\/\/www.tucomarca.com\/wordpress\/segunda\/wp-content\/uploads\/2026\/03\/DipuCTraSot3-2048x1500.jpg 2048w, https:\/\/www.tucomarca.com\/wordpress\/segunda\/wp-content\/uploads\/2026\/03\/DipuCTraSot3-80x60.jpg 80w\" sizes=\"auto, (max-width: 1024px) 100vw, 1024px\" \/><\/figure>\n<\/figure>\n\n\n\n<p><\/p>\n\n\n\n<p><strong>Actuaci\u00f3 integral amb previsi\u00f3 de futurs temporals<\/strong><\/p>\n\n\n\n<p>L&#8217;episodi de pluges torrencials va provocar el desbordament del riu Reatillo, tamb\u00e9 conegut com riu Sot, causant cabals extraordinaris que van arrossegar grans quantitats de materials des de les muntanyes de la conca. Aix\u00f2 va provocar danys molt severs en la carretera, arribant en alguns punts a desapar\u00e9ixer completament la plataforma per efecte dels arrossegaments, l&#8217;erosi\u00f3 i els aterraments.<\/p>\n\n\n\n<p>La intervenci\u00f3 de la Diputaci\u00f3 ha perm\u00e9s reconstruir un tram de la CV-395, restablint la plataforma de la via i executant nombroses actuacions per a garantir l&#8217;estabilitat del terreny i la seguretat de la circulaci\u00f3.<\/p>\n\n\n\n<p>Entre els treballs realitzats destaquen la construcci\u00f3 d&#8217;importants murs d&#8217;escullera de fins a deu metres d&#8217;altura, l&#8217;estabilitzaci\u00f3 de talussos mitjan\u00e7ant xarxes de cables, bulons i malles de protecci\u00f3, aix\u00ed com l&#8217;execuci\u00f3 de noves estructures de drenatge i la reposici\u00f3 del ferm i dels sistemes de contenci\u00f3 de la carretera.<\/p>\n\n\n\n<p>A m\u00e9s, s&#8217;han executat actuacions per a protegir les estructures enfront de futurs episodis de pluges intenses, amb treballs de drenatge longitudinal i transversal, condicionament del llit i refor\u00e7 de talussos mitjan\u00e7ant esculleres i sistemes de contenci\u00f3.<\/p>\n\n\n\n<p>L&#8217;obra ha suposat un important moviment de materials, amb la col\u00b7locaci\u00f3 de quasi 19.000 metres c\u00fabics d&#8217;escullera, l&#8217;execuci\u00f3 de m\u00e9s de 4.000 metres c\u00fabics de formig\u00f3, la instal\u00b7laci\u00f3 de nous drenatges i l&#8217;extensi\u00f3 de prop de 1.900 tones de mescles bituminoses per a la reconstrucci\u00f3 del ferm.<\/p>\n\n\n\n<p>Una de les claus d&#8217;esta intervenci\u00f3 ha sigut la reutilitzaci\u00f3 de materials del propi barranc, en coordinaci\u00f3 amb la Confederaci\u00f3 Hidrogr\u00e0fica del X\u00faquer, estalviant aix\u00ed temps d&#8217;obra i el cost econ\u00f2mic per a les arques p\u00fabliques que suposaria haver de rec\u00f3rrer a prove\u00efdors externs per a, per exemple, al\u00e7ar els murs d&#8217;escullera.<\/p>\n","protected":false},"excerpt":{"rendered":"<div class=\"mh-excerpt\">La reconstrucci\u00f3 de la CV-395, amb una inversi\u00f3 de 5,2 milions d&#8217;euros, ha requerit complexes obres per a recuperar un tram la plataforma del qual va arribar a desapar\u00e9ixer pels arrossegaments del temporal. La diputada <a class=\"mh-excerpt-more\" href=\"https:\/\/www.tucomarca.com\/wordpress\/segunda\/ca\/la-diputacio-de-valencia-reobri-la-carretera-que-va-quedar-destruida-per-la-dana-entre-chera-i-sot-de-chera\/\" title=\"La Diputaci\u00f3 de Val\u00e8ncia reobri la carretera que va quedar destru\u00efda per la DANA entre Chera i Sot de Chera\">[+] <\/a><\/div>\n","protected":false},"author":1,"featured_media":295766,"comment_status":"closed","ping_status":"open","sticky":false,"template":"","format":"gallery","meta":{"footnotes":""},"categories":[11054,21466,11046,10898,10948,10894,10904,10903,10947,10909,10896,11026,10897],"tags":[11318,11246,19433,10910,17643],"class_list":{"0":"post-295770","1":"post","2":"type-post","3":"status-publish","4":"format-gallery","5":"has-post-thumbnail","7":"category-chera-ca","8":"category-dana-ca","9":"category-los-serranos-ca","10":"category-ventana-ca","11":"category-infraestructuras-ca","12":"category-la-comarca-ca","13":"category-sin-categorizar-ca","14":"category-medio-ambiente-la-comarca-ca","15":"category-politica","16":"category-requena-utiel-ca","17":"category-seccion-ca","18":"category-sot-de-chera-ca","19":"category-sucesos-la-comarca-ca","20":"tag-chera-ca","21":"tag-diputacio-de-valencia-ca","22":"tag-reme-mazzolari-ca","23":"tag-requena-utiel-ca","24":"tag-sot-de-chera-ca","25":"post_format-post-format-gallery"},"_links":{"self":[{"href":"https:\/\/www.tucomarca.com\/wordpress\/segunda\/ca\/wp-json\/wp\/v2\/posts\/295770","targetHints":{"allow":["GET"]}}],"collection":[{"href":"https:\/\/www.tucomarca.com\/wordpress\/segunda\/ca\/wp-json\/wp\/v2\/posts"}],"about":[{"href":"https:\/\/www.tucomarca.com\/wordpress\/segunda\/ca\/wp-json\/wp\/v2\/types\/post"}],"author":[{"embeddable":true,"href":"https:\/\/www.tucomarca.com\/wordpress\/segunda\/ca\/wp-json\/wp\/v2\/users\/1"}],"replies":[{"embeddable":true,"href":"https:\/\/www.tucomarca.com\/wordpress\/segunda\/ca\/wp-json\/wp\/v2\/comments?post=295770"}],"version-history":[{"count":0,"href":"https:\/\/www.tucomarca.com\/wordpress\/segunda\/ca\/wp-json\/wp\/v2\/posts\/295770\/revisions"}],"wp:featuredmedia":[{"embeddable":true,"href":"https:\/\/www.tucomarca.com\/wordpress\/segunda\/ca\/wp-json\/wp\/v2\/media\/295766"}],"wp:attachment":[{"href":"https:\/\/www.tucomarca.com\/wordpress\/segunda\/ca\/wp-json\/wp\/v2\/media?parent=295770"}],"wp:term":[{"taxonomy":"category","embeddable":true,"href":"https:\/\/www.tucomarca.com\/wordpress\/segunda\/ca\/wp-json\/wp\/v2\/categories?post=295770"},{"taxonomy":"post_tag","embeddable":true,"href":"https:\/\/www.tucomarca.com\/wordpress\/segunda\/ca\/wp-json\/wp\/v2\/tags?post=295770"}],"curies":[{"name":"wp","href":"https:\/\/api.w.org\/{rel}","templated":true}]}}