{"id":295804,"date":"2026-03-13T08:45:00","date_gmt":"2026-03-13T07:45:00","guid":{"rendered":"https:\/\/www.tucomarca.com\/wordpress\/segunda\/?p=295804"},"modified":"2026-03-14T14:35:14","modified_gmt":"2026-03-14T13:35:14","slug":"el-mercat-ambulant-solidari-dels-centres-educatius-de-xest-recapta-1-386-euros-a-favor-de-lassociacio-sindrome-pitt-hopkins-espana","status":"publish","type":"post","link":"https:\/\/www.tucomarca.com\/wordpress\/segunda\/ca\/el-mercat-ambulant-solidari-dels-centres-educatius-de-xest-recapta-1-386-euros-a-favor-de-lassociacio-sindrome-pitt-hopkins-espana\/","title":{"rendered":"El mercat ambulant solidari dels centres educatius de Xest recapta 1.386 euros a favor de l&#8217;Associaci\u00f3 S\u00edndrome Pitt-Hopkins Espa\u00f1a"},"content":{"rendered":"\n<p>La pla\u00e7a Doctor Cajal ha acollit aquest mat\u00ed la celebraci\u00f3 del Mercat ambulant Solidari organitzat per la regidoria d&#8217;Educaci\u00f3 al costat dels centres educatius de la localitat, una iniciativa que busca implicar l&#8217;alumnat i a tota la poblaci\u00f3 en una jornada de conviv\u00e8ncia i solidaritat amb finalitats ben\u00e8fics.<\/p>\n\n\n\n<p>En aquesta edici\u00f3 s&#8217;han recaptat&nbsp;1.386 euros, que han sigut destinats a l&#8217;Associaci\u00f3&nbsp; S\u00edndrome Pitt-Hopkins Espa\u00f1a. Aquesta entitat treballa per a fer costat a les fam\u00edlies afectades per aquesta malaltia rara, aix\u00ed com per a impulsar la investigaci\u00f3 i donar visibilitat a la&nbsp;S\u00edndrome Pitt-Hopkins, un trastorn gen\u00e8tic molt poc com\u00fa causat per mutacions en el gen TCF4, situat en el cromosoma 18 (18q21), que exerceix un paper essencial en el desenvolupament del sistema nervi\u00f3s.<\/p>\n\n\n\n<p>Des de primera hora del mat\u00ed, l&#8217;alumnat de 5\u00e9 i 6\u00e9 de Prim\u00e0ria dels centres educatius p\u00fablics i del Col\u00b7legi San Jos\u00e9 de la Muntanya ha instal\u00b7lat els seus llocs de venda amb artesanies i productes de segona m\u00e0 elaborats durant les \u00faltimes setmanes.<\/p>\n\n\n\n<p>El&nbsp;CEIP Vicente Blasco Ib\u00e1\u00f1ez&nbsp;ha oferit llibres donats per l&#8217;AMPA, ventalls pintats, collarets i polseres, maraques, figures de papirofl\u00e8xia i jocs de taula artesanals, realitzats per l&#8217;alumnat sota els valors de companyonia i solidaritat.<\/p>\n\n\n\n<p>En el&nbsp;CEIP Giner de los R\u00edos, l&#8217;alumnat ha treballat activament durant tot el mat\u00ed i han posat a la venda joguets i roba de segona m\u00e0.<br>Per part seua, el&nbsp;CEIP Ana Lluch&nbsp;ha implicat a tot el centre en l&#8217;elaboraci\u00f3 de manualitats, integrant de manera transversal els valors de solidaritat i ajuda m\u00fatua.<\/p>\n\n\n\n<p>Finalment, l&#8217;alumnat del Col\u00b7legi&nbsp; San Jos\u00e9 de la Muntanya&nbsp;ha preparat aquesta activitat dins de l&#8217;assignatura d&#8217;Educaci\u00f3 en Valors, reflexionant sobre la generositat i la import\u00e0ncia de saber valorar el que cada persona t\u00e9.<\/p>\n\n\n\n<p>\u201cUn any m\u00e9s el mercat ambulant solidari es converteix en un espai llumin\u00f3s de solidaritat, visibilitzaci\u00f3 i reivindicaci\u00f3 de causes justes\u201d ha declarat la regidora d&#8217;Educaci\u00f3,&nbsp;M\u00aa \u00c1ngeles Llorente, qui ha destacat la implicaci\u00f3 de l&#8217;alumnat, del professorat i de les fam\u00edlies en una iniciativa que combina aprenentatge i comprom\u00eds social.<\/p>\n\n\n\n<figure class=\"wp-block-gallery has-nested-images columns-2 is-cropped wp-block-gallery-1 is-layout-flex wp-block-gallery-is-layout-flex\">\n<figure class=\"wp-block-image size-large\"><img loading=\"lazy\" decoding=\"async\" width=\"1024\" height=\"683\" data-id=\"295793\" src=\"https:\/\/www.tucomarca.com\/wordpress\/segunda\/wp-content\/uploads\/2026\/03\/mercadillo_solidario_05-1024x683.jpg\" alt=\"\" class=\"wp-image-295793\" srcset=\"https:\/\/www.tucomarca.com\/wordpress\/segunda\/wp-content\/uploads\/2026\/03\/mercadillo_solidario_05-1024x683.jpg 1024w, https:\/\/www.tucomarca.com\/wordpress\/segunda\/wp-content\/uploads\/2026\/03\/mercadillo_solidario_05-300x200.jpg 300w, https:\/\/www.tucomarca.com\/wordpress\/segunda\/wp-content\/uploads\/2026\/03\/mercadillo_solidario_05-768x512.jpg 768w, https:\/\/www.tucomarca.com\/wordpress\/segunda\/wp-content\/uploads\/2026\/03\/mercadillo_solidario_05.jpg 1299w\" sizes=\"auto, (max-width: 1024px) 100vw, 1024px\" \/><\/figure>\n\n\n\n<figure class=\"wp-block-image size-large\"><img loading=\"lazy\" decoding=\"async\" width=\"606\" height=\"404\" data-id=\"295797\" src=\"https:\/\/www.tucomarca.com\/wordpress\/segunda\/wp-content\/uploads\/2026\/03\/mercadillo_solidario_06.jpg\" alt=\"\" class=\"wp-image-295797\" srcset=\"https:\/\/www.tucomarca.com\/wordpress\/segunda\/wp-content\/uploads\/2026\/03\/mercadillo_solidario_06.jpg 606w, https:\/\/www.tucomarca.com\/wordpress\/segunda\/wp-content\/uploads\/2026\/03\/mercadillo_solidario_06-300x200.jpg 300w\" sizes=\"auto, (max-width: 606px) 100vw, 606px\" \/><\/figure>\n\n\n\n<figure class=\"wp-block-image size-large\"><img loading=\"lazy\" decoding=\"async\" width=\"1024\" height=\"683\" data-id=\"295801\" src=\"https:\/\/www.tucomarca.com\/wordpress\/segunda\/wp-content\/uploads\/2026\/03\/mercadillo_solidario_04-1024x683.jpg\" alt=\"\" class=\"wp-image-295801\" srcset=\"https:\/\/www.tucomarca.com\/wordpress\/segunda\/wp-content\/uploads\/2026\/03\/mercadillo_solidario_04-1024x683.jpg 1024w, https:\/\/www.tucomarca.com\/wordpress\/segunda\/wp-content\/uploads\/2026\/03\/mercadillo_solidario_04-300x200.jpg 300w, https:\/\/www.tucomarca.com\/wordpress\/segunda\/wp-content\/uploads\/2026\/03\/mercadillo_solidario_04-768x512.jpg 768w, https:\/\/www.tucomarca.com\/wordpress\/segunda\/wp-content\/uploads\/2026\/03\/mercadillo_solidario_04.jpg 1299w\" sizes=\"auto, (max-width: 1024px) 100vw, 1024px\" \/><\/figure>\n\n\n\n<figure class=\"wp-block-image size-large\"><img loading=\"lazy\" decoding=\"async\" width=\"1024\" height=\"683\" data-id=\"295799\" src=\"https:\/\/www.tucomarca.com\/wordpress\/segunda\/wp-content\/uploads\/2026\/03\/mercadillo_solidario_08-1024x683.jpg\" alt=\"\" class=\"wp-image-295799\" srcset=\"https:\/\/www.tucomarca.com\/wordpress\/segunda\/wp-content\/uploads\/2026\/03\/mercadillo_solidario_08-1024x683.jpg 1024w, https:\/\/www.tucomarca.com\/wordpress\/segunda\/wp-content\/uploads\/2026\/03\/mercadillo_solidario_08-300x200.jpg 300w, https:\/\/www.tucomarca.com\/wordpress\/segunda\/wp-content\/uploads\/2026\/03\/mercadillo_solidario_08-768x512.jpg 768w, https:\/\/www.tucomarca.com\/wordpress\/segunda\/wp-content\/uploads\/2026\/03\/mercadillo_solidario_08.jpg 1299w\" sizes=\"auto, (max-width: 1024px) 100vw, 1024px\" \/><\/figure>\n<\/figure>\n\n\n\n<p><\/p>\n","protected":false},"excerpt":{"rendered":"<div class=\"mh-excerpt\">La pla\u00e7a Doctor Cajal ha acollit aquest mat\u00ed la celebraci\u00f3 del Mercat ambulant Solidari organitzat per la regidoria d&#8217;Educaci\u00f3 al costat dels centres educatius de la localitat, una iniciativa que busca implicar l&#8217;alumnat i a <a class=\"mh-excerpt-more\" href=\"https:\/\/www.tucomarca.com\/wordpress\/segunda\/ca\/el-mercat-ambulant-solidari-dels-centres-educatius-de-xest-recapta-1-386-euros-a-favor-de-lassociacio-sindrome-pitt-hopkins-espana\/\" title=\"El mercat ambulant solidari dels centres educatius de Xest recapta 1.386 euros a favor de l&#8217;Associaci\u00f3 S\u00edndrome Pitt-Hopkins Espa\u00f1a\">[+] <\/a><\/div>\n","protected":false},"author":12,"featured_media":295796,"comment_status":"closed","ping_status":"open","sticky":false,"template":"","format":"gallery","meta":{"footnotes":""},"categories":[10894,10912,11007,10896,10974],"tags":[11071,10914,17240],"class_list":{"0":"post-295804","1":"post","2":"type-post","3":"status-publish","4":"format-gallery","5":"has-post-thumbnail","7":"category-la-comarca-ca","8":"category-la-hoya-ca","9":"category-ocio-y-cultura-ca","10":"category-seccion-ca","11":"category-cheste-ca","12":"tag-cheste","13":"tag-la-hoya-de-bunol-chiva-ca","14":"tag-mercadillo-solidario-ca","15":"post_format-post-format-gallery"},"_links":{"self":[{"href":"https:\/\/www.tucomarca.com\/wordpress\/segunda\/ca\/wp-json\/wp\/v2\/posts\/295804","targetHints":{"allow":["GET"]}}],"collection":[{"href":"https:\/\/www.tucomarca.com\/wordpress\/segunda\/ca\/wp-json\/wp\/v2\/posts"}],"about":[{"href":"https:\/\/www.tucomarca.com\/wordpress\/segunda\/ca\/wp-json\/wp\/v2\/types\/post"}],"author":[{"embeddable":true,"href":"https:\/\/www.tucomarca.com\/wordpress\/segunda\/ca\/wp-json\/wp\/v2\/users\/12"}],"replies":[{"embeddable":true,"href":"https:\/\/www.tucomarca.com\/wordpress\/segunda\/ca\/wp-json\/wp\/v2\/comments?post=295804"}],"version-history":[{"count":0,"href":"https:\/\/www.tucomarca.com\/wordpress\/segunda\/ca\/wp-json\/wp\/v2\/posts\/295804\/revisions"}],"wp:featuredmedia":[{"embeddable":true,"href":"https:\/\/www.tucomarca.com\/wordpress\/segunda\/ca\/wp-json\/wp\/v2\/media\/295796"}],"wp:attachment":[{"href":"https:\/\/www.tucomarca.com\/wordpress\/segunda\/ca\/wp-json\/wp\/v2\/media?parent=295804"}],"wp:term":[{"taxonomy":"category","embeddable":true,"href":"https:\/\/www.tucomarca.com\/wordpress\/segunda\/ca\/wp-json\/wp\/v2\/categories?post=295804"},{"taxonomy":"post_tag","embeddable":true,"href":"https:\/\/www.tucomarca.com\/wordpress\/segunda\/ca\/wp-json\/wp\/v2\/tags?post=295804"}],"curies":[{"name":"wp","href":"https:\/\/api.w.org\/{rel}","templated":true}]}}