{"id":295914,"date":"2026-03-16T09:20:00","date_gmt":"2026-03-16T08:20:00","guid":{"rendered":"https:\/\/www.tucomarca.com\/wordpress\/segunda\/?p=295914"},"modified":"2026-03-16T19:38:01","modified_gmt":"2026-03-16T18:38:01","slug":"anecoop-bodegas-rep-en-prowein-els-premis-best-of-show-de-mundus-vini","status":"publish","type":"post","link":"https:\/\/www.tucomarca.com\/wordpress\/segunda\/ca\/anecoop-bodegas-rep-en-prowein-els-premis-best-of-show-de-mundus-vini\/","title":{"rendered":"Anecoop Bodegas rep en ProWein els premis &#8216;Best Of Show&#8217; de Mundus Vini"},"content":{"rendered":"\n<h3 class=\"wp-block-heading\">Durant el certamen ha tingut lloc el lliurament dels premis Mundus Vini, que han distingit <strong>Anecoop Bodegas<\/strong> com a \u201cBest Cooperative Spain\u201d, un reconeixement que ja ha obtingut en anteriors edicions del concurs, i el vi negre <strong>Venta del Puerto N\u00ba18<\/strong>, de <strong>Cooperativa La Vi\u00f1a<\/strong>, amb el guard\u00f3 \u201cBest of Show Valencia\u201d.<\/h3>\n\n\n\n<h3 class=\"wp-block-heading\">Les seues bodegues s\u00f2cies <strong>Cooperativa La Vi\u00f1a<\/strong>, <strong>Bodegas Reymos<\/strong> i <strong>Bodegas San Mart\u00edn<\/strong>, aix\u00ed com <strong>Proyecto Unsi<\/strong>, participen en la 32a edici\u00f3 d\u2019esta fira internacional amb les seues refer\u00e8ncies m\u00e9s emblem\u00e0tiques, les seues novetats i els \u00faltims llan\u00e7aments, amb el focus posat en la categoria 0.0%.<\/h3>\n\n\n\n<p><strong>Anecoop Bodegas<\/strong> projecta la qualitat i la diversitat dels seus vins en <strong>ProWein 2026<\/strong>, punt de trobada global del sector que se celebra entre el 15 i el 17 de mar\u00e7 al recinte firal <strong>Messe D\u00fcsseldorf<\/strong>. En un espai expositiu propi, situat en el <strong>Hall 6, Stand A82<\/strong>, reunix l\u2019oferta de les seues bodegues s\u00f2cies: <strong>Cooperativa La Vi\u00f1a<\/strong>, de <strong>La Font de la Figuera<\/strong>, i <strong>Bodegas Reymos<\/strong>, de <strong>Cheste<\/strong> (ambdues amb <strong>DOP Valencia<\/strong>); i <strong>Bodegas San Mart\u00edn<\/strong> i <strong>Proyecto Unsi<\/strong>, de <strong>San Mart\u00edn de Unx<\/strong> (amb <strong>DO Navarra<\/strong>).<\/p>\n\n\n\n<figure class=\"wp-block-gallery has-nested-images columns-default is-cropped wp-block-gallery-1 is-layout-flex wp-block-gallery-is-layout-flex\">\n<figure class=\"wp-block-image size-large\"><img loading=\"lazy\" decoding=\"async\" width=\"945\" height=\"945\" data-id=\"295904\" src=\"https:\/\/www.tucomarca.com\/wordpress\/segunda\/wp-content\/uploads\/2026\/03\/StandAnecoopBodegasProwein-.jpg\" alt=\"\" class=\"wp-image-295904\" srcset=\"https:\/\/www.tucomarca.com\/wordpress\/segunda\/wp-content\/uploads\/2026\/03\/StandAnecoopBodegasProwein-.jpg 945w, https:\/\/www.tucomarca.com\/wordpress\/segunda\/wp-content\/uploads\/2026\/03\/StandAnecoopBodegasProwein--300x300.jpg 300w, https:\/\/www.tucomarca.com\/wordpress\/segunda\/wp-content\/uploads\/2026\/03\/StandAnecoopBodegasProwein--290x290.jpg 290w, https:\/\/www.tucomarca.com\/wordpress\/segunda\/wp-content\/uploads\/2026\/03\/StandAnecoopBodegasProwein--768x768.jpg 768w\" sizes=\"auto, (max-width: 945px) 100vw, 945px\" \/><\/figure>\n\n\n\n<figure class=\"wp-block-image size-large\"><img loading=\"lazy\" decoding=\"async\" width=\"945\" height=\"945\" data-id=\"295902\" src=\"https:\/\/www.tucomarca.com\/wordpress\/segunda\/wp-content\/uploads\/2026\/03\/AnecoopBodegasStandProwein.jpg\" alt=\"\" class=\"wp-image-295902\" srcset=\"https:\/\/www.tucomarca.com\/wordpress\/segunda\/wp-content\/uploads\/2026\/03\/AnecoopBodegasStandProwein.jpg 945w, https:\/\/www.tucomarca.com\/wordpress\/segunda\/wp-content\/uploads\/2026\/03\/AnecoopBodegasStandProwein-300x300.jpg 300w, https:\/\/www.tucomarca.com\/wordpress\/segunda\/wp-content\/uploads\/2026\/03\/AnecoopBodegasStandProwein-290x290.jpg 290w, https:\/\/www.tucomarca.com\/wordpress\/segunda\/wp-content\/uploads\/2026\/03\/AnecoopBodegasStandProwein-768x768.jpg 768w\" sizes=\"auto, (max-width: 945px) 100vw, 945px\" \/><\/figure>\n<\/figure>\n\n\n\n<p><strong>Doble reconeixement de Mundus Vini<\/strong><\/p>\n\n\n\n<p>En el marc de la celebraci\u00f3 d\u2019este certamen ha tingut lloc l\u2019acte de lliurament dels premis atorgats en la recent edici\u00f3 del concurs <strong>Mundus Vini<\/strong>. Estos reconeixements, que suposen un impuls en clau internacional, han destacat una edici\u00f3 m\u00e9s <strong>Anecoop Bodegas<\/strong> com a \u201cBest Cooperative Spain\u201d i <strong>Venta del Puerto N\u00ba18<\/strong>, de <strong>Cooperativa La Vi\u00f1a<\/strong>, com a \u201cBest of Show Valencia\u201d.<\/p>\n\n\n\n<p>El comprom\u00eds amb l\u2019excel\u00b7l\u00e8ncia de les seues tres bodegues s\u00f2cies tamb\u00e9 ha sigut reconegut per este prestigi\u00f3s concurs amb <strong>13 medalles d\u2019or i 24 medalles de plata<\/strong>. Les refer\u00e8ncies guardonades estan presents en la zona de tast de <strong>Mundus Vini<\/strong>, una visita obligada dins de <strong>ProWein<\/strong>.<\/p>\n\n\n\n<h3 class=\"wp-block-heading\">Comprom\u00eds amb la revoluci\u00f3 del consum 0.0%<\/h3>\n\n\n\n<p><strong>Anecoop Bodegas<\/strong> projecta la singularitat i la varietat de la seua oferta davant els milers de professionals que es donen cita en esta fira l\u00edder del calendari sectorial, a la qual acudix amb refer\u00e8ncies consolidades, \u00faltims llan\u00e7aments i especial protagonisme per a les seues noves propostes <strong>0.0% \/ low alcohol<\/strong>, categories que creixen amb for\u00e7a impulsades pels nous h\u00e0bits de consum i la demanda d\u2019alternatives m\u00e9s saludables.<\/p>\n\n\n\n<p>Dos refer\u00e8ncies destaquen entre els seus vins desalcoholitzats en esta edici\u00f3 de <strong>ProWein<\/strong>: la de <strong>Cooperativa La Vi\u00f1a<\/strong>, amb el seu rosat <strong>Juan de Juanes 0.0%<\/strong>, i la de <strong>Bodegas Reymos<\/strong>, amb el seu blanc <strong>Vida Vi\u00f1a Tendida 0.0%<\/strong>. Ambdues estaran presents en <strong>Zero Tasting Bar<\/strong>, la zona de tastos amb pres\u00e8ncia exclusiva d\u2019este tipus de vins, que s\u2019ha consolidat com un dels espais m\u00e9s destacats del certamen.<\/p>\n\n\n\n<p>Per la seua banda, entre les propostes amb qu\u00e8 <strong>Bodegas San Mart\u00edn<\/strong> participa en el certamen alemany destaca el seu vi blanc <strong>Bestiario de Unx Buttezard<\/strong>.<\/p>\n\n\n\n<h3 class=\"wp-block-heading\">Anecoop Bodegas refor\u00e7a el seu impuls internacional en 2026<\/h3>\n\n\n\n<p>Despr\u00e9s de m\u00e9s de tres d\u00e8cades de traject\u00f2ria, <strong>ProWein<\/strong> s\u2019ha consolidat com la plataforma internacional m\u00e9s important per al sector vin\u00edcola. Una oportunitat \u00fanica de negoci, de prospecci\u00f3 de mercats i d\u2019identificaci\u00f3 de tend\u00e8ncies de consum.<\/p>\n\n\n\n<p>Una cita de gran rellev\u00e0ncia per a <strong>Anecoop Bodegas<\/strong>, que en 2026 refor\u00e7a la seua estrat\u00e8gia de promoci\u00f3 internacional per a consolidar la pres\u00e8ncia exterior dels seus vins i la seua introducci\u00f3 en nous destins. I ho fa amb una oferta diversa que unix tradici\u00f3 i innovaci\u00f3, amb refer\u00e8ncies emblem\u00e0tiques i noves propostes adaptades a l\u2019evoluci\u00f3 dels gustos i prefer\u00e8ncies dels consumidors, entre les quals destaquen les seues etiquetes <strong>0.0%<\/strong>.<\/p>\n\n\n\n<p>Tot amb un denominador com\u00fa: <strong>la identitat territorial<\/strong>, que aporta autenticitat a la seua oferta. Perqu\u00e8 cada vi d\u2019<strong>Anecoop Bodegas<\/strong> \u00e9s una experi\u00e8ncia \u00fanica.<\/p>\n\n\n\n<h3 class=\"wp-block-heading\">Sobre Anecoop Bodegas<\/h3>\n\n\n\n<p>Des de la seua creaci\u00f3 en <strong>1986<\/strong>, <strong>Anecoop Bodegas<\/strong> ha aconseguit consolidar una oferta que combina qualitat, imatge, diversitat, personalitat i preu. Les seues bodegues s\u00f2cies <strong>Bodega La Vi\u00f1a<\/strong> i <strong>Bodegas Reymos<\/strong>, amb <strong>D.O.P. Valencia<\/strong>, i <strong>Bodegas San Mart\u00edn<\/strong> i <strong>Proyecto Unsi S. L.<\/strong>, amb <strong>D.O. Navarra<\/strong>, aix\u00ed com la col\u00b7laboradora <strong>Bodegas Marqu\u00e9s de Reinosa<\/strong>, amb <strong>D.O. La Rioja<\/strong>, han aconseguit nombrosos reconeixements internacionals que avalen l\u2019esfor\u00e7 continu que realitza <strong>Anecoop Bodegas<\/strong> per adaptar la seua oferta vin\u00edcola als gustos del mercat. Actualment, els seus vins estan presents en <strong>m\u00e9s de 40 pa\u00efsos<\/strong>.<\/p>\n","protected":false},"excerpt":{"rendered":"<div class=\"mh-excerpt\">Durant el certamen ha tingut lloc el lliurament dels premis Mundus Vini, que han distingit Anecoop Bodegas com a \u201cBest Cooperative Spain\u201d, un reconeixement que ja ha obtingut en anteriors edicions del concurs, i el <a class=\"mh-excerpt-more\" href=\"https:\/\/www.tucomarca.com\/wordpress\/segunda\/ca\/anecoop-bodegas-rep-en-prowein-els-premis-best-of-show-de-mundus-vini\/\" title=\"Anecoop Bodegas rep en ProWein els premis &#8216;Best Of Show&#8217; de Mundus Vini\">[+] <\/a><\/div>\n","protected":false},"author":12,"featured_media":295907,"comment_status":"closed","ping_status":"open","sticky":false,"template":"","format":"standard","meta":{"footnotes":""},"categories":[11006,10894,10912,11007,10896,10974],"tags":[14667,12655,11071,10914,24035],"class_list":{"0":"post-295914","1":"post","2":"type-post","3":"status-publish","4":"format-standard","5":"has-post-thumbnail","7":"category-canal-vinos","8":"category-la-comarca-ca","9":"category-la-hoya-ca","10":"category-ocio-y-cultura-ca","11":"category-seccion-ca","12":"category-cheste-ca","13":"tag-anecoop-bodegas-ca","14":"tag-bodegas-reymos-ca","15":"tag-cheste","16":"tag-la-hoya-de-bunol-chiva-ca","17":"tag-prowein"},"_links":{"self":[{"href":"https:\/\/www.tucomarca.com\/wordpress\/segunda\/ca\/wp-json\/wp\/v2\/posts\/295914","targetHints":{"allow":["GET"]}}],"collection":[{"href":"https:\/\/www.tucomarca.com\/wordpress\/segunda\/ca\/wp-json\/wp\/v2\/posts"}],"about":[{"href":"https:\/\/www.tucomarca.com\/wordpress\/segunda\/ca\/wp-json\/wp\/v2\/types\/post"}],"author":[{"embeddable":true,"href":"https:\/\/www.tucomarca.com\/wordpress\/segunda\/ca\/wp-json\/wp\/v2\/users\/12"}],"replies":[{"embeddable":true,"href":"https:\/\/www.tucomarca.com\/wordpress\/segunda\/ca\/wp-json\/wp\/v2\/comments?post=295914"}],"version-history":[{"count":0,"href":"https:\/\/www.tucomarca.com\/wordpress\/segunda\/ca\/wp-json\/wp\/v2\/posts\/295914\/revisions"}],"wp:featuredmedia":[{"embeddable":true,"href":"https:\/\/www.tucomarca.com\/wordpress\/segunda\/ca\/wp-json\/wp\/v2\/media\/295907"}],"wp:attachment":[{"href":"https:\/\/www.tucomarca.com\/wordpress\/segunda\/ca\/wp-json\/wp\/v2\/media?parent=295914"}],"wp:term":[{"taxonomy":"category","embeddable":true,"href":"https:\/\/www.tucomarca.com\/wordpress\/segunda\/ca\/wp-json\/wp\/v2\/categories?post=295914"},{"taxonomy":"post_tag","embeddable":true,"href":"https:\/\/www.tucomarca.com\/wordpress\/segunda\/ca\/wp-json\/wp\/v2\/tags?post=295914"}],"curies":[{"name":"wp","href":"https:\/\/api.w.org\/{rel}","templated":true}]}}