{"id":296846,"date":"2026-03-25T11:00:00","date_gmt":"2026-03-25T10:00:00","guid":{"rendered":"https:\/\/www.tucomarca.com\/wordpress\/segunda\/?p=296846"},"modified":"2026-03-25T20:02:21","modified_gmt":"2026-03-25T19:02:21","slug":"la-mesa-intersectorial-de-salut-impulsa-iniciatives-per-al-benestar-de-la-ciutadania-de-benaguasil","status":"publish","type":"post","link":"https:\/\/www.tucomarca.com\/wordpress\/segunda\/ca\/la-mesa-intersectorial-de-salut-impulsa-iniciatives-per-al-benestar-de-la-ciutadania-de-benaguasil\/","title":{"rendered":"La Mesa Intersectorial de Salut impulsa iniciatives per al benestar de la ciutadania de Benaguasil"},"content":{"rendered":"\n<h3 class=\"wp-block-heading\">Entre les accions acordades destaca la II Fira de la Salut.<\/h3>\n\n\n\n<p>L&#8217;Ajuntament de Benaguasil ha celebrat la Mesa Intersectorial de Salut, una iniciativa impulsada per la Regidoria de Sanitat amb l&#8217;objectiu de refor\u00e7ar la coordinaci\u00f3 entre els diferents agents implicats en la promoci\u00f3 i prevenci\u00f3 de la salut.<br>La trobada va comptar amb la participaci\u00f3 de representants de l&#8217;\u00e0mbit sociosanitari, la comunitat educativa, associacions locals i membres de l&#8217;Ajuntament. Durant la sessi\u00f3, els assistents van compartir propostes, experi\u00e8ncies i l\u00ednies d&#8217;actuaci\u00f3 orientades a millorar el benestar de la ciutadania.<br>Entre les accions acordades, destaca la celebraci\u00f3 de la II Fira de la Salut, que es realitzar\u00e0 el pr\u00f2xim 30 de maig. Aquest esdeveniment estar\u00e0 obert a tota la poblaci\u00f3 i oferir\u00e0 activitats, tallers i recursos per a fomentar h\u00e0bits de vida saludables i la prevenci\u00f3 de malalties.<br>La Mesa Intersectorial es consolida aix\u00ed com un espai de di\u00e0leg i col\u00b7laboraci\u00f3 que permet dissenyar estrat\u00e8gies conjuntes i abordar de manera integral els principals reptes en mat\u00e8ria de salut p\u00fablica en el municipi. Des de la regidoria de Sanitat s&#8217;ha destacat la import\u00e0ncia d&#8217;aquesta mena d&#8217;iniciatives participatives, subratllant que la implicaci\u00f3 de tots els sectors resulta clau per a desenvolupar pol\u00edtiques eficaces i adaptades a les necessitats reals de la poblaci\u00f3.<\/p>\n","protected":false},"excerpt":{"rendered":"<div class=\"mh-excerpt\">Entre les accions acordades destaca la II Fira de la Salut. L&#8217;Ajuntament de Benaguasil ha celebrat la Mesa Intersectorial de Salut, una iniciativa impulsada per la Regidoria de Sanitat amb l&#8217;objectiu de refor\u00e7ar la coordinaci\u00f3 <a class=\"mh-excerpt-more\" href=\"https:\/\/www.tucomarca.com\/wordpress\/segunda\/ca\/la-mesa-intersectorial-de-salut-impulsa-iniciatives-per-al-benestar-de-la-ciutadania-de-benaguasil\/\" title=\"La Mesa Intersectorial de Salut impulsa iniciatives per al benestar de la ciutadania de Benaguasil\">[+] <\/a><\/div>\n","protected":false},"author":12,"featured_media":296845,"comment_status":"closed","ping_status":"open","sticky":false,"template":"","format":"standard","meta":{"footnotes":""},"categories":[10952,10892,11010,10948,10894,10947,10896],"tags":[11136,10899,24065],"class_list":{"0":"post-296846","1":"post","2":"type-post","3":"status-publish","4":"format-standard","5":"has-post-thumbnail","7":"category-benaguasil-ca","8":"category-camp-de-turia-ca","9":"category-canal-salud","10":"category-infraestructuras-ca","11":"category-la-comarca-ca","12":"category-politica","13":"category-seccion-ca","14":"tag-benaguasil-ca","15":"tag-camp-de-turia-ca","16":"tag-mesa-intersectorial-de-salud"},"_links":{"self":[{"href":"https:\/\/www.tucomarca.com\/wordpress\/segunda\/ca\/wp-json\/wp\/v2\/posts\/296846","targetHints":{"allow":["GET"]}}],"collection":[{"href":"https:\/\/www.tucomarca.com\/wordpress\/segunda\/ca\/wp-json\/wp\/v2\/posts"}],"about":[{"href":"https:\/\/www.tucomarca.com\/wordpress\/segunda\/ca\/wp-json\/wp\/v2\/types\/post"}],"author":[{"embeddable":true,"href":"https:\/\/www.tucomarca.com\/wordpress\/segunda\/ca\/wp-json\/wp\/v2\/users\/12"}],"replies":[{"embeddable":true,"href":"https:\/\/www.tucomarca.com\/wordpress\/segunda\/ca\/wp-json\/wp\/v2\/comments?post=296846"}],"version-history":[{"count":0,"href":"https:\/\/www.tucomarca.com\/wordpress\/segunda\/ca\/wp-json\/wp\/v2\/posts\/296846\/revisions"}],"wp:featuredmedia":[{"embeddable":true,"href":"https:\/\/www.tucomarca.com\/wordpress\/segunda\/ca\/wp-json\/wp\/v2\/media\/296845"}],"wp:attachment":[{"href":"https:\/\/www.tucomarca.com\/wordpress\/segunda\/ca\/wp-json\/wp\/v2\/media?parent=296846"}],"wp:term":[{"taxonomy":"category","embeddable":true,"href":"https:\/\/www.tucomarca.com\/wordpress\/segunda\/ca\/wp-json\/wp\/v2\/categories?post=296846"},{"taxonomy":"post_tag","embeddable":true,"href":"https:\/\/www.tucomarca.com\/wordpress\/segunda\/ca\/wp-json\/wp\/v2\/tags?post=296846"}],"curies":[{"name":"wp","href":"https:\/\/api.w.org\/{rel}","templated":true}]}}