{"id":296889,"date":"2026-03-25T09:30:00","date_gmt":"2026-03-25T08:30:00","guid":{"rendered":"https:\/\/www.tucomarca.com\/wordpress\/segunda\/?p=296889"},"modified":"2026-03-25T20:07:46","modified_gmt":"2026-03-25T19:07:46","slug":"mes-de-80-alumnes-i-alumnes-es-trobaran-a-aiora-per-a-enfortir-vincles-davant-esdeveniments-com-la-dana-del-29-o","status":"publish","type":"post","link":"https:\/\/www.tucomarca.com\/wordpress\/segunda\/ca\/mes-de-80-alumnes-i-alumnes-es-trobaran-a-aiora-per-a-enfortir-vincles-davant-esdeveniments-com-la-dana-del-29-o\/","title":{"rendered":"M\u00e9s de 80 alumnes i alumnes es trobaran a Aiora per a enfortir vincles davant esdeveniments com la DANA del 29-O"},"content":{"rendered":"\n<p>Un any i mig despr\u00e9s del temporal de vent i pluja que va afectar les poblacions de les zones urbanes i rurals del Pa\u00eds Valenci\u00e0, la comunitat educativa de l&#8217;IES Ferran III d&#8217;Aiora acollir\u00e0 solid\u00e0riament a 35 persones de l&#8217;IES Albereda d&#8217;Utiel durant el 26 i el 27 de mar\u00e7. L&#8217;alumnat d&#8217;aquest \u00faltim institut, es traslladar\u00e0 al mat\u00ed des de la localitat d&#8217;Utiel amb autob\u00fas i arribar\u00e0 al poble d&#8217;Aiora on rebr\u00e0 una calorosa benvinguda per part de la comunitat educativa ayorense.<br><br>Aquesta iniciativa est\u00e0 organitzada col\u00b7lectivament per l&#8217;associaci\u00f3 Rurable, associaci\u00f3 per al desenvolupament rural sostenible; l&#8217;Institut d&#8217;Educaci\u00f3 Secund\u00e0ria (IES) Ferran III d&#8217;Aiora, l&#8217;IES Albereda d&#8217;Utiel, l&#8217;Ajuntament d&#8217;Aiora a trav\u00e9s de la seua regidoria de Joventut (Aiora Jove) i la Fundaci\u00f3 La Nou de la Comunitat Valenciana. S&#8217;ha comptat amb el suport econ\u00f2mic de l&#8217;Associaci\u00f3 Espanyola de Fundacions, la Fundaci\u00f3 Horta Sud, Caixa Popular, Grup Ugarte, Fundaci\u00f3 Telef\u00f2nica, Lacomunicaci\u00f3n, Florida Universit\u00e0ria i COMELSA i, tamb\u00e9, de la col\u00b7laboraci\u00f3 d&#8217;entitats com el Centre d&#8217;Educaci\u00f3 Ambiental de la Comunitat Valenciana (CEACV), Mirada Circular, AVAMET, l&#8217;Oficina de Turisme d&#8217;Aiora, l&#8217;associaci\u00f3 Lluita contra els Incendis Forestals i d&#8217;Aiora la Vall del Grup R\u00e0pid Auxili, de Protecci\u00f3 Civil Aiora i del Consorci de Bombers de la Diputaci\u00f3 de Val\u00e8ncia.<\/p>\n\n\n<div class=\"wp-block-image\">\n<figure class=\"alignleft size-large is-resized\"><img loading=\"lazy\" decoding=\"async\" width=\"724\" height=\"1024\" src=\"https:\/\/www.tucomarca.com\/wordpress\/segunda\/wp-content\/uploads\/2026\/03\/CartelAyoraRRSS-724x1024.jpg\" alt=\"\" class=\"wp-image-296885\" style=\"width:390px;height:auto\" srcset=\"https:\/\/www.tucomarca.com\/wordpress\/segunda\/wp-content\/uploads\/2026\/03\/CartelAyoraRRSS-724x1024.jpg 724w, https:\/\/www.tucomarca.com\/wordpress\/segunda\/wp-content\/uploads\/2026\/03\/CartelAyoraRRSS-212x300.jpg 212w, https:\/\/www.tucomarca.com\/wordpress\/segunda\/wp-content\/uploads\/2026\/03\/CartelAyoraRRSS-768x1086.jpg 768w, https:\/\/www.tucomarca.com\/wordpress\/segunda\/wp-content\/uploads\/2026\/03\/CartelAyoraRRSS.jpg 886w\" sizes=\"auto, (max-width: 724px) 100vw, 724px\" \/><\/figure>\n<\/div>\n\n\n<p>Aquesta trobada sorgeix de la necessitat de comptar amb un respir emocional i descans per part de l&#8217;alumnat i les seues fam\u00edlies afectades despr\u00e9s d&#8217;haver passat m\u00e9s d&#8217;un any inusual i traum\u00e0tic en el qual han hagut de traslladar-se del seu centre educatiu habitual, entre altres conseq\u00fc\u00e8ncies. D&#8217;altra banda, aquesta activitat respon a la caracter\u00edstica comunit\u00e0ria de la Fundaci\u00f3 La Nou i de l&#8217;associaci\u00f3 Rurable a oferir una resposta a les trag\u00e8dies mitjan\u00e7ant la creaci\u00f3 d&#8217;una xarxa de suport hum\u00e0 i interterritorial que afavorisca la recuperaci\u00f3 emocional i l&#8217;enfortiment dels vincles entre les comunitats rurals de la Comunitat Valenciana.<br><br>La programaci\u00f3 de les activitats s&#8217;ha adaptat als criteris i les necessitats espec\u00edfiques que es van observar juntament amb els centres educatius. Es realitzaran passejos interpretats per l&#8217;entorn rural i natural, din\u00e0miques, jocs cooperatius i pedag\u00f2gics, tallers amb les entitats col\u00b7laboradores, aix\u00ed com, tamb\u00e9, es comptar\u00e0 amb moments destinats al descans i la conviv\u00e8ncia entre els diferents grups educatius.<br><br>Les activitats del 26 i 27 de mar\u00e7 portaran el lema:\u00a0Trobada de Centres Rurals Acollidors: entre comunitats educatives enfortim vincles enfront dels reptes ecosocials.<\/p>\n","protected":false},"excerpt":{"rendered":"<div class=\"mh-excerpt\">Un any i mig despr\u00e9s del temporal de vent i pluja que va afectar les poblacions de les zones urbanes i rurals del Pa\u00eds Valenci\u00e0, la comunitat educativa de l&#8217;IES Ferran III d&#8217;Aiora acollir\u00e0 solid\u00e0riament <a class=\"mh-excerpt-more\" href=\"https:\/\/www.tucomarca.com\/wordpress\/segunda\/ca\/mes-de-80-alumnes-i-alumnes-es-trobaran-a-aiora-per-a-enfortir-vincles-davant-esdeveniments-com-la-dana-del-29-o\/\" title=\"M\u00e9s de 80 alumnes i alumnes es trobaran a Aiora per a enfortir vincles davant esdeveniments com la DANA del 29-O\">[+] <\/a><\/div>\n","protected":false},"author":12,"featured_media":296884,"comment_status":"closed","ping_status":"open","sticky":false,"template":"","format":"standard","meta":{"footnotes":""},"categories":[11019,10954,10951,21466,10894,10904,10896],"tags":[11163,11216,15409,10910,11174],"class_list":{"0":"post-296889","1":"post","2":"type-post","3":"status-publish","4":"format-standard","5":"has-post-thumbnail","7":"category-agenda-ca","8":"category-ayora-ca","9":"category-ayora-cofrentes-ca","10":"category-dana-ca","11":"category-la-comarca-ca","12":"category-sin-categorizar-ca","13":"category-seccion-ca","14":"tag-ayora-ca","15":"tag-ayora-cofrentes-ca","16":"tag-dana-2-ca","17":"tag-requena-utiel-ca","18":"tag-utiel-ca"},"_links":{"self":[{"href":"https:\/\/www.tucomarca.com\/wordpress\/segunda\/ca\/wp-json\/wp\/v2\/posts\/296889","targetHints":{"allow":["GET"]}}],"collection":[{"href":"https:\/\/www.tucomarca.com\/wordpress\/segunda\/ca\/wp-json\/wp\/v2\/posts"}],"about":[{"href":"https:\/\/www.tucomarca.com\/wordpress\/segunda\/ca\/wp-json\/wp\/v2\/types\/post"}],"author":[{"embeddable":true,"href":"https:\/\/www.tucomarca.com\/wordpress\/segunda\/ca\/wp-json\/wp\/v2\/users\/12"}],"replies":[{"embeddable":true,"href":"https:\/\/www.tucomarca.com\/wordpress\/segunda\/ca\/wp-json\/wp\/v2\/comments?post=296889"}],"version-history":[{"count":0,"href":"https:\/\/www.tucomarca.com\/wordpress\/segunda\/ca\/wp-json\/wp\/v2\/posts\/296889\/revisions"}],"wp:featuredmedia":[{"embeddable":true,"href":"https:\/\/www.tucomarca.com\/wordpress\/segunda\/ca\/wp-json\/wp\/v2\/media\/296884"}],"wp:attachment":[{"href":"https:\/\/www.tucomarca.com\/wordpress\/segunda\/ca\/wp-json\/wp\/v2\/media?parent=296889"}],"wp:term":[{"taxonomy":"category","embeddable":true,"href":"https:\/\/www.tucomarca.com\/wordpress\/segunda\/ca\/wp-json\/wp\/v2\/categories?post=296889"},{"taxonomy":"post_tag","embeddable":true,"href":"https:\/\/www.tucomarca.com\/wordpress\/segunda\/ca\/wp-json\/wp\/v2\/tags?post=296889"}],"curies":[{"name":"wp","href":"https:\/\/api.w.org\/{rel}","templated":true}]}}