{"id":297200,"date":"2026-03-30T12:00:00","date_gmt":"2026-03-30T10:00:00","guid":{"rendered":"https:\/\/www.tucomarca.com\/wordpress\/segunda\/?p=297200"},"modified":"2026-03-30T20:05:30","modified_gmt":"2026-03-30T18:05:30","slug":"fotogaleria-toni-valiente-es-elegit-nou-president-del-cim-larmonica-de-bunyol-en-comptar-amb-el-suport-majoritari-dels-socis","status":"publish","type":"post","link":"https:\/\/www.tucomarca.com\/wordpress\/segunda\/ca\/fotogaleria-toni-valiente-es-elegit-nou-president-del-cim-larmonica-de-bunyol-en-comptar-amb-el-suport-majoritari-dels-socis\/","title":{"rendered":"Fotogaleria: Toni Valiente \u00e9s elegit nou president del CIM &#8220;L&#8217;Arm\u00f2nica&#8221; de Bunyol en comptar amb el suport majoritari dels socis"},"content":{"rendered":"\n<p>La candidatura encap\u00e7alada per <strong>Antonio Valiente Poy<\/strong>o ha sigut la que s&#8217;ha imposat en les eleccions a la presid\u00e8ncia del CIM \u201cL&#8217;Arm\u00f2nica de Bunyol\u201d, celebrades aquest diumenge, 29 de mar\u00e7, en una jornada marcada per l&#8217;alta participaci\u00f3 de les s\u00f2cies i socis.<\/p>\n\n\n\n<p>Despr\u00e9s del recompte de vots, la Candidatura A, liderada per <strong>Toni Valiente<\/strong>, va obtindre 615 vots, enfront dels 412 vots reeixits per la Candidatura B, encap\u00e7alada per <strong>Paco Carrascosa<\/strong>. A m\u00e9s, es van registrar 3 vots nuls i 2 en blanc, per la qual cosa la participaci\u00f3 total ha sigut de 1.032 socis.<\/p>\n\n\n\n<p>Amb aquests resultats, queda proclamada com a nova Junta Directiva la candidatura guanyadora, que assumir\u00e0 la gesti\u00f3 de la hist\u00f2rica societat musical bunyolense.<\/p>\n\n\n\n<p>Despr\u00e9s de con\u00e9ixer-se els resultats, Toni Valiente ha traslladat des de <strong>tucomarca.com<\/strong> un missatge d&#8217;agra\u00efment a tots els socis: &#8220;Despr\u00e9s del viscut la jornada d&#8217;ahir, nom\u00e9s puc expressar el meu m\u00e9s sincer agra\u00efment, aix\u00ed que molt\u00edssimes gr\u00e0cies&#8221;, tal com ha manifestat.<\/p>\n\n\n\n<p>El nou president tamb\u00e9 ha destacat la implicaci\u00f3 del col\u00b7lectiu: &#8220;Gr\u00e0cies a tots els litreros i litreras que us acerc\u00e1steis ahir a votar. L&#8217;alta participaci\u00f3 registrada mostra ho visca que est\u00e0 la nostra societat musical&#8221;.<\/p>\n\n\n\n<p>Aix\u00ed mateix, ha agra\u00eft el suport rebut &#8220;a tots els que vau depositar la vostra confian\u00e7a en el nostre projecte. Des d&#8217;ara mateix comencem a treballar a fer de &#8216;El Litre&#8217; el bo i millor&#8221;.<\/p>\n\n\n\n<p>Toni Valiente ha tingut tamb\u00e9 paraules de reconeixement cap a la candidatura rival: &#8220;Gr\u00e0cies a l&#8217;altra candidatura. Podrem diferir en el \u2018com\u2019, per\u00f2 el fons sempre ser\u00e0 el mateix: voler el millor per a l&#8217;Arm\u00f2nica&#8221;.<\/p>\n\n\n\n<p>Finalment, ha volgut recordar-se del seu entorn m\u00e9s pr\u00f2xim: &#8220;Vull donar les gr\u00e0cies als meus companys de la Junta, fam\u00edlia i amics que ens heu recolzat en tot moment. Ara tenim quatre anys per davant en els quals continuar treballant per i per al Litre&#8221;.<\/p>\n\n\n\n<p>Des de l&#8217;entitat musical s&#8217;ha agra\u00eft tamb\u00e9 la implicaci\u00f3 dels socis en una jornada electoral que refor\u00e7a la vida democr\u00e0tica de la societat. Informa, <strong>P. Ferrer<\/strong>.<\/p>\n\n\n\n<p>Fotos: <strong>P. Ferrer<\/strong>.<\/p>\n\n\n\n<p><\/p>\n\n\n\n<figure class=\"wp-block-gallery has-nested-images columns-2 is-cropped wp-block-gallery-1 is-layout-flex wp-block-gallery-is-layout-flex\">\n<figure class=\"wp-block-image size-large\"><img loading=\"lazy\" decoding=\"async\" width=\"1024\" height=\"666\" data-id=\"297175\" src=\"https:\/\/www.tucomarca.com\/wordpress\/segunda\/wp-content\/uploads\/2026\/03\/LitroElecc03-1024x666.jpg\" alt=\"\" class=\"wp-image-297175\" srcset=\"https:\/\/www.tucomarca.com\/wordpress\/segunda\/wp-content\/uploads\/2026\/03\/LitroElecc03-1024x666.jpg 1024w, https:\/\/www.tucomarca.com\/wordpress\/segunda\/wp-content\/uploads\/2026\/03\/LitroElecc03-300x195.jpg 300w, https:\/\/www.tucomarca.com\/wordpress\/segunda\/wp-content\/uploads\/2026\/03\/LitroElecc03-768x499.jpg 768w, https:\/\/www.tucomarca.com\/wordpress\/segunda\/wp-content\/uploads\/2026\/03\/LitroElecc03.jpg 1181w\" sizes=\"auto, (max-width: 1024px) 100vw, 1024px\" \/><\/figure>\n\n\n\n<figure class=\"wp-block-image size-large\"><img loading=\"lazy\" decoding=\"async\" width=\"1024\" height=\"666\" data-id=\"297171\" src=\"https:\/\/www.tucomarca.com\/wordpress\/segunda\/wp-content\/uploads\/2026\/03\/LitroElecc01-1024x666.jpg\" alt=\"\" class=\"wp-image-297171\" srcset=\"https:\/\/www.tucomarca.com\/wordpress\/segunda\/wp-content\/uploads\/2026\/03\/LitroElecc01-1024x666.jpg 1024w, https:\/\/www.tucomarca.com\/wordpress\/segunda\/wp-content\/uploads\/2026\/03\/LitroElecc01-300x195.jpg 300w, https:\/\/www.tucomarca.com\/wordpress\/segunda\/wp-content\/uploads\/2026\/03\/LitroElecc01-768x499.jpg 768w, https:\/\/www.tucomarca.com\/wordpress\/segunda\/wp-content\/uploads\/2026\/03\/LitroElecc01.jpg 1181w\" sizes=\"auto, (max-width: 1024px) 100vw, 1024px\" \/><\/figure>\n\n\n\n<figure class=\"wp-block-image size-large\"><img loading=\"lazy\" decoding=\"async\" width=\"1024\" height=\"666\" data-id=\"297173\" src=\"https:\/\/www.tucomarca.com\/wordpress\/segunda\/wp-content\/uploads\/2026\/03\/LitroElecc02-1024x666.jpg\" alt=\"\" class=\"wp-image-297173\" srcset=\"https:\/\/www.tucomarca.com\/wordpress\/segunda\/wp-content\/uploads\/2026\/03\/LitroElecc02-1024x666.jpg 1024w, https:\/\/www.tucomarca.com\/wordpress\/segunda\/wp-content\/uploads\/2026\/03\/LitroElecc02-300x195.jpg 300w, https:\/\/www.tucomarca.com\/wordpress\/segunda\/wp-content\/uploads\/2026\/03\/LitroElecc02-768x499.jpg 768w, https:\/\/www.tucomarca.com\/wordpress\/segunda\/wp-content\/uploads\/2026\/03\/LitroElecc02.jpg 1181w\" sizes=\"auto, (max-width: 1024px) 100vw, 1024px\" \/><\/figure>\n\n\n\n<figure class=\"wp-block-image size-large\"><img loading=\"lazy\" decoding=\"async\" width=\"1024\" height=\"666\" data-id=\"297191\" src=\"https:\/\/www.tucomarca.com\/wordpress\/segunda\/wp-content\/uploads\/2026\/03\/LitroElecc11-1024x666.jpg\" alt=\"\" class=\"wp-image-297191\" srcset=\"https:\/\/www.tucomarca.com\/wordpress\/segunda\/wp-content\/uploads\/2026\/03\/LitroElecc11-1024x666.jpg 1024w, https:\/\/www.tucomarca.com\/wordpress\/segunda\/wp-content\/uploads\/2026\/03\/LitroElecc11-300x195.jpg 300w, https:\/\/www.tucomarca.com\/wordpress\/segunda\/wp-content\/uploads\/2026\/03\/LitroElecc11-768x499.jpg 768w, https:\/\/www.tucomarca.com\/wordpress\/segunda\/wp-content\/uploads\/2026\/03\/LitroElecc11.jpg 1181w\" sizes=\"auto, (max-width: 1024px) 100vw, 1024px\" \/><\/figure>\n\n\n\n<figure class=\"wp-block-image size-large\"><img loading=\"lazy\" decoding=\"async\" width=\"1024\" height=\"666\" data-id=\"297177\" src=\"https:\/\/www.tucomarca.com\/wordpress\/segunda\/wp-content\/uploads\/2026\/03\/LitroElecc04-1024x666.jpg\" alt=\"\" class=\"wp-image-297177\" srcset=\"https:\/\/www.tucomarca.com\/wordpress\/segunda\/wp-content\/uploads\/2026\/03\/LitroElecc04-1024x666.jpg 1024w, https:\/\/www.tucomarca.com\/wordpress\/segunda\/wp-content\/uploads\/2026\/03\/LitroElecc04-300x195.jpg 300w, https:\/\/www.tucomarca.com\/wordpress\/segunda\/wp-content\/uploads\/2026\/03\/LitroElecc04-768x499.jpg 768w, https:\/\/www.tucomarca.com\/wordpress\/segunda\/wp-content\/uploads\/2026\/03\/LitroElecc04.jpg 1181w\" sizes=\"auto, (max-width: 1024px) 100vw, 1024px\" \/><\/figure>\n\n\n\n<figure class=\"wp-block-image size-large\"><img loading=\"lazy\" decoding=\"async\" width=\"1024\" height=\"666\" data-id=\"297181\" src=\"https:\/\/www.tucomarca.com\/wordpress\/segunda\/wp-content\/uploads\/2026\/03\/LitroElecc06-1024x666.jpg\" alt=\"\" class=\"wp-image-297181\" srcset=\"https:\/\/www.tucomarca.com\/wordpress\/segunda\/wp-content\/uploads\/2026\/03\/LitroElecc06-1024x666.jpg 1024w, https:\/\/www.tucomarca.com\/wordpress\/segunda\/wp-content\/uploads\/2026\/03\/LitroElecc06-300x195.jpg 300w, https:\/\/www.tucomarca.com\/wordpress\/segunda\/wp-content\/uploads\/2026\/03\/LitroElecc06-768x499.jpg 768w, https:\/\/www.tucomarca.com\/wordpress\/segunda\/wp-content\/uploads\/2026\/03\/LitroElecc06.jpg 1181w\" sizes=\"auto, (max-width: 1024px) 100vw, 1024px\" \/><\/figure>\n\n\n\n<figure class=\"wp-block-image size-large\"><img loading=\"lazy\" decoding=\"async\" width=\"1024\" height=\"666\" data-id=\"297183\" src=\"https:\/\/www.tucomarca.com\/wordpress\/segunda\/wp-content\/uploads\/2026\/03\/LitroElecc07-1024x666.jpg\" alt=\"\" class=\"wp-image-297183\" srcset=\"https:\/\/www.tucomarca.com\/wordpress\/segunda\/wp-content\/uploads\/2026\/03\/LitroElecc07-1024x666.jpg 1024w, https:\/\/www.tucomarca.com\/wordpress\/segunda\/wp-content\/uploads\/2026\/03\/LitroElecc07-300x195.jpg 300w, https:\/\/www.tucomarca.com\/wordpress\/segunda\/wp-content\/uploads\/2026\/03\/LitroElecc07-768x499.jpg 768w, https:\/\/www.tucomarca.com\/wordpress\/segunda\/wp-content\/uploads\/2026\/03\/LitroElecc07.jpg 1181w\" sizes=\"auto, (max-width: 1024px) 100vw, 1024px\" \/><\/figure>\n\n\n\n<figure class=\"wp-block-image size-large\"><img loading=\"lazy\" decoding=\"async\" width=\"1024\" height=\"666\" data-id=\"297185\" src=\"https:\/\/www.tucomarca.com\/wordpress\/segunda\/wp-content\/uploads\/2026\/03\/LitroElecc08-1024x666.jpg\" alt=\"\" class=\"wp-image-297185\" srcset=\"https:\/\/www.tucomarca.com\/wordpress\/segunda\/wp-content\/uploads\/2026\/03\/LitroElecc08-1024x666.jpg 1024w, https:\/\/www.tucomarca.com\/wordpress\/segunda\/wp-content\/uploads\/2026\/03\/LitroElecc08-300x195.jpg 300w, https:\/\/www.tucomarca.com\/wordpress\/segunda\/wp-content\/uploads\/2026\/03\/LitroElecc08-768x499.jpg 768w, https:\/\/www.tucomarca.com\/wordpress\/segunda\/wp-content\/uploads\/2026\/03\/LitroElecc08.jpg 1181w\" sizes=\"auto, (max-width: 1024px) 100vw, 1024px\" \/><\/figure>\n\n\n\n<figure class=\"wp-block-image size-large\"><img loading=\"lazy\" decoding=\"async\" width=\"1024\" height=\"666\" data-id=\"297187\" src=\"https:\/\/www.tucomarca.com\/wordpress\/segunda\/wp-content\/uploads\/2026\/03\/LitroElecc09-1024x666.jpg\" alt=\"\" class=\"wp-image-297187\" srcset=\"https:\/\/www.tucomarca.com\/wordpress\/segunda\/wp-content\/uploads\/2026\/03\/LitroElecc09-1024x666.jpg 1024w, https:\/\/www.tucomarca.com\/wordpress\/segunda\/wp-content\/uploads\/2026\/03\/LitroElecc09-300x195.jpg 300w, https:\/\/www.tucomarca.com\/wordpress\/segunda\/wp-content\/uploads\/2026\/03\/LitroElecc09-768x499.jpg 768w, https:\/\/www.tucomarca.com\/wordpress\/segunda\/wp-content\/uploads\/2026\/03\/LitroElecc09.jpg 1181w\" sizes=\"auto, (max-width: 1024px) 100vw, 1024px\" \/><\/figure>\n\n\n\n<figure class=\"wp-block-image size-large\"><img loading=\"lazy\" decoding=\"async\" width=\"945\" height=\"881\" data-id=\"297249\" src=\"https:\/\/www.tucomarca.com\/wordpress\/segunda\/wp-content\/uploads\/2026\/03\/LitroElecc00.jpg\" alt=\"\" class=\"wp-image-297249\" srcset=\"https:\/\/www.tucomarca.com\/wordpress\/segunda\/wp-content\/uploads\/2026\/03\/LitroElecc00.jpg 945w, https:\/\/www.tucomarca.com\/wordpress\/segunda\/wp-content\/uploads\/2026\/03\/LitroElecc00-300x280.jpg 300w, https:\/\/www.tucomarca.com\/wordpress\/segunda\/wp-content\/uploads\/2026\/03\/LitroElecc00-768x716.jpg 768w\" sizes=\"auto, (max-width: 945px) 100vw, 945px\" \/><\/figure>\n\n\n\n<figure class=\"wp-block-image size-large\"><img loading=\"lazy\" decoding=\"async\" width=\"1024\" height=\"666\" data-id=\"297189\" src=\"https:\/\/www.tucomarca.com\/wordpress\/segunda\/wp-content\/uploads\/2026\/03\/LitroElecc10-1024x666.jpg\" alt=\"\" class=\"wp-image-297189\" srcset=\"https:\/\/www.tucomarca.com\/wordpress\/segunda\/wp-content\/uploads\/2026\/03\/LitroElecc10-1024x666.jpg 1024w, https:\/\/www.tucomarca.com\/wordpress\/segunda\/wp-content\/uploads\/2026\/03\/LitroElecc10-300x195.jpg 300w, https:\/\/www.tucomarca.com\/wordpress\/segunda\/wp-content\/uploads\/2026\/03\/LitroElecc10-768x499.jpg 768w, https:\/\/www.tucomarca.com\/wordpress\/segunda\/wp-content\/uploads\/2026\/03\/LitroElecc10.jpg 1181w\" sizes=\"auto, (max-width: 1024px) 100vw, 1024px\" \/><\/figure>\n\n\n\n<figure class=\"wp-block-image size-large\"><img loading=\"lazy\" decoding=\"async\" width=\"1024\" height=\"666\" data-id=\"297179\" src=\"https:\/\/www.tucomarca.com\/wordpress\/segunda\/wp-content\/uploads\/2026\/03\/LitroElecc05-1024x666.jpg\" alt=\"\" class=\"wp-image-297179\" srcset=\"https:\/\/www.tucomarca.com\/wordpress\/segunda\/wp-content\/uploads\/2026\/03\/LitroElecc05-1024x666.jpg 1024w, https:\/\/www.tucomarca.com\/wordpress\/segunda\/wp-content\/uploads\/2026\/03\/LitroElecc05-300x195.jpg 300w, https:\/\/www.tucomarca.com\/wordpress\/segunda\/wp-content\/uploads\/2026\/03\/LitroElecc05-768x499.jpg 768w, https:\/\/www.tucomarca.com\/wordpress\/segunda\/wp-content\/uploads\/2026\/03\/LitroElecc05.jpg 1181w\" sizes=\"auto, (max-width: 1024px) 100vw, 1024px\" \/><\/figure>\n<\/figure>\n","protected":false},"excerpt":{"rendered":"<div class=\"mh-excerpt\">La candidatura encap\u00e7alada per Antonio Valiente Poyo ha sigut la que s&#8217;ha imposat en les eleccions a la presid\u00e8ncia del CIM \u201cL&#8217;Arm\u00f2nica de Bunyol\u201d, celebrades aquest diumenge, 29 de mar\u00e7, en una jornada marcada per <a class=\"mh-excerpt-more\" href=\"https:\/\/www.tucomarca.com\/wordpress\/segunda\/ca\/fotogaleria-toni-valiente-es-elegit-nou-president-del-cim-larmonica-de-bunyol-en-comptar-amb-el-suport-majoritari-dels-socis\/\" title=\"Fotogaleria: Toni Valiente \u00e9s elegit nou president del CIM &#8220;L&#8217;Arm\u00f2nica&#8221; de Bunyol en comptar amb el suport majoritari dels socis\">[+] <\/a><\/div>\n","protected":false},"author":12,"featured_media":297169,"comment_status":"closed","ping_status":"open","sticky":false,"template":"","format":"gallery","meta":{"footnotes":""},"categories":[10911,11005,10898,10894,10904,10912,11007,10896],"tags":[10913,17648,10914],"class_list":{"0":"post-297200","1":"post","2":"type-post","3":"status-publish","4":"format-gallery","5":"has-post-thumbnail","7":"category-bunol-ca","8":"category-canal-musica","9":"category-ventana-ca","10":"category-la-comarca-ca","11":"category-sin-categorizar-ca","12":"category-la-hoya-ca","13":"category-ocio-y-cultura-ca","14":"category-seccion-ca","15":"tag-bunol-ca","16":"tag-cim-la-armonica-ca","17":"tag-la-hoya-de-bunol-chiva-ca","18":"post_format-post-format-gallery"},"_links":{"self":[{"href":"https:\/\/www.tucomarca.com\/wordpress\/segunda\/ca\/wp-json\/wp\/v2\/posts\/297200","targetHints":{"allow":["GET"]}}],"collection":[{"href":"https:\/\/www.tucomarca.com\/wordpress\/segunda\/ca\/wp-json\/wp\/v2\/posts"}],"about":[{"href":"https:\/\/www.tucomarca.com\/wordpress\/segunda\/ca\/wp-json\/wp\/v2\/types\/post"}],"author":[{"embeddable":true,"href":"https:\/\/www.tucomarca.com\/wordpress\/segunda\/ca\/wp-json\/wp\/v2\/users\/12"}],"replies":[{"embeddable":true,"href":"https:\/\/www.tucomarca.com\/wordpress\/segunda\/ca\/wp-json\/wp\/v2\/comments?post=297200"}],"version-history":[{"count":0,"href":"https:\/\/www.tucomarca.com\/wordpress\/segunda\/ca\/wp-json\/wp\/v2\/posts\/297200\/revisions"}],"wp:featuredmedia":[{"embeddable":true,"href":"https:\/\/www.tucomarca.com\/wordpress\/segunda\/ca\/wp-json\/wp\/v2\/media\/297169"}],"wp:attachment":[{"href":"https:\/\/www.tucomarca.com\/wordpress\/segunda\/ca\/wp-json\/wp\/v2\/media?parent=297200"}],"wp:term":[{"taxonomy":"category","embeddable":true,"href":"https:\/\/www.tucomarca.com\/wordpress\/segunda\/ca\/wp-json\/wp\/v2\/categories?post=297200"},{"taxonomy":"post_tag","embeddable":true,"href":"https:\/\/www.tucomarca.com\/wordpress\/segunda\/ca\/wp-json\/wp\/v2\/tags?post=297200"}],"curies":[{"name":"wp","href":"https:\/\/api.w.org\/{rel}","templated":true}]}}