{"id":297376,"date":"2026-04-01T10:30:00","date_gmt":"2026-04-01T08:30:00","guid":{"rendered":"https:\/\/www.tucomarca.com\/wordpress\/segunda\/?p=297376"},"modified":"2026-04-01T21:08:26","modified_gmt":"2026-04-01T19:08:26","slug":"la-diputacio-de-valencia-valora-el-projecte-de-sos-desaparecidos-per-a-previndre-riscos-en-inundacions","status":"publish","type":"post","link":"https:\/\/www.tucomarca.com\/wordpress\/segunda\/ca\/la-diputacio-de-valencia-valora-el-projecte-de-sos-desaparecidos-per-a-previndre-riscos-en-inundacions\/","title":{"rendered":"La Diputaci\u00f3 de Val\u00e8ncia valora el projecte de SOS Desaparecidos per a previndre riscos en inundacions"},"content":{"rendered":"\n<p>El president de la Diputaci\u00f3 de Val\u00e8ncia, Vicent Momp\u00f3, s&#8217;ha reunit este dimarts amb representants de SOS Desapareguts per a brodar el projecte d&#8217;esta associaci\u00f3 sobre riscos naturals contra inundacions. El Projecte Ernesto Fuster porta el nom d&#8217;un dels morts en la dana i \u00e9s la seua filla, Sonia Fuster, qui el coordina. \u201cLi hem traslladat el projecte al president perqu\u00e8 es puguen implementar millores que eviten que la cat\u00e0strofe que vivim el 29 d&#8217;octubre torne a succeir i sobretot minimitzar riscos\u201d, ha explicat Fuster.<\/p>\n\n\n\n<p>A m\u00e9s, ha destacat que el president ha acollit \u201cmolt b\u00e9 el projecte\u201d que, ha concretat, \u201caborda molt\u00edssimes \u00e0rees, abasta \u00e0mbits com l&#8217;hidr\u00e0ulic i el tecnol\u00f2gic i afecta a totes les conselleries i a alguns municipis\u201d. Per aix\u00f2, estan mantenint contactes amb totes les administracions implicades i diferents grups pol\u00edtics. \u201c\u00c9s evident que hem de treballar tots junts perqu\u00e8 mai m\u00e9s es produ\u00efsca una trag\u00e8dia similar, la Diputaci\u00f3 est\u00e0 treballant des del minut zero en la reconstrucci\u00f3 i continuar\u00e0 fent-lo en tot el que siga a les nostres mans\u201d, ha assegurat Momp\u00f3.<\/p>\n","protected":false},"excerpt":{"rendered":"<div class=\"mh-excerpt\">El president de la Diputaci\u00f3 de Val\u00e8ncia, Vicent Momp\u00f3, s&#8217;ha reunit este dimarts amb representants de SOS Desapareguts per a brodar el projecte d&#8217;esta associaci\u00f3 sobre riscos naturals contra inundacions. El Projecte Ernesto Fuster porta <a class=\"mh-excerpt-more\" href=\"https:\/\/www.tucomarca.com\/wordpress\/segunda\/ca\/la-diputacio-de-valencia-valora-el-projecte-de-sos-desaparecidos-per-a-previndre-riscos-en-inundacions\/\" title=\"La Diputaci\u00f3 de Val\u00e8ncia valora el projecte de SOS Desaparecidos per a previndre riscos en inundacions\">[+] <\/a><\/div>\n","protected":false},"author":12,"featured_media":297374,"comment_status":"closed","ping_status":"open","sticky":false,"template":"","format":"standard","meta":{"footnotes":""},"categories":[21466,10898,10948,10894,10904,10903,10947,10896,10897],"tags":[11246,19769],"class_list":{"0":"post-297376","1":"post","2":"type-post","3":"status-publish","4":"format-standard","5":"has-post-thumbnail","7":"category-dana-ca","8":"category-ventana-ca","9":"category-infraestructuras-ca","10":"category-la-comarca-ca","11":"category-sin-categorizar-ca","12":"category-medio-ambiente-la-comarca-ca","13":"category-politica","14":"category-seccion-ca","15":"category-sucesos-la-comarca-ca","16":"tag-diputacio-de-valencia-ca","17":"tag-sos-desaparecidos-ca"},"_links":{"self":[{"href":"https:\/\/www.tucomarca.com\/wordpress\/segunda\/ca\/wp-json\/wp\/v2\/posts\/297376","targetHints":{"allow":["GET"]}}],"collection":[{"href":"https:\/\/www.tucomarca.com\/wordpress\/segunda\/ca\/wp-json\/wp\/v2\/posts"}],"about":[{"href":"https:\/\/www.tucomarca.com\/wordpress\/segunda\/ca\/wp-json\/wp\/v2\/types\/post"}],"author":[{"embeddable":true,"href":"https:\/\/www.tucomarca.com\/wordpress\/segunda\/ca\/wp-json\/wp\/v2\/users\/12"}],"replies":[{"embeddable":true,"href":"https:\/\/www.tucomarca.com\/wordpress\/segunda\/ca\/wp-json\/wp\/v2\/comments?post=297376"}],"version-history":[{"count":0,"href":"https:\/\/www.tucomarca.com\/wordpress\/segunda\/ca\/wp-json\/wp\/v2\/posts\/297376\/revisions"}],"wp:featuredmedia":[{"embeddable":true,"href":"https:\/\/www.tucomarca.com\/wordpress\/segunda\/ca\/wp-json\/wp\/v2\/media\/297374"}],"wp:attachment":[{"href":"https:\/\/www.tucomarca.com\/wordpress\/segunda\/ca\/wp-json\/wp\/v2\/media?parent=297376"}],"wp:term":[{"taxonomy":"category","embeddable":true,"href":"https:\/\/www.tucomarca.com\/wordpress\/segunda\/ca\/wp-json\/wp\/v2\/categories?post=297376"},{"taxonomy":"post_tag","embeddable":true,"href":"https:\/\/www.tucomarca.com\/wordpress\/segunda\/ca\/wp-json\/wp\/v2\/tags?post=297376"}],"curies":[{"name":"wp","href":"https:\/\/api.w.org\/{rel}","templated":true}]}}