{"id":297391,"date":"2026-04-01T10:05:00","date_gmt":"2026-04-01T08:05:00","guid":{"rendered":"https:\/\/www.tucomarca.com\/wordpress\/segunda\/?p=297391"},"modified":"2026-04-01T21:43:17","modified_gmt":"2026-04-01T19:43:17","slug":"turisme-comunitat-valenciana-impulsa-96-actuacions-de-reconstruccio-i-mitigacio-de-riscos-climatics-en-municipis-afectats-per-la-dana","status":"publish","type":"post","link":"https:\/\/www.tucomarca.com\/wordpress\/segunda\/ca\/turisme-comunitat-valenciana-impulsa-96-actuacions-de-reconstruccio-i-mitigacio-de-riscos-climatics-en-municipis-afectats-per-la-dana\/","title":{"rendered":"Turisme Comunitat Valenciana impulsa 96 actuacions de reconstrucci\u00f3 i mitigaci\u00f3 de riscos clim\u00e0tics en municipis afectats per la DANA"},"content":{"rendered":"\n<h3 class=\"wp-block-heading\">Es tracta de la l\u00ednia d&#8217;ajudes dotada amb 7,15 milions d&#8217;euros dirigida a mancomunitats afectades per les riuades del 29 d&#8217;octubre de 2024 i el termini d&#8217;execuci\u00f3 del qual finalitza el 31 d&#8217;agost.<\/h3>\n\n\n\n<h3 class=\"wp-block-heading\">la Generalitat ha reunit representants de les nou mancomunitats de comarques afectades per la dana en una sessi\u00f3 informativa i de seguiment, centrada en la correcta execuci\u00f3 final d&#8217;aquests projectes.<\/h3>\n\n\n\n<p>La Generalitat, a trav\u00e9s de Turisme Comunitat Valenciana, impulsa 96 actuacions de reconstrucci\u00f3 i mitigaci\u00f3 de riscos clim\u00e0tics en municipis afectats per la dana, per valor de 7.150.000 euros procedents de fons NextGenerationEU.<\/p>\n\n\n\n<p>Es tracta de la l\u00ednia d&#8217;ajudes dirigida a mancomunitats afectades per les riuades del 29 d&#8217;octubre de 2024, la convocat\u00f2ria del qual es va publicar el 20 de maig de 2025 en el Diari Oficial de la Generalitat Valenciana, i el termini d&#8217;execuci\u00f3 del qual s&#8217;ha ampliat fins al 31 d&#8217;agost de 2026.<\/p>\n\n\n\n<p>Amb l&#8217;objectiu d&#8217;oferir tota la informaci\u00f3 necess\u00e0ria per al tancament exit\u00f3s d&#8217;aquestes ajudes i la seua correcta justificaci\u00f3, Turisme Comunitat Valenciana ha organitzat una jornada t\u00e8cnica amb representants de les nou mancomunitats afectades, i que ha comptat amb la pres\u00e8ncia del secretari auton\u00f2mic de Turisme, Jos\u00e9 Manuel Camarero, i el Director de Fons Europeus de Turisme Comunitat Valenciana, \u00d3scar Gim\u00e9nez.<\/p>\n\n\n\n<p>Durant la seua intervenci\u00f3, el secretari auton\u00f2mic ha recordat que l&#8217;objectiu d&#8217;aquestes ajudes \u00e9s \u201crecuperar l&#8217;activitat tur\u00edstica dels municipis que es van veure damnificats pel temporal\u201d, i ha agra\u00eft \u201cel treball i la total implicaci\u00f3 que estan tenint les mancomunitats en aquesta recuperaci\u00f3\u201d, ja que la majoria de les actuacions es troben executades quasi \u00edntegrament.<\/p>\n\n\n\n<p>Aix\u00ed mateix, ha subratllat \u201cl&#8217;agilitat amb la qual s&#8217;ha gestionat el pagament i posada a la disposici\u00f3 d&#8217;aquestes ajudes\u201d, que al seu judici \u201c\u00e9s un clar exemple de cogobernanza entre mancomunitats, municipis i Generalitat\u201d.<\/p>\n\n\n\n<p><strong>Principals actuacions per mancomunitats<\/strong><\/p>\n\n\n\n<p>Del total de 7,15 milions d&#8217;euros amb els quals compta aquesta l\u00ednia d&#8217;ajudes, s&#8217;han destinat a la Mancomunitat Camp de T\u00faria 750.000 euros, que est\u00e0 permetent la recuperaci\u00f3 d&#8217;infraestructura verda al Parc Natural del T\u00faria, un sistema d&#8217;alerta primerenca mitjan\u00e7ant megafonia sense fil i l&#8217;adaptaci\u00f3 de la senda Els Rodanes, entre altres accions.<\/p>\n\n\n\n<p>La Mancomunitat de la Ribera Alta ha rebut 1.000.000 d&#8217;euros destinats a la implantaci\u00f3 de refugis clim\u00e0tics en 12 parcs municipals i una xarxa de rutes cicloturistas fluvials. Per part seua, la Mancomunitat Alt T\u00faria ha aconseguit una ajuda de 750.000 euros focalitzats en la rehabilitaci\u00f3 de la travessia Alt T\u00faria, l&#8217;adequaci\u00f3 de l&#8217;edifici \u2018Escoles Velles\u2019 de Toixa i la reparaci\u00f3 d&#8217;\u00e0rees recreatives a Xelva.<\/p>\n\n\n\n<p>Per a la Mancomunitat de l&#8217;Interior Terra del Vi s&#8217;han destinat 1.000.000 d&#8217;euros, que s&#8217;estan invertint en la recuperaci\u00f3 paisatg\u00edstica de l&#8217;estany del Mol\u00f3n, la reconstrucci\u00f3 del Passeig de l&#8217;Albereda i la millora d&#8217;\u00e0rees recreatives com la Font del Mico, entre altres.<\/p>\n\n\n\n<p>Tamb\u00e9 s&#8217;ha destinat 1.000.000 d&#8217;euros a la Mancomunitat Intermunicipal l&#8217;Horta Sud, centrats en l&#8217;adaptaci\u00f3 al canvi clim\u00e0tic i prevenci\u00f3 de riscos, a m\u00e9s d&#8217;implementar un programa de mobilitat sostenible i l&#8217;homogene\u00eftzaci\u00f3 del mobiliari urb\u00e0.<\/p>\n\n\n\n<p>La Mancomunitat Intermunicipal Foia de Bunyol-Xiva ha rebut un mili\u00f3 d&#8217;euros, i destaquen els projectes \u2018Dron Risk Trails\u2019 per a la gesti\u00f3 de desastres, biotrituraci\u00f3n sostenible i la creaci\u00f3 de biciestaciones solars amb energia renovable, entre les principals actuacions. A la Mancomunitat La Regi\u00f3 muntanyenca s&#8217;han destinat 750.000 euros per a la neteja i condicionament de sistemes de drenatge i llits de carrers en diversos municipis, juntament amb la dotaci\u00f3 d&#8217;equipament per a \u00e0rees recreatives.<\/p>\n\n\n\n<p>La mateixa quantitat s&#8217;ha destinat a la Mancomunitat de la Ribera Baixa, les accions subvencionables de la qual inclouen sistemes de megafonia i videovigil\u00e0ncia en diversos municipis com Albalat de la Ribera, Fortaleny i Benicull, aix\u00ed com passarel\u00b7les de fusta a Sueca. Mentre que a la Mancomunitat de Municipis de la Safor s&#8217;ha destinat un total de 150.000 euros, que permetran la gesti\u00f3 de riscos clim\u00e0tics en Tavernes i actuacions en el Bri Aiguamoll de Xeraco.<\/p>\n","protected":false},"excerpt":{"rendered":"<div class=\"mh-excerpt\">Es tracta de la l\u00ednia d&#8217;ajudes dotada amb 7,15 milions d&#8217;euros dirigida a mancomunitats afectades per les riuades del 29 d&#8217;octubre de 2024 i el termini d&#8217;execuci\u00f3 del qual finalitza el 31 d&#8217;agost. la Generalitat <a class=\"mh-excerpt-more\" href=\"https:\/\/www.tucomarca.com\/wordpress\/segunda\/ca\/turisme-comunitat-valenciana-impulsa-96-actuacions-de-reconstruccio-i-mitigacio-de-riscos-climatics-en-municipis-afectats-per-la-dana\/\" title=\"Turisme Comunitat Valenciana impulsa 96 actuacions de reconstrucci\u00f3 i mitigaci\u00f3 de riscos clim\u00e0tics en municipis afectats per la DANA\">[+] <\/a><\/div>\n","protected":false},"author":12,"featured_media":297390,"comment_status":"closed","ping_status":"open","sticky":false,"template":"","format":"standard","meta":{"footnotes":""},"categories":[10892,21466,11046,10898,10948,10894,10904,10912,10902,10903,10947,10909,10896,10897],"tags":[10899,15409,10914,21976,10910,12384],"class_list":{"0":"post-297391","1":"post","2":"type-post","3":"status-publish","4":"format-standard","5":"has-post-thumbnail","7":"category-camp-de-turia-ca","8":"category-dana-ca","9":"category-los-serranos-ca","10":"category-ventana-ca","11":"category-infraestructuras-ca","12":"category-la-comarca-ca","13":"category-sin-categorizar-ca","14":"category-la-hoya-ca","15":"category-la-ribera-ca","16":"category-medio-ambiente-la-comarca-ca","17":"category-politica","18":"category-requena-utiel-ca","19":"category-seccion-ca","20":"category-sucesos-la-comarca-ca","21":"tag-camp-de-turia-ca","22":"tag-dana-2-ca","23":"tag-la-hoya-de-bunol-chiva-ca","24":"tag-reconstruccion-ca","25":"tag-requena-utiel-ca","26":"tag-turisme-comunitat-valenciana-ca"},"_links":{"self":[{"href":"https:\/\/www.tucomarca.com\/wordpress\/segunda\/ca\/wp-json\/wp\/v2\/posts\/297391","targetHints":{"allow":["GET"]}}],"collection":[{"href":"https:\/\/www.tucomarca.com\/wordpress\/segunda\/ca\/wp-json\/wp\/v2\/posts"}],"about":[{"href":"https:\/\/www.tucomarca.com\/wordpress\/segunda\/ca\/wp-json\/wp\/v2\/types\/post"}],"author":[{"embeddable":true,"href":"https:\/\/www.tucomarca.com\/wordpress\/segunda\/ca\/wp-json\/wp\/v2\/users\/12"}],"replies":[{"embeddable":true,"href":"https:\/\/www.tucomarca.com\/wordpress\/segunda\/ca\/wp-json\/wp\/v2\/comments?post=297391"}],"version-history":[{"count":0,"href":"https:\/\/www.tucomarca.com\/wordpress\/segunda\/ca\/wp-json\/wp\/v2\/posts\/297391\/revisions"}],"wp:featuredmedia":[{"embeddable":true,"href":"https:\/\/www.tucomarca.com\/wordpress\/segunda\/ca\/wp-json\/wp\/v2\/media\/297390"}],"wp:attachment":[{"href":"https:\/\/www.tucomarca.com\/wordpress\/segunda\/ca\/wp-json\/wp\/v2\/media?parent=297391"}],"wp:term":[{"taxonomy":"category","embeddable":true,"href":"https:\/\/www.tucomarca.com\/wordpress\/segunda\/ca\/wp-json\/wp\/v2\/categories?post=297391"},{"taxonomy":"post_tag","embeddable":true,"href":"https:\/\/www.tucomarca.com\/wordpress\/segunda\/ca\/wp-json\/wp\/v2\/tags?post=297391"}],"curies":[{"name":"wp","href":"https:\/\/api.w.org\/{rel}","templated":true}]}}