{"id":297413,"date":"2026-04-01T10:00:00","date_gmt":"2026-04-01T08:00:00","guid":{"rendered":"https:\/\/www.tucomarca.com\/wordpress\/segunda\/?p=297413"},"modified":"2026-04-01T20:53:05","modified_gmt":"2026-04-01T18:53:05","slug":"la-diputacio-i-mujeres-en-el-sector-publico-visibilitzen-el-talent-femeni-que-transforma-les-institucions","status":"publish","type":"post","link":"https:\/\/www.tucomarca.com\/wordpress\/segunda\/ca\/la-diputacio-i-mujeres-en-el-sector-publico-visibilitzen-el-talent-femeni-que-transforma-les-institucions\/","title":{"rendered":"La Diputaci\u00f3 i Mujeres en el Sector P\u00fablico visibilitzen el talent femen\u00ed que transforma les institucions"},"content":{"rendered":"\n<h3 class=\"wp-block-heading\"><br>La vicepresidenta primera, Nat\u00e0lia Enguix, presenta el congr\u00e9s \u2018Dones que transformen el p\u00fablic\u2019 junt amb Ana Cerd\u00e1n i Pilar Moreno, integrants de l&#8217;associaci\u00f3, acompanyades per treballadores de la corporaci\u00f3 provincial.<\/h3>\n\n\n\n<h3 class=\"wp-block-heading\"><br>La huitena edici\u00f3 del congr\u00e9s, en el qual col\u00b7labora la Diputaci\u00f3, se celebrar\u00e0 el 29 de maig en el CaixaF\u00f3rum. \u201cNo serem eficients i moderns si no comptem amb les dones en els llocs de responsabilitat\u201d, afirma Enguix.<\/h3>\n\n\n\n<p>La Diputaci\u00f3 de Val\u00e8ncia ha acollit este dimarts la presentaci\u00f3 del huit\u00e9 congr\u00e9s de Mujeres en el Sector P\u00fablico (MSP), una edici\u00f3 que se celebrar\u00e0 entre el 28 i el 29 de maig a Val\u00e8ncia i que estar\u00e0 centrada en el potencial del talent femen\u00ed per a transformar les institucions. D&#8217;amfitriona ha exercit la vicepresidenta primera, Nat\u00e0lia Enguix, qui ha explicat el rol de la Diputaci\u00f3 en l&#8217;esdeveniment: \u201c\u00e9s molt m\u00e9s que un suport econ\u00f2mic, \u00e9s part d&#8217;una estrat\u00e8gia transversal que estem desenvolupant en totes les \u00e0rees de la instituci\u00f3 per a donar visibilitat al talent i el paper de la dona en la societat\u201d.<\/p>\n\n\n\n<p>La Diputaci\u00f3 \u00e9s &#8220;s\u00f2cia estrat\u00e8gica d&#8217;una xarxa que busca transformar el funcionament de les nostres institucions per a fer-les m\u00e9s eficients i representatives\u201d, apunta Enguix, que ha estat acompanyada en l&#8217;acte per la subdirectora econ\u00f2mica de l\u2019Hospital General, Ana Cerd\u00e1n, i Pilar Moreno, secret\u00e0ria i interventora en l&#8217;administraci\u00f3 local. Les dos s\u00f3n integrants d&#8217;una associaci\u00f3 de la qual tamb\u00e9 formen part Ll\u00facia Imbernon i Mar\u00eda Arg\u00fcelles, dones que exercixen llocs de responsabilitat en l&#8217;administraci\u00f3 provincial. \u201cAna, Pilar, Ll\u00facia i Mar\u00eda s\u00f3n companyes que demostren cada dia eixe talent femen\u00ed que est\u00e0 canviant l&#8217;espai del p\u00fablic i convertint administracions com la Diputaci\u00f3 en referent de les pol\u00edtiques d&#8217;igualtat\u201d, ha assenyalat la vicepresidenta, que inaugurar\u00e0 el congr\u00e9s.<\/p>\n\n\n\n<p>La responsable de Cooperaci\u00f3 Municipal, \u00e0rea sobre la qual s&#8217;articula la col\u00b7laboraci\u00f3 amb l&#8217;esdeveniment, considera fonamental que la Diputaci\u00f3 lidere iniciatives com este congr\u00e9s, que reunir\u00e0 m\u00e9s de 350 professionals de tota Espanya en el CaixaF\u00f3rum de l&#8217;\u00c0gora. \u201cEl treball d&#8217;estes dones demostra que hem aconseguit cotes elevades de poder fruit de la nostra capacitat, per\u00f2 no serem realment moderns i eficients si no comptem amb la dona en llocs de responsabilitat, reconeixent el dret que tenim a liderar projectes i \u00e0rees\u201d, ha expressat Nat\u00e0lia Enguix, conven\u00e7uda del potencial d&#8217;un congr\u00e9s consolidat al qual va assistir fa dos anys en l&#8217;edici\u00f3 celebrada a Burgos.<\/p>\n\n\n\n<p><strong>El talent invisible<\/strong><\/p>\n\n\n\n<p>La titular de Cooperaci\u00f3 i Igualtat en la Diputaci\u00f3 ha repassat algunes de les iniciatives que tenen en marxa les \u00e0rees que dirigix, cas del foment de la dona en la ci\u00e8ncia, la just\u00edcia retributiva o la recuperaci\u00f3 del llegat femen\u00ed a trav\u00e9s de la mem\u00f2ria. Per a Enguix, el paper de les administracions \u00e9s clau en les pol\u00edtiques d&#8217;igualtat, i congressos com el de Dones en el Sector P\u00fablic \u201cservixen per a trencar el sostre de vidre que ens trobem a l&#8217;hora d&#8217;accedir a llocs directius; aprofitar el talent invisible que atresora la dona en \u00e0mbits com la contractaci\u00f3, la gesti\u00f3 de crisi o la intel\u00b7lig\u00e8ncia artificial; i lluitar contra la precarietat laboral dels qui acabem cobrint el 74% de les jornades parcials\u201d.<\/p>\n\n\n\n<p>Enguix ha cedit la paraula a Ana Cerd\u00e1n, qui ha defensat \u201cmodels innovadors de gesti\u00f3 m\u00e9s horitzontals, inclusius, emp\u00e0tics, feministes i justos que ens permeten aconseguir una transformaci\u00f3 real de la societat\u201d. El congr\u00e9s que va n\u00e0ixer en 2018 a Toledo i que enguany acollir\u00e0 Val\u00e8ncia \u201c\u00e9s un punt d&#8217;encontre i treball per a abordar desafiaments actuals, amb ponents de gran rellev\u00e0ncia en mat\u00e8ries tan importants com la contractaci\u00f3 p\u00fablica o la resposta \u00e0gil i efica\u00e7 a situacions sobrevingudes\u201d.<\/p>\n\n\n\n<p>Entre les participants trobem perfils tan diversos com empres\u00e0ries, catedr\u00e0tiques, onc\u00f2logues, expertes en IA, responsables p\u00fabliques, interventores, advocades i registradores de la propietat, al costat de la consellera del Tribunal de Comptes Elena Hernaez i la lletrada major del Consell Jur\u00eddic Consultiu, Patricia Boix, entre altres. En este sentit, Pilar Moreno ha destacat el paper dels grups de treball d&#8217;MSP, tant els d&#8217;orat\u00f2ria com els de networking, reivindicant eixa &#8220;necessitat d&#8217;estar presents, visibles, en una societat que ha d&#8217;aprofitar el nostre talent\u201d.<\/p>\n\n\n\n<p>El dijous 28 de maig, jornada pr\u00e8via al congr\u00e9s que tindr\u00e0 lloc en el CaixaF\u00f3rum de la Ciutat de les Ci\u00e8ncies, l&#8217;Ajuntament de Val\u00e8ncia acollir\u00e0 una recepci\u00f3 a la Sala de Cristall en la qual intervindran, entre altres, l&#8217;alcaldessa de Val\u00e8ncia, M\u00aa Jos\u00e9 Catal\u00e1, i la presidenta de la Confederaci\u00f3 Empresarial de la Comunitat Valenciana, Eva Blasco. La inauguraci\u00f3 institucional del divendres estar\u00e0 a c\u00e0rrec de la vicepresidenta de la Diputaci\u00f3, Nat\u00e0lia Enguix, acompanyada per la presidenta d&#8217;MSP, Concepci\u00f3n Campos, i el director de l&#8217;Institut Nacional d&#8217;Administraci\u00f3 P\u00fablica, Manuel Pastor. Val\u00e8ncia ser\u00e0 esta primavera seu de la modernitzaci\u00f3 administrativa en clau femenina.<\/p>\n\n\n\n<figure class=\"wp-block-gallery has-nested-images columns-default is-cropped wp-block-gallery-1 is-layout-flex wp-block-gallery-is-layout-flex\">\n<figure class=\"wp-block-image size-large\"><img loading=\"lazy\" decoding=\"async\" width=\"1024\" height=\"665\" data-id=\"297408\" src=\"https:\/\/www.tucomarca.com\/wordpress\/segunda\/wp-content\/uploads\/2026\/04\/Dipu_MujeresTransforman02-1024x665.jpg\" alt=\"\" class=\"wp-image-297408\" srcset=\"https:\/\/www.tucomarca.com\/wordpress\/segunda\/wp-content\/uploads\/2026\/04\/Dipu_MujeresTransforman02-1024x665.jpg 1024w, https:\/\/www.tucomarca.com\/wordpress\/segunda\/wp-content\/uploads\/2026\/04\/Dipu_MujeresTransforman02-300x195.jpg 300w, https:\/\/www.tucomarca.com\/wordpress\/segunda\/wp-content\/uploads\/2026\/04\/Dipu_MujeresTransforman02-768x499.jpg 768w, https:\/\/www.tucomarca.com\/wordpress\/segunda\/wp-content\/uploads\/2026\/04\/Dipu_MujeresTransforman02-1536x998.jpg 1536w, https:\/\/www.tucomarca.com\/wordpress\/segunda\/wp-content\/uploads\/2026\/04\/Dipu_MujeresTransforman02-2048x1331.jpg 2048w\" sizes=\"auto, (max-width: 1024px) 100vw, 1024px\" \/><\/figure>\n\n\n\n<figure class=\"wp-block-image size-large\"><img loading=\"lazy\" decoding=\"async\" width=\"1024\" height=\"650\" data-id=\"297410\" src=\"https:\/\/www.tucomarca.com\/wordpress\/segunda\/wp-content\/uploads\/2026\/04\/Dipu_MujeresTransforman03-1024x650.jpg\" alt=\"\" class=\"wp-image-297410\" srcset=\"https:\/\/www.tucomarca.com\/wordpress\/segunda\/wp-content\/uploads\/2026\/04\/Dipu_MujeresTransforman03-1024x650.jpg 1024w, https:\/\/www.tucomarca.com\/wordpress\/segunda\/wp-content\/uploads\/2026\/04\/Dipu_MujeresTransforman03-300x190.jpg 300w, https:\/\/www.tucomarca.com\/wordpress\/segunda\/wp-content\/uploads\/2026\/04\/Dipu_MujeresTransforman03-768x487.jpg 768w, https:\/\/www.tucomarca.com\/wordpress\/segunda\/wp-content\/uploads\/2026\/04\/Dipu_MujeresTransforman03-1536x975.jpg 1536w, https:\/\/www.tucomarca.com\/wordpress\/segunda\/wp-content\/uploads\/2026\/04\/Dipu_MujeresTransforman03-2048x1300.jpg 2048w\" sizes=\"auto, (max-width: 1024px) 100vw, 1024px\" \/><\/figure>\n<\/figure>\n","protected":false},"excerpt":{"rendered":"<div class=\"mh-excerpt\">La vicepresidenta primera, Nat\u00e0lia Enguix, presenta el congr\u00e9s \u2018Dones que transformen el p\u00fablic\u2019 junt amb Ana Cerd\u00e1n i Pilar Moreno, integrants de l&#8217;associaci\u00f3, acompanyades per treballadores de la corporaci\u00f3 provincial. La huitena edici\u00f3 del congr\u00e9s, <a class=\"mh-excerpt-more\" href=\"https:\/\/www.tucomarca.com\/wordpress\/segunda\/ca\/la-diputacio-i-mujeres-en-el-sector-publico-visibilitzen-el-talent-femeni-que-transforma-les-institucions\/\" title=\"La Diputaci\u00f3 i Mujeres en el Sector P\u00fablico visibilitzen el talent femen\u00ed que transforma les institucions\">[+] <\/a><\/div>\n","protected":false},"author":12,"featured_media":297407,"comment_status":"closed","ping_status":"open","sticky":false,"template":"","format":"gallery","meta":{"footnotes":""},"categories":[10898,10948,10894,10904,10947,10896],"tags":[20809,21009,20262],"class_list":{"0":"post-297413","1":"post","2":"type-post","3":"status-publish","4":"format-gallery","5":"has-post-thumbnail","7":"category-ventana-ca","8":"category-infraestructuras-ca","9":"category-la-comarca-ca","10":"category-sin-categorizar-ca","11":"category-politica","12":"category-seccion-ca","13":"tag-diversidad-e-igualdad-ca","14":"tag-la-diputacio-de-valencia-ca","15":"tag-natalia-enguix-ca","16":"post_format-post-format-gallery"},"_links":{"self":[{"href":"https:\/\/www.tucomarca.com\/wordpress\/segunda\/ca\/wp-json\/wp\/v2\/posts\/297413","targetHints":{"allow":["GET"]}}],"collection":[{"href":"https:\/\/www.tucomarca.com\/wordpress\/segunda\/ca\/wp-json\/wp\/v2\/posts"}],"about":[{"href":"https:\/\/www.tucomarca.com\/wordpress\/segunda\/ca\/wp-json\/wp\/v2\/types\/post"}],"author":[{"embeddable":true,"href":"https:\/\/www.tucomarca.com\/wordpress\/segunda\/ca\/wp-json\/wp\/v2\/users\/12"}],"replies":[{"embeddable":true,"href":"https:\/\/www.tucomarca.com\/wordpress\/segunda\/ca\/wp-json\/wp\/v2\/comments?post=297413"}],"version-history":[{"count":0,"href":"https:\/\/www.tucomarca.com\/wordpress\/segunda\/ca\/wp-json\/wp\/v2\/posts\/297413\/revisions"}],"wp:featuredmedia":[{"embeddable":true,"href":"https:\/\/www.tucomarca.com\/wordpress\/segunda\/ca\/wp-json\/wp\/v2\/media\/297407"}],"wp:attachment":[{"href":"https:\/\/www.tucomarca.com\/wordpress\/segunda\/ca\/wp-json\/wp\/v2\/media?parent=297413"}],"wp:term":[{"taxonomy":"category","embeddable":true,"href":"https:\/\/www.tucomarca.com\/wordpress\/segunda\/ca\/wp-json\/wp\/v2\/categories?post=297413"},{"taxonomy":"post_tag","embeddable":true,"href":"https:\/\/www.tucomarca.com\/wordpress\/segunda\/ca\/wp-json\/wp\/v2\/tags?post=297413"}],"curies":[{"name":"wp","href":"https:\/\/api.w.org\/{rel}","templated":true}]}}