{"id":297419,"date":"2026-04-01T09:00:00","date_gmt":"2026-04-01T07:00:00","guid":{"rendered":"https:\/\/www.tucomarca.com\/wordpress\/segunda\/?p=297419"},"modified":"2026-04-01T20:47:34","modified_gmt":"2026-04-01T18:47:34","slug":"la-diputacio-obri-el-termini-extraordinari-per-a-la-sollicitud-de-cessio-la-placa-de-bous-de-valencia","status":"publish","type":"post","link":"https:\/\/www.tucomarca.com\/wordpress\/segunda\/ca\/la-diputacio-obri-el-termini-extraordinari-per-a-la-sollicitud-de-cessio-la-placa-de-bous-de-valencia\/","title":{"rendered":"La Diputaci\u00f3 obri el termini extraordinari per a la sol\u00b7licitud de cessi\u00f3 la Pla\u00e7a de Bous de Val\u00e8ncia"},"content":{"rendered":"\n<h3 class=\"wp-block-heading\"><br>El termini de sol\u00b7licitud per a realitzar activitats culturals, socials, esportives o d&#8217;oci en 2026 conclou el 30 d&#8217;abril.<\/h3>\n\n\n\n<p>La Diputaci\u00f3 de Val\u00e8ncia mantindr\u00e0 obert el termini extraordinari de sol\u00b7licitud de cessi\u00f3 temporal de la Pla\u00e7a de Bous de Val\u00e8ncia fins al 30 d&#8217;abril. La cessi\u00f3 \u00e9s per a la realitzaci\u00f3 d&#8217;activitats culturals, socials, esportives o d&#8217;oci l&#8217;any 2026.<\/p>\n\n\n\n<p>En concret, tot el mes d&#8217;abril i del 3 al 7 de juny (a triar un dia), estan disponibles. Al maig, juliol i agost ja no hi ha disponibilitat. Per a realitzar la sol\u00b7licitud de cessi\u00f3 de la Pla\u00e7a de Bous s&#8217;ha d&#8217;accedir a la seu electr\u00f2nica de la Diputaci\u00f3 de Val\u00e8ncia en el portal web dival.es (Cat\u00e0leg de Tr\u00e0mits-Presid\u00e8ncia-Sol\u00b7licitud de cessi\u00f3 de la Pla\u00e7a de Bous):&nbsp;<\/p>\n\n\n\n<p><a href=\"https:\/\/www.sede.dival.es\/opencms\/opencms\/contenidos\/gestorexpedientes?opanterior=listadotematico&amp;tema=\/presidencia\/&amp;idexpediente=107&amp;tipoexpedientegestor=sede&amp;addruta\">https:\/\/www.sede.dival.es\/opencms\/opencms\/contenidos\/gestorexpedientes?opanterior=listadotematico&amp;tema=\/presidencia\/&amp;idexpediente=107&amp;tipoexpedientegestor=sede&amp;addruta<\/a><\/p>\n","protected":false},"excerpt":{"rendered":"<div class=\"mh-excerpt\">El termini de sol\u00b7licitud per a realitzar activitats culturals, socials, esportives o d&#8217;oci en 2026 conclou el 30 d&#8217;abril. La Diputaci\u00f3 de Val\u00e8ncia mantindr\u00e0 obert el termini extraordinari de sol\u00b7licitud de cessi\u00f3 temporal de la <a class=\"mh-excerpt-more\" href=\"https:\/\/www.tucomarca.com\/wordpress\/segunda\/ca\/la-diputacio-obri-el-termini-extraordinari-per-a-la-sollicitud-de-cessio-la-placa-de-bous-de-valencia\/\" title=\"La Diputaci\u00f3 obri el termini extraordinari per a la sol\u00b7licitud de cessi\u00f3 la Pla\u00e7a de Bous de Val\u00e8ncia\">[+] <\/a><\/div>\n","protected":false},"author":12,"featured_media":297418,"comment_status":"closed","ping_status":"open","sticky":false,"template":"","format":"standard","meta":{"footnotes":""},"categories":[10898,10948,11007,10947,10896],"tags":[12194,21009],"class_list":{"0":"post-297419","1":"post","2":"type-post","3":"status-publish","4":"format-standard","5":"has-post-thumbnail","7":"category-ventana-ca","8":"category-infraestructuras-ca","9":"category-ocio-y-cultura-ca","10":"category-politica","11":"category-seccion-ca","12":"tag-cultura-ca","13":"tag-la-diputacio-de-valencia-ca"},"_links":{"self":[{"href":"https:\/\/www.tucomarca.com\/wordpress\/segunda\/ca\/wp-json\/wp\/v2\/posts\/297419","targetHints":{"allow":["GET"]}}],"collection":[{"href":"https:\/\/www.tucomarca.com\/wordpress\/segunda\/ca\/wp-json\/wp\/v2\/posts"}],"about":[{"href":"https:\/\/www.tucomarca.com\/wordpress\/segunda\/ca\/wp-json\/wp\/v2\/types\/post"}],"author":[{"embeddable":true,"href":"https:\/\/www.tucomarca.com\/wordpress\/segunda\/ca\/wp-json\/wp\/v2\/users\/12"}],"replies":[{"embeddable":true,"href":"https:\/\/www.tucomarca.com\/wordpress\/segunda\/ca\/wp-json\/wp\/v2\/comments?post=297419"}],"version-history":[{"count":0,"href":"https:\/\/www.tucomarca.com\/wordpress\/segunda\/ca\/wp-json\/wp\/v2\/posts\/297419\/revisions"}],"wp:featuredmedia":[{"embeddable":true,"href":"https:\/\/www.tucomarca.com\/wordpress\/segunda\/ca\/wp-json\/wp\/v2\/media\/297418"}],"wp:attachment":[{"href":"https:\/\/www.tucomarca.com\/wordpress\/segunda\/ca\/wp-json\/wp\/v2\/media?parent=297419"}],"wp:term":[{"taxonomy":"category","embeddable":true,"href":"https:\/\/www.tucomarca.com\/wordpress\/segunda\/ca\/wp-json\/wp\/v2\/categories?post=297419"},{"taxonomy":"post_tag","embeddable":true,"href":"https:\/\/www.tucomarca.com\/wordpress\/segunda\/ca\/wp-json\/wp\/v2\/tags?post=297419"}],"curies":[{"name":"wp","href":"https:\/\/api.w.org\/{rel}","templated":true}]}}