{"id":297480,"date":"2026-04-01T09:15:00","date_gmt":"2026-04-01T07:15:00","guid":{"rendered":"https:\/\/www.tucomarca.com\/wordpress\/segunda\/?p=297480"},"modified":"2026-04-01T21:24:21","modified_gmt":"2026-04-01T19:24:21","slug":"la-diputacio-de-valencia-presenta-loferta-turistica-de-la-provincia-a-agents-de-viatges-a-tarragona","status":"publish","type":"post","link":"https:\/\/www.tucomarca.com\/wordpress\/segunda\/ca\/la-diputacio-de-valencia-presenta-loferta-turistica-de-la-provincia-a-agents-de-viatges-a-tarragona\/","title":{"rendered":"La Diputaci\u00f3 de Val\u00e8ncia presenta l&#8217;oferta tur\u00edstica de la prov\u00edncia a agents de viatges a Tarragona"},"content":{"rendered":"\n<h3 class=\"wp-block-heading\">El diputat de Turisme, Pedro Cuesta: \u201cEstes accions permeten traslladar les nostres propostes als prescriptors directes de les experi\u00e8ncies tur\u00edstiques que oferix el nostre territori\u201d.<\/h3>\n\n\n\n<p>La Diputaci\u00f3 de Val\u00e8ncia, a trav\u00e9s de la seua marca Val\u00e8ncia Turisme, ha presentat l&#8217;oferta tur\u00edstica de la prov\u00edncia de Val\u00e8ncia a Tarragona, durant la seua participaci\u00f3 en el workshop organitzat per l&#8217;Associaci\u00f3 Empresarial Valenciana d&#8217;Ag\u00e8ncies de Viatges (AEVAV) amb ag\u00e8ncies locals.<\/p>\n\n\n\n<p>El diputat de Turisme, Pedro Cuesta, ha destacat la import\u00e0ncia de participar en estes accions, ja que \u201cpermeten traslladar les nostres propostes als prescriptors directes de les experi\u00e8ncies tur\u00edstiques que oferix el nostre territori\u201d.<\/p>\n\n\n\n<p>La trobada, celebrat ahir a l&#8217;hotel H10 Imperial Tarraco i en el qual tamb\u00e9 va participar Sagunt, va servir perqu\u00e8 els professionals de les ag\u00e8ncies pogueren con\u00e9ixer de primera m\u00e0 els detalls de l&#8217;oferta actual d&#8217;experi\u00e8ncies i destinacions tur\u00edstiques de la prov\u00edncia de Val\u00e8ncia, que despr\u00e9s traslladaran als seus clients.<\/p>\n\n\n\n<p>La Diputaci\u00f3 col\u00b7labora un any m\u00e9s amb AEVAV en els cinc workshops que l&#8217;associaci\u00f3 empresarial ha organitzat enguany en el territori nacional, que van comen\u00e7ar a principis de mar\u00e7 a Val\u00e8ncia i es traslladaran pr\u00f2ximament a les ciutats de Saragossa i M\u00farcia.<\/p>\n","protected":false},"excerpt":{"rendered":"<div class=\"mh-excerpt\">El diputat de Turisme, Pedro Cuesta: \u201cEstes accions permeten traslladar les nostres propostes als prescriptors directes de les experi\u00e8ncies tur\u00edstiques que oferix el nostre territori\u201d. La Diputaci\u00f3 de Val\u00e8ncia, a trav\u00e9s de la seua marca <a class=\"mh-excerpt-more\" href=\"https:\/\/www.tucomarca.com\/wordpress\/segunda\/ca\/la-diputacio-de-valencia-presenta-loferta-turistica-de-la-provincia-a-agents-de-viatges-a-tarragona\/\" title=\"La Diputaci\u00f3 de Val\u00e8ncia presenta l&#8217;oferta tur\u00edstica de la prov\u00edncia a agents de viatges a Tarragona\">[+] <\/a><\/div>\n","protected":false},"author":12,"featured_media":297481,"comment_status":"closed","ping_status":"open","sticky":false,"template":"","format":"standard","meta":{"footnotes":""},"categories":[10898,10894,10904,11007,10896],"tags":[11246,18066],"class_list":{"0":"post-297480","1":"post","2":"type-post","3":"status-publish","4":"format-standard","5":"has-post-thumbnail","7":"category-ventana-ca","8":"category-la-comarca-ca","9":"category-sin-categorizar-ca","10":"category-ocio-y-cultura-ca","11":"category-seccion-ca","12":"tag-diputacio-de-valencia-ca","13":"tag-valencia-turisme-2-ca"},"_links":{"self":[{"href":"https:\/\/www.tucomarca.com\/wordpress\/segunda\/ca\/wp-json\/wp\/v2\/posts\/297480","targetHints":{"allow":["GET"]}}],"collection":[{"href":"https:\/\/www.tucomarca.com\/wordpress\/segunda\/ca\/wp-json\/wp\/v2\/posts"}],"about":[{"href":"https:\/\/www.tucomarca.com\/wordpress\/segunda\/ca\/wp-json\/wp\/v2\/types\/post"}],"author":[{"embeddable":true,"href":"https:\/\/www.tucomarca.com\/wordpress\/segunda\/ca\/wp-json\/wp\/v2\/users\/12"}],"replies":[{"embeddable":true,"href":"https:\/\/www.tucomarca.com\/wordpress\/segunda\/ca\/wp-json\/wp\/v2\/comments?post=297480"}],"version-history":[{"count":0,"href":"https:\/\/www.tucomarca.com\/wordpress\/segunda\/ca\/wp-json\/wp\/v2\/posts\/297480\/revisions"}],"wp:featuredmedia":[{"embeddable":true,"href":"https:\/\/www.tucomarca.com\/wordpress\/segunda\/ca\/wp-json\/wp\/v2\/media\/297481"}],"wp:attachment":[{"href":"https:\/\/www.tucomarca.com\/wordpress\/segunda\/ca\/wp-json\/wp\/v2\/media?parent=297480"}],"wp:term":[{"taxonomy":"category","embeddable":true,"href":"https:\/\/www.tucomarca.com\/wordpress\/segunda\/ca\/wp-json\/wp\/v2\/categories?post=297480"},{"taxonomy":"post_tag","embeddable":true,"href":"https:\/\/www.tucomarca.com\/wordpress\/segunda\/ca\/wp-json\/wp\/v2\/tags?post=297480"}],"curies":[{"name":"wp","href":"https:\/\/api.w.org\/{rel}","templated":true}]}}