{"id":297503,"date":"2026-04-01T09:03:00","date_gmt":"2026-04-01T07:03:00","guid":{"rendered":"https:\/\/www.tucomarca.com\/wordpress\/segunda\/?p=297503"},"modified":"2026-04-01T21:51:33","modified_gmt":"2026-04-01T19:51:33","slug":"enguix-portara-a-ple-lincrement-del-20-en-les-ajudes-de-memoria-davant-les-sollicituds-dajuntaments-i-associacions","status":"publish","type":"post","link":"https:\/\/www.tucomarca.com\/wordpress\/segunda\/ca\/enguix-portara-a-ple-lincrement-del-20-en-les-ajudes-de-memoria-davant-les-sollicituds-dajuntaments-i-associacions\/","title":{"rendered":"Enguix portar\u00e0 a ple l&#8217;increment del 20% en les ajudes de Mem\u00f2ria davant les sol\u00b7licituds d&#8217;ajuntaments i associacions"},"content":{"rendered":"\n<h3 class=\"wp-block-heading\">La vicepresidenta i responsable de Mem\u00f2ria Democr\u00e0tica proposa una ampliaci\u00f3 de cr\u00e8dit de 250.000 euros, que haur\u00e0 de votar-se en el ple de la Diputaci\u00f3, per a \u201cfer front a les nombroses peticions rebudes\u201d.<\/h3>\n\n\n\n<h3 class=\"wp-block-heading\">Des de la creaci\u00f3 de la delegaci\u00f3 en 2016, el pressupost ha passat de 350.000 euros a m\u00e9s de dos milions en 10 anys. \u201cLa mem\u00f2ria \u00e9s un dret que hem de protegir des de les institucions\u201d, assegura Nat\u00e0lia Enguix.<\/h3>\n\n\n\n<h3 class=\"wp-block-heading\">La Diputaci\u00f3 oferix ajuda a Paterna per a dotar de contingut el Memorial en el qual descansaran els represaliats les fam\u00edlies dels quals el sol\u00b7liciten.<\/h3>\n\n\n\n<p>La vicepresidenta primera de la Diputaci\u00f3 i responsable de Mem\u00f2ria Democr\u00e0tica, Nat\u00e0lia Enguix, portar\u00e0 al ple provincial l&#8217;increment de 250.000 euros en les ajudes d&#8217;enguany per a ajuntaments i associacions memorialistes, la qual cosa elevaria el pressupost en mat\u00e8ria de Mem\u00f2ria Democr\u00e0tica a xifres hist\u00f2riques. \u201cTenim moltes sol\u00b7licituds per a posar en marxa projectes de dignificaci\u00f3 de les v\u00edctimes i volem augmentar la partida, que l&#8217;any passat va ser de 700.000 euros per a ajuntaments i 150.000 per a associacions, i que en 2026 hem pujat a 875.000 i 200.000 euros respectivament\u201d, ha detallat la responsable provincial de Mem\u00f2ria durant la seua visita al cementeri de Paterna.<\/p>\n\n\n\n<p>Enguix ha assenyalat que \u201cla proposta que hem rem\u00e9s a l&#8217;\u00e0rea d&#8217;Hisenda de la Diputaci\u00f3 est\u00e0 contemplada en les bases de la convocat\u00f2ria, i respon al volum de sol\u00b7licituds que estem rebent per part dels ajuntaments i les associacions de familiars, a les quals no volem negar la possibilitat de dignificar el record dels seus sers estimats\u201d. La possibilitat d&#8217;incrementar el pressupost en mat\u00e8ria de Mem\u00f2ria haur\u00e0 de votar-se en el ple de la corporaci\u00f3.<\/p>\n\n\n\n<p>Al marge d&#8217;estos ajustos, l&#8217;evoluci\u00f3 de l&#8217;\u00faltima d\u00e8cada mostra l&#8217;aposta de la corporaci\u00f3 en mat\u00e8ria de Mem\u00f2ria Democr\u00e0tica. La Diputaci\u00f3 ha passat d&#8217;un pressupost de 356.000 euros en 2016, any en qu\u00e8 es va crear la delegaci\u00f3 amb Jorge Rodr\u00edguez com a president i Rosa P\u00e9rez Garijo com a diputada, als prop de 2,2 milions d&#8217;euros que arrepleguen els comptes de 2026.<\/p>\n\n\n\n<p>Entre els projectes que t\u00e9 en marxa la delegaci\u00f3 de Mem\u00f2ria trobem tallers en centres de Secund\u00e0ria, guies docents i unitats did\u00e0ctiques, exposicions itinerants, el redisseny del web, l&#8217;adquisici\u00f3 de fons documentals i materials de difusi\u00f3, el programa La Mem\u00f2ria a les Biblioteques, publicacions, els premis La Mem\u00f2ria a l\u2019Escola i el certamen d&#8217;investigaci\u00f3 hist\u00f2rica Mar\u00eda la Jabalina. \u201cEstes iniciatives complementen les subvencions a ajuntaments i associacions i la inversi\u00f3 en exhumacions, la qual cosa demostra la import\u00e0ncia de l&#8217;educaci\u00f3 en mem\u00f2ria\u201d, conclou Nat\u00e0lia Enguix.<\/p>\n\n\n\n<figure class=\"wp-block-gallery has-nested-images columns-default is-cropped wp-block-gallery-1 is-layout-flex wp-block-gallery-is-layout-flex\">\n<figure class=\"wp-block-image size-large\"><img loading=\"lazy\" decoding=\"async\" width=\"945\" height=\"638\" data-id=\"297487\" src=\"https:\/\/www.tucomarca.com\/wordpress\/segunda\/wp-content\/uploads\/2026\/04\/EnguixCementerioPaterna1.jpg\" alt=\"\" class=\"wp-image-297487\" srcset=\"https:\/\/www.tucomarca.com\/wordpress\/segunda\/wp-content\/uploads\/2026\/04\/EnguixCementerioPaterna1.jpg 945w, https:\/\/www.tucomarca.com\/wordpress\/segunda\/wp-content\/uploads\/2026\/04\/EnguixCementerioPaterna1-300x203.jpg 300w, https:\/\/www.tucomarca.com\/wordpress\/segunda\/wp-content\/uploads\/2026\/04\/EnguixCementerioPaterna1-768x519.jpg 768w\" sizes=\"auto, (max-width: 945px) 100vw, 945px\" \/><\/figure>\n\n\n\n<figure class=\"wp-block-image size-large\"><img loading=\"lazy\" decoding=\"async\" width=\"945\" height=\"638\" data-id=\"297489\" src=\"https:\/\/www.tucomarca.com\/wordpress\/segunda\/wp-content\/uploads\/2026\/04\/EnguixCementerioPaterna2.jpg\" alt=\"\" class=\"wp-image-297489\" srcset=\"https:\/\/www.tucomarca.com\/wordpress\/segunda\/wp-content\/uploads\/2026\/04\/EnguixCementerioPaterna2.jpg 945w, https:\/\/www.tucomarca.com\/wordpress\/segunda\/wp-content\/uploads\/2026\/04\/EnguixCementerioPaterna2-300x203.jpg 300w, https:\/\/www.tucomarca.com\/wordpress\/segunda\/wp-content\/uploads\/2026\/04\/EnguixCementerioPaterna2-768x519.jpg 768w\" sizes=\"auto, (max-width: 945px) 100vw, 945px\" \/><\/figure>\n<\/figure>\n\n\n\n<p><strong>Completar el Memorial de Paterna<\/strong><\/p>\n\n\n\n<p>D&#8217;altra banda, la vicepresidenta Enguix va aprofitar la seua visita a Paterna per a oferir al consistori els recursos de la Diputaci\u00f3 amb la finalitat d&#8217;obrir una aula de difusi\u00f3 hist\u00f2rica en el Memorial constru\u00eft pel Consell en el cementeri. Acompanyada per la diputada Nuria Campos i el regidor de Protecci\u00f3 a les Persones, Julio Fern\u00e1ndez, la titular de Mem\u00f2ria va explorar junt amb els responsables locals possibles vies de col\u00b7laboraci\u00f3 per a culminar el Memorial i dotar de contingut l&#8217;aula expositiva que forma part de la instal\u00b7laci\u00f3. \u201cDes de la Diputaci\u00f3 posem a la disposici\u00f3 de l&#8217;ajuntament els nostres recursos per a completar la instal\u00b7laci\u00f3, la qual cosa permetr\u00e0 difondre una hist\u00f2ria que sovint queda incompleta i que han de con\u00e9ixer les noves generacions\u201d.<\/p>\n\n\n\n<p>La hist\u00f2ria arreplega 2.386 persones que van ser afusellades en el conegut com a Pared\u00f3 d&#8217;Espanya, a escassos metres del Memorial. Les restes dels represaliats estan sent recuperats i identificats a trav\u00e9s de projectes d&#8217;exhumaci\u00f3 com els que subvenciona la Diputaci\u00f3 a petici\u00f3 dels ajuntaments o els propis familiars de les v\u00edctimes.<\/p>\n\n\n\n<p>En este sentit, Julio Fern\u00e1ndez agra\u00efx la inversi\u00f3 realitzada per la Diputaci\u00f3 per a exhumar diferents fosses del cementeri, aix\u00ed com el suport oferit per a completar el Memorial, que compta amb un mausoleu per a la reinhumaci\u00f3 de les restes extretes de les fosses comunes i un espai expositiu, amb una superf\u00edcie global d&#8217;uns 800 metres quadrats. \u201cEl mausoleu es va construir en uns terrenys cedits per l&#8217;ajuntament per a dignificar a estes persones que van caure en l&#8217;oblit. Les fam\u00edlies poden sol\u00b7licitar que les restes dels seus sers estimats descansen ac\u00ed\u201d, explica el regidor de Protecci\u00f3 a les Persones.<\/p>\n","protected":false},"excerpt":{"rendered":"<div class=\"mh-excerpt\">La vicepresidenta i responsable de Mem\u00f2ria Democr\u00e0tica proposa una ampliaci\u00f3 de cr\u00e8dit de 250.000 euros, que haur\u00e0 de votar-se en el ple de la Diputaci\u00f3, per a \u201cfer front a les nombroses peticions rebudes\u201d. Des <a class=\"mh-excerpt-more\" href=\"https:\/\/www.tucomarca.com\/wordpress\/segunda\/ca\/enguix-portara-a-ple-lincrement-del-20-en-les-ajudes-de-memoria-davant-les-sollicituds-dajuntaments-i-associacions\/\" title=\"Enguix portar\u00e0 a ple l&#8217;increment del 20% en les ajudes de Mem\u00f2ria davant les sol\u00b7licituds d&#8217;ajuntaments i associacions\">[+] <\/a><\/div>\n","protected":false},"author":12,"featured_media":297492,"comment_status":"closed","ping_status":"open","sticky":false,"template":"","format":"gallery","meta":{"footnotes":""},"categories":[10898,10894,10904,10947,10896],"tags":[11246,16620],"class_list":{"0":"post-297503","1":"post","2":"type-post","3":"status-publish","4":"format-gallery","5":"has-post-thumbnail","7":"category-ventana-ca","8":"category-la-comarca-ca","9":"category-sin-categorizar-ca","10":"category-politica","11":"category-seccion-ca","12":"tag-diputacio-de-valencia-ca","13":"tag-memoria-democratica-ca","14":"post_format-post-format-gallery"},"_links":{"self":[{"href":"https:\/\/www.tucomarca.com\/wordpress\/segunda\/ca\/wp-json\/wp\/v2\/posts\/297503","targetHints":{"allow":["GET"]}}],"collection":[{"href":"https:\/\/www.tucomarca.com\/wordpress\/segunda\/ca\/wp-json\/wp\/v2\/posts"}],"about":[{"href":"https:\/\/www.tucomarca.com\/wordpress\/segunda\/ca\/wp-json\/wp\/v2\/types\/post"}],"author":[{"embeddable":true,"href":"https:\/\/www.tucomarca.com\/wordpress\/segunda\/ca\/wp-json\/wp\/v2\/users\/12"}],"replies":[{"embeddable":true,"href":"https:\/\/www.tucomarca.com\/wordpress\/segunda\/ca\/wp-json\/wp\/v2\/comments?post=297503"}],"version-history":[{"count":0,"href":"https:\/\/www.tucomarca.com\/wordpress\/segunda\/ca\/wp-json\/wp\/v2\/posts\/297503\/revisions"}],"wp:featuredmedia":[{"embeddable":true,"href":"https:\/\/www.tucomarca.com\/wordpress\/segunda\/ca\/wp-json\/wp\/v2\/media\/297492"}],"wp:attachment":[{"href":"https:\/\/www.tucomarca.com\/wordpress\/segunda\/ca\/wp-json\/wp\/v2\/media?parent=297503"}],"wp:term":[{"taxonomy":"category","embeddable":true,"href":"https:\/\/www.tucomarca.com\/wordpress\/segunda\/ca\/wp-json\/wp\/v2\/categories?post=297503"},{"taxonomy":"post_tag","embeddable":true,"href":"https:\/\/www.tucomarca.com\/wordpress\/segunda\/ca\/wp-json\/wp\/v2\/tags?post=297503"}],"curies":[{"name":"wp","href":"https:\/\/api.w.org\/{rel}","templated":true}]}}