{"id":297529,"date":"2026-04-02T11:00:00","date_gmt":"2026-04-02T09:00:00","guid":{"rendered":"https:\/\/www.tucomarca.com\/wordpress\/segunda\/?p=297529"},"modified":"2026-04-02T12:58:45","modified_gmt":"2026-04-02T10:58:45","slug":"xest-ret-homenatge-a-les-victimes-de-la-dana-amb-marxa-civica-i-actes-commemoratius","status":"publish","type":"post","link":"https:\/\/www.tucomarca.com\/wordpress\/segunda\/ca\/xest-ret-homenatge-a-les-victimes-de-la-dana-amb-marxa-civica-i-actes-commemoratius\/","title":{"rendered":"Xest ret homenatge a les v\u00edctimes de la DANA amb marxa c\u00edvica i actes commemoratius"},"content":{"rendered":"\n<p>Xest ha acollit aquest dissabte una marxa c\u00edvica en record de les v\u00edctimes de la DANA del 29 d&#8217;octubre de 2024, un any i quatre mesos despr\u00e9s de la trag\u00e8dia. Sota el lema&nbsp;&#8220;Xest recorda. Un any despr\u00e9s de la DANA&#8221;, la jornada va reunir familiars de les v\u00edctimes, autoritats locals i ve\u00efns del municipi en un recorregut que va combinar mem\u00f2ria, reflexi\u00f3 i solidaritat.<\/p>\n\n\n\n<p>L&#8217;acte va comen\u00e7ar amb la&nbsp;inauguraci\u00f3 de l&#8217;exposici\u00f3 \u2018DANA 24\u2019, del fot\u00f2graf&nbsp;H\u00e9ctor Murgui Lluna, instal\u00b7lada en bastides al llarg del recorregut. La mostra documenta els efectes del barranc i l&#8217;impacte hum\u00e0 i material de la DANA, i romandr\u00e0 oberta al p\u00fablic durant 20 dies. Per a H\u00e9ctor Murgui aquesta exposici\u00f3 \u201cbusca transformar el record en consci\u00e8ncia i reflexi\u00f3. Cada imatge \u00e9s un testimoniatge de la trag\u00e8dia, per\u00f2 tamb\u00e9 de la for\u00e7a i solidaritat de la comunitat.\u201d<\/p>\n\n\n\n<p>La&nbsp;Jove Muixeranga de Val\u00e8ncia&nbsp;va iniciar la marxa pels carrers Plaza Doctor Cajal, Julio Tar\u00edn, Xiva i Cova Santa, al\u00e7ant torres humanes com a s\u00edmbol de for\u00e7a col\u00b7lectiva i cohesi\u00f3 social. Durant el trajecte, els assistents van poder contemplar l&#8217;exposici\u00f3 i reflexionar sobre els fets viscuts.<\/p>\n\n\n\n<p>En la&nbsp;rotonda de la carretera de Ll\u00edria, es va inaugurar l&#8217;escultura&nbsp; commemorativa&nbsp;del chestano&nbsp;Adolfo Ib\u00e1\u00f1ez Andr\u00e9s, un s\u00edmbol de mem\u00f2ria i resili\u00e8ncia. L&#8217;escultor&nbsp;va destacar la import\u00e0ncia de la mem\u00f2ria col\u00b7lectiva, mentre que Ernesto Mart\u00ednez Alfaro, en representaci\u00f3 de les v\u00edctimes, van compartir les seues reflexions \u201cHui rendim un homenatge a 230 persones que no tenien per qu\u00e8 morir si alg\u00fa haguera fet el seu treball. Per\u00f2 hui estem per a homenatjar i dignificar la vida d&#8217;aquestes persones, com les de la meua germana i la meua neboda\u201d. Mart\u00ednez tamb\u00e9 va relatar, emocionat, que \u201cla meua germana i la meua neboda van estar gravant la seua mort en directe. A la meua germana la van trobar 12 dies despr\u00e9s, per\u00f2 17 mesos despr\u00e9s la meua neboda segueix desapareguda. Continuen buscant, i confie en la paraula de les persones que estan fent tres torns al dia per a poder trobar-la\u201d. Va finalitzar la seua intervenci\u00f3 agraint l&#8217;homenatge organitzat per l&#8217;Ajuntament, \u201cque m&#8217;ompli d&#8217;orgull viure en aquest poble\u201d.<br>L&#8217;Ajuntament va realitzar una&nbsp;ofrena floral&nbsp;en homenatge a les v\u00edctimes, acompanyada per familiars, autoritats locals i membres de Policia i Protecci\u00f3 Civil. La jornada va concloure amb la&nbsp;Jove Muixeranga&nbsp;al\u00e7ant novament una torre humana, s\u00edmbol de resili\u00e8ncia i uni\u00f3.<\/p>\n\n\n\n<p>La&nbsp;tinenta d&#8217;alcalde, M\u00aa \u00c1ngeles Llorente, va subratllar que \u201caquest acte d&#8217;homenatge a les v\u00edctimes no sols \u00e9s necessari, \u00e9s un deure moral ineludible. Hui acompanyem el seu dolor, que tamb\u00e9 \u00e9s el de tota la societat, i reafirmem el nostre comprom\u00eds ferm i irrenunciable amb la seua lluita per la veritat, la just\u00edcia i la reparaci\u00f3. No podem ni devem oblidar l&#8217;ocorregut. Recordar \u00e9s una manera de fer just\u00edcia, per\u00f2 tamb\u00e9 d&#8217;assumir la responsabilitat que una cosa aix\u00ed no torne a succeir. Per aix\u00f2, \u00e9s imprescindible posar tots els mitjans necessaris, refor\u00e7ar la prevenci\u00f3, millorar la resposta institucional i garantir que mai m\u00e9s una trag\u00e8dia d&#8217;aquestes caracter\u00edstiques torne a repetir-se\u201d.<\/p>\n\n\n\n<p>L&#8217;alcalde de Xest, Jos\u00e9 Morell, va assenyalar que \u201cun any i quatre mesos despr\u00e9s, continuem sentint molt a prop aquell dia que va canviar la nostra hist\u00f2ria recent. La DANA va deixar una ferida profunda en el nostre municipi i en les nostres vides, una ferida que no es tanca amb el pas del temps, sin\u00f3 amb la mem\u00f2ria compartida, el respecte i l&#8217;acompanyament mutu\u201d. Morell va destacar que \u201caquesta marxa c\u00edvica i tots els actes que hem celebrat hui busquen honrar la dignitat dels qui ho van perdre tot i enfortir la nostra mem\u00f2ria col\u00b7lectiva\u201d. Aix\u00ed mateix, va subratllar que \u201caquest acte no \u00e9s nom\u00e9s un homenatge; \u00e9s un comprom\u00eds. Un comprom\u00eds amb les fam\u00edlies, amb la veritat i amb la just\u00edcia. Un comprom\u00eds perqu\u00e8 cap trag\u00e8dia com aquesta torne a repetir-se\u201d.<\/p>\n\n\n\n<p>L&#8217;acte, inicialment previst per a desembre, es va ajornar per inclem\u00e8ncies meteorol\u00f2giques i s&#8217;emmarca dins de les iniciatives del municipi per a&nbsp;refor\u00e7ar la mem\u00f2ria col\u00b7lectiva i acompanyar a les persones afectades per la DANA.<\/p>\n\n\n\n<figure class=\"wp-block-gallery has-nested-images columns-2 is-cropped wp-block-gallery-1 is-layout-flex wp-block-gallery-is-layout-flex\">\n<figure class=\"wp-block-image size-large\"><img loading=\"lazy\" decoding=\"async\" width=\"945\" height=\"638\" data-id=\"297530\" src=\"https:\/\/www.tucomarca.com\/wordpress\/segunda\/wp-content\/uploads\/2026\/04\/ChesteHomenajeDana01.jpg\" alt=\"\" class=\"wp-image-297530\" srcset=\"https:\/\/www.tucomarca.com\/wordpress\/segunda\/wp-content\/uploads\/2026\/04\/ChesteHomenajeDana01.jpg 945w, https:\/\/www.tucomarca.com\/wordpress\/segunda\/wp-content\/uploads\/2026\/04\/ChesteHomenajeDana01-300x203.jpg 300w, https:\/\/www.tucomarca.com\/wordpress\/segunda\/wp-content\/uploads\/2026\/04\/ChesteHomenajeDana01-768x519.jpg 768w\" sizes=\"auto, (max-width: 945px) 100vw, 945px\" \/><\/figure>\n\n\n\n<figure class=\"wp-block-image size-large\"><img loading=\"lazy\" decoding=\"async\" width=\"945\" height=\"638\" data-id=\"297534\" src=\"https:\/\/www.tucomarca.com\/wordpress\/segunda\/wp-content\/uploads\/2026\/04\/ChesteHomenajeDana03.jpg\" alt=\"\" class=\"wp-image-297534\" srcset=\"https:\/\/www.tucomarca.com\/wordpress\/segunda\/wp-content\/uploads\/2026\/04\/ChesteHomenajeDana03.jpg 945w, https:\/\/www.tucomarca.com\/wordpress\/segunda\/wp-content\/uploads\/2026\/04\/ChesteHomenajeDana03-300x203.jpg 300w, https:\/\/www.tucomarca.com\/wordpress\/segunda\/wp-content\/uploads\/2026\/04\/ChesteHomenajeDana03-768x519.jpg 768w\" sizes=\"auto, (max-width: 945px) 100vw, 945px\" \/><\/figure>\n\n\n\n<figure class=\"wp-block-image size-large\"><img loading=\"lazy\" decoding=\"async\" width=\"945\" height=\"638\" data-id=\"297536\" src=\"https:\/\/www.tucomarca.com\/wordpress\/segunda\/wp-content\/uploads\/2026\/04\/ChesteHomenajeDana04.jpg\" alt=\"\" class=\"wp-image-297536\" srcset=\"https:\/\/www.tucomarca.com\/wordpress\/segunda\/wp-content\/uploads\/2026\/04\/ChesteHomenajeDana04.jpg 945w, https:\/\/www.tucomarca.com\/wordpress\/segunda\/wp-content\/uploads\/2026\/04\/ChesteHomenajeDana04-300x203.jpg 300w, https:\/\/www.tucomarca.com\/wordpress\/segunda\/wp-content\/uploads\/2026\/04\/ChesteHomenajeDana04-768x519.jpg 768w\" sizes=\"auto, (max-width: 945px) 100vw, 945px\" \/><\/figure>\n\n\n\n<figure class=\"wp-block-image size-large\"><img loading=\"lazy\" decoding=\"async\" width=\"945\" height=\"638\" data-id=\"297538\" src=\"https:\/\/www.tucomarca.com\/wordpress\/segunda\/wp-content\/uploads\/2026\/04\/ChesteHomenajeDana05.jpg\" alt=\"\" class=\"wp-image-297538\" srcset=\"https:\/\/www.tucomarca.com\/wordpress\/segunda\/wp-content\/uploads\/2026\/04\/ChesteHomenajeDana05.jpg 945w, https:\/\/www.tucomarca.com\/wordpress\/segunda\/wp-content\/uploads\/2026\/04\/ChesteHomenajeDana05-300x203.jpg 300w, https:\/\/www.tucomarca.com\/wordpress\/segunda\/wp-content\/uploads\/2026\/04\/ChesteHomenajeDana05-768x519.jpg 768w\" sizes=\"auto, (max-width: 945px) 100vw, 945px\" \/><\/figure>\n\n\n\n<figure class=\"wp-block-image size-large\"><img loading=\"lazy\" decoding=\"async\" width=\"945\" height=\"638\" data-id=\"297540\" src=\"https:\/\/www.tucomarca.com\/wordpress\/segunda\/wp-content\/uploads\/2026\/04\/ChesteHomenajeDana06.jpg\" alt=\"\" class=\"wp-image-297540\" srcset=\"https:\/\/www.tucomarca.com\/wordpress\/segunda\/wp-content\/uploads\/2026\/04\/ChesteHomenajeDana06.jpg 945w, https:\/\/www.tucomarca.com\/wordpress\/segunda\/wp-content\/uploads\/2026\/04\/ChesteHomenajeDana06-300x203.jpg 300w, https:\/\/www.tucomarca.com\/wordpress\/segunda\/wp-content\/uploads\/2026\/04\/ChesteHomenajeDana06-768x519.jpg 768w\" sizes=\"auto, (max-width: 945px) 100vw, 945px\" \/><\/figure>\n\n\n\n<figure class=\"wp-block-image size-large\"><img loading=\"lazy\" decoding=\"async\" width=\"945\" height=\"638\" data-id=\"297542\" src=\"https:\/\/www.tucomarca.com\/wordpress\/segunda\/wp-content\/uploads\/2026\/04\/ChesteHomenajeDana07.jpg\" alt=\"\" class=\"wp-image-297542\" srcset=\"https:\/\/www.tucomarca.com\/wordpress\/segunda\/wp-content\/uploads\/2026\/04\/ChesteHomenajeDana07.jpg 945w, https:\/\/www.tucomarca.com\/wordpress\/segunda\/wp-content\/uploads\/2026\/04\/ChesteHomenajeDana07-300x203.jpg 300w, https:\/\/www.tucomarca.com\/wordpress\/segunda\/wp-content\/uploads\/2026\/04\/ChesteHomenajeDana07-768x519.jpg 768w\" sizes=\"auto, (max-width: 945px) 100vw, 945px\" \/><\/figure>\n<\/figure>\n","protected":false},"excerpt":{"rendered":"<div class=\"mh-excerpt\">Xest ha acollit aquest dissabte una marxa c\u00edvica en record de les v\u00edctimes de la DANA del 29 d&#8217;octubre de 2024, un any i quatre mesos despr\u00e9s de la trag\u00e8dia. Sota el lema&nbsp;&#8220;Xest recorda. Un <a class=\"mh-excerpt-more\" href=\"https:\/\/www.tucomarca.com\/wordpress\/segunda\/ca\/xest-ret-homenatge-a-les-victimes-de-la-dana-amb-marxa-civica-i-actes-commemoratius\/\" title=\"Xest ret homenatge a les v\u00edctimes de la DANA amb marxa c\u00edvica i actes commemoratius\">[+] <\/a><\/div>\n","protected":false},"author":12,"featured_media":297532,"comment_status":"closed","ping_status":"open","sticky":false,"template":"","format":"gallery","meta":{"footnotes":""},"categories":[21466,10894,10904,10912,11004,11007,10896,10974],"tags":[11071,15409,10914],"class_list":{"0":"post-297529","1":"post","2":"type-post","3":"status-publish","4":"format-gallery","5":"has-post-thumbnail","7":"category-dana-ca","8":"category-la-comarca-ca","9":"category-sin-categorizar-ca","10":"category-la-hoya-ca","11":"category-la-semana-en-imagenes-ca","12":"category-ocio-y-cultura-ca","13":"category-seccion-ca","14":"category-cheste-ca","15":"tag-cheste","16":"tag-dana-2-ca","17":"tag-la-hoya-de-bunol-chiva-ca","18":"post_format-post-format-gallery"},"_links":{"self":[{"href":"https:\/\/www.tucomarca.com\/wordpress\/segunda\/ca\/wp-json\/wp\/v2\/posts\/297529","targetHints":{"allow":["GET"]}}],"collection":[{"href":"https:\/\/www.tucomarca.com\/wordpress\/segunda\/ca\/wp-json\/wp\/v2\/posts"}],"about":[{"href":"https:\/\/www.tucomarca.com\/wordpress\/segunda\/ca\/wp-json\/wp\/v2\/types\/post"}],"author":[{"embeddable":true,"href":"https:\/\/www.tucomarca.com\/wordpress\/segunda\/ca\/wp-json\/wp\/v2\/users\/12"}],"replies":[{"embeddable":true,"href":"https:\/\/www.tucomarca.com\/wordpress\/segunda\/ca\/wp-json\/wp\/v2\/comments?post=297529"}],"version-history":[{"count":0,"href":"https:\/\/www.tucomarca.com\/wordpress\/segunda\/ca\/wp-json\/wp\/v2\/posts\/297529\/revisions"}],"wp:featuredmedia":[{"embeddable":true,"href":"https:\/\/www.tucomarca.com\/wordpress\/segunda\/ca\/wp-json\/wp\/v2\/media\/297532"}],"wp:attachment":[{"href":"https:\/\/www.tucomarca.com\/wordpress\/segunda\/ca\/wp-json\/wp\/v2\/media?parent=297529"}],"wp:term":[{"taxonomy":"category","embeddable":true,"href":"https:\/\/www.tucomarca.com\/wordpress\/segunda\/ca\/wp-json\/wp\/v2\/categories?post=297529"},{"taxonomy":"post_tag","embeddable":true,"href":"https:\/\/www.tucomarca.com\/wordpress\/segunda\/ca\/wp-json\/wp\/v2\/tags?post=297529"}],"curies":[{"name":"wp","href":"https:\/\/api.w.org\/{rel}","templated":true}]}}