{"id":297551,"date":"2026-04-03T12:00:00","date_gmt":"2026-04-03T10:00:00","guid":{"rendered":"https:\/\/www.tucomarca.com\/wordpress\/segunda\/?p=297551"},"modified":"2026-04-03T13:18:41","modified_gmt":"2026-04-03T11:18:41","slug":"labora-destina-mes-de-dotze-milions-deuros-en-ajudes-per-a-la-contractacio-de-persones-joves-aturades-per-ajuntaments-de-la-comunitat-valenciana","status":"publish","type":"post","link":"https:\/\/www.tucomarca.com\/wordpress\/segunda\/ca\/labora-destina-mes-de-dotze-milions-deuros-en-ajudes-per-a-la-contractacio-de-persones-joves-aturades-per-ajuntaments-de-la-comunitat-valenciana\/","title":{"rendered":"Labora destina m\u00e9s de dotze milions d&#8217;euros en ajudes per a la contractaci\u00f3 de persones joves aturades per ajuntaments de la Comunitat Valenciana"},"content":{"rendered":"\n<h3 class=\"wp-block-heading\">La convocat\u00f2ria permetr\u00e0 la contractaci\u00f3 de persones desocupades menors de 30 anys per un per\u00edode d&#8217;almenys nou mesos per part dels consistoris.<\/h3>\n\n\n\n<h3 class=\"wp-block-heading\">Els ajuntaments de la Comunitat Valenciana ja poden sol\u00b7licitar aquesta subvenci\u00f3 que millora l&#8217;ocupabilitat de les persones joves i facilita el seu acc\u00e9s al mercat laboral.<\/h3>\n\n\n\n<p>Labora, el Servici Valenci\u00e0 d&#8217;Ocupaci\u00f3 i Formaci\u00f3, ha publicat en el DOGV i en la seua p\u00e0gina web les ajudes per a la contractaci\u00f3 de persones desocupades menors de 30 anys per ajuntaments de la Comunitat Valenciana.<\/p>\n\n\n\n<p>Amb una inversi\u00f3 de m\u00e9s de dotze milions d&#8217;euros, fons procedents del Servei P\u00fablic d&#8217;Ocupaci\u00f3 Estatal, Labora pret\u00e9n impulsar l&#8217;ocupaci\u00f3 juvenil amb la contractaci\u00f3 d&#8217;aquest col\u00b7lectiu per un per\u00edode d&#8217;almenys nou mesos per part dels ajuntaments de la Comunitat Valenciana. La previsi\u00f3 \u00e9s que aquest import permeta que cada ajuntament puga comptar amb una subvenci\u00f3 que li permeta contractar almenys una persona.<\/p>\n\n\n\n<p><strong>L&#8217;atur juvenil en la Comunitat Valenciana<\/strong><\/p>\n\n\n\n<p>La publicaci\u00f3 d&#8217;aquesta convocat\u00f2ria es produeix en un context d&#8217;evoluci\u00f3 positiva de l&#8217;ocupaci\u00f3 juvenil en la Comunitat Valenciana. Per segon mes consecutiu, la Comunitat \u00e9s la segona autonomia amb major descens anual de joves menors de 25 anys parats, amb 1.578 persones menys, quasi un ter\u00e7 del descens registrat a nivell nacional.<\/p>\n\n\n\n<p>Aix\u00ed mateix, la Comunitat Valenciana triplica el descens percentual anual de l&#8217;atur juvenil respecte a la mitjana nacional, amb una reducci\u00f3 del -8,0% enfront del -2,8% del conjunt d&#8217;Espanya. Quasi un de cada tres joves que ixen de l&#8217;atur a Espanya \u00e9s de la Comunitat Valenciana.<\/p>\n\n\n\n<p>Aquestes dades confirmen la tend\u00e8ncia favorable de l&#8217;ocupaci\u00f3 entre les persones joves i reforcen la import\u00e0ncia de continuar impulsant programes espec\u00edfics dirigits a aquest col\u00b7lectiu per a facilitar el seu acc\u00e9s a una formaci\u00f3 qualificada i a una primera experi\u00e8ncia professional.<\/p>\n\n\n\n<p><strong>Presentaci\u00f3 de sol\u00b7licituds<\/strong><\/p>\n\n\n\n<p>Els ajuntaments que desitgen participar d&#8217;aquesta acci\u00f3 tenen deu dies h\u00e0bils a partir de la publicaci\u00f3 de l&#8217;extracte de la convocat\u00f2ria en el DOGV per a realitzar les seues sol\u00b7licituds.<\/p>\n\n\n\n<p>La selecci\u00f3 de les persones que seran contractades es realitzar\u00e0 per part dels Espais Labora, seguint el procediment establit en la resoluci\u00f3, entre aquelles persones que complisquen els requisits i el perfil de l&#8217;oferta d&#8217;ocupaci\u00f3 presentada per l&#8217;ajuntament. Per tant, \u00e9s important que les persones que siguen perceptibles de ser contractades tinguen el seu curr\u00edculum actualitzat. Per a aix\u00f2, poden fer-ho a trav\u00e9s del portal Punt Labora o demanar cita en la seua Espai Labora.<\/p>\n\n\n\n<p><strong>Pol\u00edtiques per a millorar l&#8217;ocupabilitat<\/strong><\/p>\n\n\n\n<p>Les ajudes per a la contractaci\u00f3 de persones menors de 30 anys desocupades per ajuntaments de la Comunitat Valenciana s\u00f3n una eina clau de les pol\u00edtiques actives d&#8217;ocupaci\u00f3 del Consell per a millorar l&#8217;ocupabilitat i oferir oportunitats reals a les persones joves aturades per a la seua inserci\u00f3 i perqu\u00e8 puguen adquirir una experi\u00e8ncia laboral real. Aquesta estrat\u00e8gia es complementa amb altres accions de formaci\u00f3 i ocupaci\u00f3 impulsades per Labora.<\/p>\n\n\n\n<p>En aquest sentit, el Pla de Formaci\u00f3 2026 de Labora, dotat amb prop de 200 milions d&#8217;euros, contempla formar a m\u00e9s de 58.000 persones en la Comunitat Valenciana, amb especial atenci\u00f3 als joves. Programes com les Escoles Taller o els programes mixtos d&#8217;ocupaci\u00f3-formaci\u00f3 permeten a les persones joves adquirir una qualificaci\u00f3 professional mentre desenvolupen una experi\u00e8ncia laboral real, facilitant el seu acc\u00e9s al mercat de treball i la seua autonomia econ\u00f2mica.<\/p>\n\n\n\n<p>Amb aquestes pol\u00edtiques, el Consell avan\u00e7a en una estrat\u00e8gia que garanteix oportunitats reals a la joventut de la Comunitat Valenciana.<\/p>\n","protected":false},"excerpt":{"rendered":"<div class=\"mh-excerpt\">La convocat\u00f2ria permetr\u00e0 la contractaci\u00f3 de persones desocupades menors de 30 anys per un per\u00edode d&#8217;almenys nou mesos per part dels consistoris. Els ajuntaments de la Comunitat Valenciana ja poden sol\u00b7licitar aquesta subvenci\u00f3 que millora <a class=\"mh-excerpt-more\" href=\"https:\/\/www.tucomarca.com\/wordpress\/segunda\/ca\/labora-destina-mes-de-dotze-milions-deuros-en-ajudes-per-a-la-contractacio-de-persones-joves-aturades-per-ajuntaments-de-la-comunitat-valenciana\/\" title=\"Labora destina m\u00e9s de dotze milions d&#8217;euros en ajudes per a la contractaci\u00f3 de persones joves aturades per ajuntaments de la Comunitat Valenciana\">[+] <\/a><\/div>\n","protected":false},"author":12,"featured_media":297689,"comment_status":"closed","ping_status":"open","sticky":false,"template":"","format":"standard","meta":{"footnotes":""},"categories":[10898,10948,10894,10904,10947,10896],"tags":[12480,11498,11485],"class_list":{"0":"post-297551","1":"post","2":"type-post","3":"status-publish","4":"format-standard","5":"has-post-thumbnail","7":"category-ventana-ca","8":"category-infraestructuras-ca","9":"category-la-comarca-ca","10":"category-sin-categorizar-ca","11":"category-politica","12":"category-seccion-ca","13":"tag-empleo-ca","14":"tag-generalitat-valenciana-ca","15":"tag-labora-ca"},"_links":{"self":[{"href":"https:\/\/www.tucomarca.com\/wordpress\/segunda\/ca\/wp-json\/wp\/v2\/posts\/297551","targetHints":{"allow":["GET"]}}],"collection":[{"href":"https:\/\/www.tucomarca.com\/wordpress\/segunda\/ca\/wp-json\/wp\/v2\/posts"}],"about":[{"href":"https:\/\/www.tucomarca.com\/wordpress\/segunda\/ca\/wp-json\/wp\/v2\/types\/post"}],"author":[{"embeddable":true,"href":"https:\/\/www.tucomarca.com\/wordpress\/segunda\/ca\/wp-json\/wp\/v2\/users\/12"}],"replies":[{"embeddable":true,"href":"https:\/\/www.tucomarca.com\/wordpress\/segunda\/ca\/wp-json\/wp\/v2\/comments?post=297551"}],"version-history":[{"count":0,"href":"https:\/\/www.tucomarca.com\/wordpress\/segunda\/ca\/wp-json\/wp\/v2\/posts\/297551\/revisions"}],"wp:featuredmedia":[{"embeddable":true,"href":"https:\/\/www.tucomarca.com\/wordpress\/segunda\/ca\/wp-json\/wp\/v2\/media\/297689"}],"wp:attachment":[{"href":"https:\/\/www.tucomarca.com\/wordpress\/segunda\/ca\/wp-json\/wp\/v2\/media?parent=297551"}],"wp:term":[{"taxonomy":"category","embeddable":true,"href":"https:\/\/www.tucomarca.com\/wordpress\/segunda\/ca\/wp-json\/wp\/v2\/categories?post=297551"},{"taxonomy":"post_tag","embeddable":true,"href":"https:\/\/www.tucomarca.com\/wordpress\/segunda\/ca\/wp-json\/wp\/v2\/tags?post=297551"}],"curies":[{"name":"wp","href":"https:\/\/api.w.org\/{rel}","templated":true}]}}