{"id":297559,"date":"2026-04-03T10:00:00","date_gmt":"2026-04-03T08:00:00","guid":{"rendered":"https:\/\/www.tucomarca.com\/wordpress\/segunda\/?p=297559"},"modified":"2026-04-03T13:11:57","modified_gmt":"2026-04-03T11:11:57","slug":"lajuntament-de-xest-coordina-amb-diversos-collectius-locals-la-celebracio-de-les-festes-de-la-patrona","status":"publish","type":"post","link":"https:\/\/www.tucomarca.com\/wordpress\/segunda\/ca\/lajuntament-de-xest-coordina-amb-diversos-collectius-locals-la-celebracio-de-les-festes-de-la-patrona\/","title":{"rendered":"L&#8217;Ajuntament de Xest coordina amb diversos col\u00b7lectius locals la celebraci\u00f3 de les festes de la patrona"},"content":{"rendered":"\n<p>L&#8217;Ajuntament de Xest ha confirmat que secundar\u00e0 de manera directa la celebraci\u00f3 de les festes en honor a la Verge de la Soledat Gloriosa, Patrona de Xest, que comen\u00e7aran el pr\u00f2xim 5 d&#8217;abril i els actes del qual culminaran el 18 d&#8217;abril, a m\u00e9s d&#8217;un tardeo dels clavaris que compleixen el seu cinquantenari, previst per al 9 d&#8217;abril.<\/p>\n\n\n\n<p>Davant la falta de clavaris que assumisquen l&#8217;organitzaci\u00f3 tradicional dels actes, el Consistori coordinar\u00e0 a diversos col\u00b7lectius locals per a garantir el desenvolupament de tots els esdeveniments festius i religiosos vinculats a aquestes dates tan significatives per al municipi.<\/p>\n\n\n\n<p>El regidor de Festes, \u00d3scar Gald\u00f3n, ha subratllat que \u201cel nostre comprom\u00eds \u00e9s que Xest puga gaudir, un any m\u00e9s, d&#8217;unes festes dignes. Comptem amb la col\u00b7laboraci\u00f3 d&#8217;associacions i col\u00b7lectius que estan demostrant un gran sentit de responsabilitat i voluntat de participaci\u00f3\u201d.<\/p>\n\n\n\n<p>Per part seua, l&#8217;alcalde, Jos\u00e9 Morell, ha destacat que \u201cl&#8217;Ajuntament treballar\u00e0 perqu\u00e8 se celebren aquestes festes, preservant una tradici\u00f3 que \u00e9s patrimoni com\u00fa de totes i tots els chestanos, fent costat als col\u00b7lectius que s&#8217;han prestat a col\u00b7laborar\u201d.<\/p>\n\n\n\n<p>Els col\u00b7lectius col\u00b7laboradors al costat de l&#8217;Ajuntament s\u00f3n la parr\u00f2quia Sant Lluc Evangelista, els portadors de la Verge de la Soledat Gloriosa, els Clavaris de 2024 i els de 2025 i les empreses ByN, Hub, Horse i Bar Sol, a m\u00e9s de la regidoria de Turisme i Comer\u00e7 dirigida per Brenda Jim\u00e9nez.<\/p>\n\n\n\n<p><strong>Resum del programa festiu<\/strong><\/p>\n\n\n\n<p>Les celebracions comen\u00e7aran el diumenge 5 d&#8217;abril, amb el tradicional trasllat en process\u00f3 de la imatge de la Verge i la Trobada&nbsp;en la Pla\u00e7a Dr. Cajal, seguit de la missa solemne i l&#8217;inici del Octavario, que es prolongar\u00e0 durant tota la setmana amb intencions dedicades a diferents col\u00b7lectius del municipi: difunts, malalts, xiquets, matrimonis i el poble de Xest.<\/p>\n\n\n\n<p>El dissabte 11 d&#8217;abril&nbsp;tindran lloc les Solemnes Vespres, amb volteig de campanes i la tradicional ofrena de flors, un dels actes m\u00e9s participatius. Eixa mateixa nit se celebrar\u00e0 una festa remember&nbsp;al Carrer P\u00e9rez Gald\u00f3s amb DJ Rubio i Rub\u00e9n DjSito.<\/p>\n\n\n\n<p>El diumenge 12 d&#8217;abril, dia gran, se celebrar\u00e0 la Missa Solemne&nbsp;en honor a la Verge de la Soledat Gloriosa, amb la participaci\u00f3 de la Coral Sant Lluc Evangelista i l&#8217;estrena d&#8217;una obra dedicada a la Patrona. A la vesprada es clausurar\u00e0 el Octavario i es realitzar\u00e0 la process\u00f3 de retorn a l&#8217;ermita, seguida d&#8217;un espectacle pirot\u00e8cnic en la Pla\u00e7a Barri de l&#8217;Alegria.<\/p>\n\n\n\n<p>Les festes continuaran posteriorment amb activitats populars: el dissabte 18 d&#8217;abril&nbsp;se celebrar\u00e0 el Dia de les Paelles, que inclour\u00e0 bous en corda i revetla al Carrer Xiva, mentre que el 9 de maig&nbsp;tindr\u00e0 lloc el Tardeo del 50 aniversari dels Clavaris, amb nous bous en corda i m\u00fasica en el Bar Sol.<\/p>\n\n\n\n<p><strong>PROGRAMA OFICIAL \u2013 FESTES VERGE DE LA SOLEDAT GLORIOSA 2026<\/strong><\/p>\n\n\n\n<p>DIUMENGE 5 D&#8217;ABRIL \u2013 FESTIVITAT DE LA RESURRECCI\u00d3 DE CRIST<\/p>\n\n\n\n<p>\u2022 10:00 h.&nbsp;Trasllat en process\u00f3 de la Verge des de l&#8217;ermita fins a la Pla\u00e7a Dr. Cajal, on se celebrar\u00e0 la tradicional Trobada, presidit pels Clavaris 2025.<\/p>\n\n\n\n<p>A continuaci\u00f3, solemne eucaristia en la parr\u00f2quia Sant Lluc Evangelista i primer dia del Octavario, a intenci\u00f3 dels portadors de la Verge i les seues fam\u00edlies.<\/p>\n\n\n\n<p>DILLUNS 6 D&#8217;ABRIL<\/p>\n\n\n\n<p>Segon dia del Octavario, a intenci\u00f3 de tots els difunts\/as de Xest.<\/p>\n\n\n\n<p>DIMARTS 7 D&#8217;ABRIL<\/p>\n\n\n\n<p>Tercer dia del Octavario, dedicat a la unci\u00f3 dels malalts\/as de Xest.<\/p>\n\n\n\n<p>\u2022 18:30 h.&nbsp;Missa.<\/p>\n\n\n\n<p>DIMECRES 8 D&#8217;ABRIL<\/p>\n\n\n\n<p>Quart dia del Octavario, a intenci\u00f3 de tots els xiquets i xiquetes de Xest.<\/p>\n\n\n\n<p>En finalitzar, pas dels xiquets pel mantell de la Verge.<\/p>\n\n\n\n<p>DIJOUS 9 D&#8217;ABRIL<\/p>\n\n\n\n<p>Cinqu\u00e9 dia del Octavario, dedicat als matrimonis de Xest.<\/p>\n\n\n\n<p>DIVENDRES 10 D&#8217;ABRIL<\/p>\n\n\n\n<p>Sis\u00e9 dia del Octavario, a intenci\u00f3 del poble de Xest.<\/p>\n\n\n\n<p>\u2022 19:00 h.&nbsp;Missa i besamans.<\/p>\n\n\n\n<p>DISSABTE 11 D&#8217;ABRIL \u2013 SOLEMNES VESPRES<\/p>\n\n\n\n<p>\u2022 12:00 h.&nbsp;Volteig de campanes en honor a la Patrona.<\/p>\n\n\n\n<p>\u2022 18:00 h. Ofrena de flors a la Verge de la Soledat Gloriosa.<\/p>\n\n\n\n<p>Recorregut: Plaza Ermita, Carrer Ermita, Plaza Dr. Cajal, Julio Tar\u00edn, Mar\u00eda Carbonell, Bar\u00f3 de Xest, Federico Garc\u00eda Lorca, Carrer Xiva, Jes\u00fas i Plaza Iglesia.<\/p>\n\n\n\n<p>Normes organitzatives:<\/p>\n\n\n\n<p>\u2022 17:30 h.&nbsp;Trobada dels participants en l&#8217;ermita.<\/p>\n\n\n\n<p>L&#8217;ordre de la desfilada ser\u00e0 establit pels Clavaris 2024.<\/p>\n\n\n\n<p>Entrada pel passad\u00eds central de l&#8217;esgl\u00e9sia; eixida per la porta lateral cap a Plaza Le\u00f3n.<\/p>\n\n\n\n<p>Es prega acc\u00e9s \u00e0gil i respectu\u00f3s.<\/p>\n\n\n\n<p>\u2022 00:00 h.&nbsp;Festa Remember&nbsp;\u201cSo 90 &amp; 2000\u201d amb DJ Rubio i Rub\u00e9n DjSito en Carrer P\u00e9rez Gald\u00f3s.<\/p>\n\n\n\n<p>Col\u00b7laboren HUB i BYN.<\/p>\n\n\n\n<p>DIUMENGE 12 D&#8217;ABRIL<\/p>\n\n\n\n<p>\u2022 08:30 h.&nbsp;Volteig de campanes.<\/p>\n\n\n\n<p>\u2022 09:00 h.&nbsp;Missa resada.<\/p>\n\n\n\n<p>\u2022 12:00 h. Missa Solemne en honor a la Verge, amb cants de la Coral Sant Lluc Evangelista, dirigida per Gustavo L\u00f3pez.<\/p>\n\n\n\n<p>Inclou l&#8217;estrena absoluta de la Missa Brevis \u00abEritis sicut Deus\u00bb&nbsp;dedicada a la Patrona.<\/p>\n\n\n\n<p>Solista: Ruth dels Reis C\u00e1novas.<\/p>\n\n\n\n<p>\u2022 19:00 h.&nbsp;Clausura del Octavario i missa per tots els Clavaris\/as i les seues fam\u00edlies.<\/p>\n\n\n\n<p>\u2022 20:00 h.&nbsp;Solemne process\u00f3 per al trasllat de la Verge a la seua ermita.<\/p>\n\n\n\n<p>En arribar, salves d&#8217;ordenan\u00e7a i cant dels gojos.<\/p>\n\n\n\n<p>\u2022 21:30 h.&nbsp;Tret de palmera i focs artificials en la Pla\u00e7a Barri de l&#8217;Alegria, a c\u00e0rrec de Pirot\u00e8cnia Girogina.<\/p>\n\n\n\n<p>DISSABTE 18 D&#8217;ABRIL \u2013 DIA DE LES PAELLES<\/p>\n\n\n\n<p>\u2022 08:00 h.&nbsp;Bous en corda (2) \u2013 Ramaderia Fernando Machancoses.<\/p>\n\n\n\n<p>\u2022 13:00 h.&nbsp;Inici del tradicional Dia de les Paelles.<\/p>\n\n\n\n<p>\u2022 18:00 h.&nbsp;Revetla en Carrer Xiva amb l&#8217;orquestra La Metre.<\/p>\n\n\n\n<p>Patrocina Pub HORSE.<\/p>\n\n\n\n<p>DISSABTE 9 DE MAIG \u2013 TARDEO 50 ANIVERSARI CLAVARIS<\/p>\n\n\n\n<p>\u2022 10:00 h.&nbsp;Bous en entenimentada \u2013 Ramaderia Fernando Machancoses.<\/p>\n\n\n\n<p>\u2022 17:00 h.&nbsp;Tardeo en Bar Sol.<\/p>\n\n\n\n<p>Actes patrocinats pels Clavaris del 50 aniversari.<\/p>\n","protected":false},"excerpt":{"rendered":"<div class=\"mh-excerpt\">L&#8217;Ajuntament de Xest ha confirmat que secundar\u00e0 de manera directa la celebraci\u00f3 de les festes en honor a la Verge de la Soledat Gloriosa, Patrona de Xest, que comen\u00e7aran el pr\u00f2xim 5 d&#8217;abril i els <a class=\"mh-excerpt-more\" href=\"https:\/\/www.tucomarca.com\/wordpress\/segunda\/ca\/lajuntament-de-xest-coordina-amb-diversos-collectius-locals-la-celebracio-de-les-festes-de-la-patrona\/\" title=\"L&#8217;Ajuntament de Xest coordina amb diversos col\u00b7lectius locals la celebraci\u00f3 de les festes de la patrona\">[+] <\/a><\/div>\n","protected":false},"author":12,"featured_media":297558,"comment_status":"closed","ping_status":"open","sticky":false,"template":"","format":"standard","meta":{"footnotes":""},"categories":[11019,10894,10912,11007,10896,10974],"tags":[11071,14071,10914,14344],"class_list":{"0":"post-297559","1":"post","2":"type-post","3":"status-publish","4":"format-standard","5":"has-post-thumbnail","7":"category-agenda-ca","8":"category-la-comarca-ca","9":"category-la-hoya-ca","10":"category-ocio-y-cultura-ca","11":"category-seccion-ca","12":"category-cheste-ca","13":"tag-cheste","14":"tag-fiestas-patronales-ca","15":"tag-la-hoya-de-bunol-chiva-ca","16":"tag-virgen-de-la-soledad-ca"},"_links":{"self":[{"href":"https:\/\/www.tucomarca.com\/wordpress\/segunda\/ca\/wp-json\/wp\/v2\/posts\/297559","targetHints":{"allow":["GET"]}}],"collection":[{"href":"https:\/\/www.tucomarca.com\/wordpress\/segunda\/ca\/wp-json\/wp\/v2\/posts"}],"about":[{"href":"https:\/\/www.tucomarca.com\/wordpress\/segunda\/ca\/wp-json\/wp\/v2\/types\/post"}],"author":[{"embeddable":true,"href":"https:\/\/www.tucomarca.com\/wordpress\/segunda\/ca\/wp-json\/wp\/v2\/users\/12"}],"replies":[{"embeddable":true,"href":"https:\/\/www.tucomarca.com\/wordpress\/segunda\/ca\/wp-json\/wp\/v2\/comments?post=297559"}],"version-history":[{"count":0,"href":"https:\/\/www.tucomarca.com\/wordpress\/segunda\/ca\/wp-json\/wp\/v2\/posts\/297559\/revisions"}],"wp:featuredmedia":[{"embeddable":true,"href":"https:\/\/www.tucomarca.com\/wordpress\/segunda\/ca\/wp-json\/wp\/v2\/media\/297558"}],"wp:attachment":[{"href":"https:\/\/www.tucomarca.com\/wordpress\/segunda\/ca\/wp-json\/wp\/v2\/media?parent=297559"}],"wp:term":[{"taxonomy":"category","embeddable":true,"href":"https:\/\/www.tucomarca.com\/wordpress\/segunda\/ca\/wp-json\/wp\/v2\/categories?post=297559"},{"taxonomy":"post_tag","embeddable":true,"href":"https:\/\/www.tucomarca.com\/wordpress\/segunda\/ca\/wp-json\/wp\/v2\/tags?post=297559"}],"curies":[{"name":"wp","href":"https:\/\/api.w.org\/{rel}","templated":true}]}}