{"id":297593,"date":"2026-04-03T11:00:00","date_gmt":"2026-04-03T09:00:00","guid":{"rendered":"https:\/\/www.tucomarca.com\/wordpress\/segunda\/?p=297593"},"modified":"2026-04-03T13:19:43","modified_gmt":"2026-04-03T11:19:43","slug":"la-diputacio-de-valencia-destina-250-000-euros-a-ladequacio-del-centre-sociocultural-de-chera","status":"publish","type":"post","link":"https:\/\/www.tucomarca.com\/wordpress\/segunda\/ca\/la-diputacio-de-valencia-destina-250-000-euros-a-ladequacio-del-centre-sociocultural-de-chera\/","title":{"rendered":"La Diputaci\u00f3 de Val\u00e8ncia destina 250.000 euros a l&#8217;adequaci\u00f3 del centre sociocultural de Chera"},"content":{"rendered":"\n<h3 class=\"wp-block-heading\">Entre altres projectes del Pla Obert, s&#8217;estan rehabilitant els vestuaris de la piscina municipal amb una inversi\u00f3 de 200.000 euros.<\/h3>\n\n\n\n<h3 class=\"wp-block-heading\">Chera t\u00e9 assignats 972.082 euros del Pla Obert 24\/27, 222.889 euros m\u00e9s que en els plans de la legislatura anterior.<\/h3>\n\n\n\n<p>La Diputaci\u00f3 de Val\u00e8ncia ha donat llum verda al condicionament del centre sociocultural de Chera amb una inversi\u00f3 de 250.000 euros. Es tracta d&#8217;un projecte finan\u00e7at pel Pla Obert amb el qual es canviaran elements de so, il\u00b7luminaci\u00f3 i projecci\u00f3, aix\u00ed com ampliar l&#8217;escenari i canviar les cortines, entre altres millores. \u201cEl centre es va inaugurar en 2010 i \u00e9s necessari reformar-lo no sols perqu\u00e8 cal adequar-lo a la normativa, sin\u00f3 tamb\u00e9 per la deterioraci\u00f3 acumulada ja que s&#8217;utilitza molt\u201d, ha explicat l&#8217;alcalde del municipi, Alejandro Portero.<\/p>\n\n\n\n<p>A m\u00e9s, ha detallat l&#8217;alcalde, \u201cl&#8217;escenari es queda xicotet per als concerts de la banda de m\u00fasica i els t\u00e8cnics del Parc Natural tamb\u00e9 l&#8217;utilitzen perqu\u00e8 els hem cedit un espai\u201d. Aix\u00ed, ha destacat, \u201cper al poble \u00e9s molt important el condicionament d&#8217;este local perqu\u00e8 \u00e9s l&#8217;epicentre cultural, es realitzen obres de teatre, concerts i festes, i port\u00e0vem molt de temps volent-lo fer\u201d. \u201cL&#8217;obra \u00e9s molt convenient i positiva\u201d, ha afegit.<\/p>\n\n\n\n<p>Una altra actuaci\u00f3 d&#8217;envergadura, gr\u00e0cies a la inversi\u00f3 de 200.000 euros del Pla Obert, \u00e9s la reforma dels vestuaris de la piscina municipal, que ja est\u00e0 en marxa i finalitzar\u00e0 el 31 de maig. \u201cObrirem la piscina el 20 de juny, la cuidem molt perqu\u00e8 \u00e9s una altra infraestructura crucial ja que a l&#8217;estiu passem de 500 a 2.500 ve\u00efns, calia actualitzar els vestuaris i adaptar-los a la normativa\u201d, ha concretat Portero.&nbsp;<\/p>\n\n\n\n<p>D&#8217;altra banda, amb el Pla Obert s&#8217;han adquirit m\u00e0quines esportives per al gimn\u00e0s i un roc\u00f2drom, s&#8217;ha rehabilitat la pla\u00e7a del barri de Arriba, s&#8217;ha executat el mur mitger en el col\u00b7legi i s&#8217;ha renovat el mobiliari de l&#8217;ajuntament, entre altres projectes. Chera t\u00e9 assignats 972.082 euros del Pla Obert 24\/27, 222.889 euros m\u00e9s que en els plans de la legislatura anterior. Fins al moment ha sol\u00b7licitat 681.538 euros i, per tant, t\u00e9 pendents&nbsp; 290.543 euros per a poder presentar m\u00e9s accions de millora per al municipi. Entre altres, l&#8217;alcalde preveu sol\u00b7licitar la compra d&#8217;uns terrenys per a ampliar el poliesportiu.<\/p>\n\n\n\n<p>Per a Alejandro Portero, el Pla Obert \u201c\u00e9s un pla molt \u00e0gil, molt bo per als ajuntaments perqu\u00e8 et permet planificar la legislatura a quatre anys i anar afegint els que van sorgint sobre la marxa, per exemple algun trencament o danys que s&#8217;han produ\u00eft per vent o per la dana fins i tot; \u00e9s un format bastant adequat per als ajuntaments xicotets\u201d.&nbsp;<\/p>\n\n\n\n<p>De la mateixa manera, el president de la Diputaci\u00f3 de Val\u00e8ncia, Vicent Momp\u00f3, ha assegurat que \u201cen municipis com Chera es veu el resultat que v\u00e0rem pensar quan v\u00e0rem implementar este pla d&#8217;inversions basat en la flexibilitat i l&#8217;autonomia dels ajuntaments, ja que ells s\u00f3n els que millor coneixen les seues necessitats\u201d. \u201cEl fet que un alcalde d&#8217;un municipi com Chera reconega la utilitat del pla per als pobles xicotets ens satisf\u00e0 perqu\u00e8 un dels nostres principals reptes \u00e9s ajudar als municipis m\u00e9s vulnerables, els que m\u00e9s necessiten el suport de la Diputaci\u00f3\u201d, ha afirmat Momp\u00f3.<\/p>\n\n\n\n<p>En la mateixa l\u00ednia, la vicepresidenta primera i responsable de Cooperaci\u00f3 Municipal, Nat\u00e0lia Enguix, ha recalcat que el Pla Obert, dotat amb 350 milions, ja suma m\u00e9s de 1.000 projectes aprovats en tota la prov\u00edncia. \u201cActuacions com les de Chera en instal\u00b7lacions culturals i esportives, condicionament de camins o d&#8217;infraestructures del cicle integral de l&#8217;aigua, aix\u00ed com projectes amb perspectiva de g\u00e8nere estan transformant la nostra prov\u00edncia per a una millor qualitat de vida de les valencianes i els valencians\u201d.<\/p>\n\n\n\n<figure class=\"wp-block-gallery has-nested-images columns-1 is-cropped wp-block-gallery-1 is-layout-flex wp-block-gallery-is-layout-flex\">\n<figure class=\"wp-block-image size-large\"><img loading=\"lazy\" decoding=\"async\" width=\"1024\" height=\"768\" data-id=\"297578\" src=\"https:\/\/www.tucomarca.com\/wordpress\/segunda\/wp-content\/uploads\/2026\/04\/CheraCentro2-1024x768.jpg\" alt=\"\" class=\"wp-image-297578\" srcset=\"https:\/\/www.tucomarca.com\/wordpress\/segunda\/wp-content\/uploads\/2026\/04\/CheraCentro2-1024x768.jpg 1024w, https:\/\/www.tucomarca.com\/wordpress\/segunda\/wp-content\/uploads\/2026\/04\/CheraCentro2-300x225.jpg 300w, https:\/\/www.tucomarca.com\/wordpress\/segunda\/wp-content\/uploads\/2026\/04\/CheraCentro2-768x576.jpg 768w, https:\/\/www.tucomarca.com\/wordpress\/segunda\/wp-content\/uploads\/2026\/04\/CheraCentro2-1536x1152.jpg 1536w, https:\/\/www.tucomarca.com\/wordpress\/segunda\/wp-content\/uploads\/2026\/04\/CheraCentro2-678x509.jpg 678w, https:\/\/www.tucomarca.com\/wordpress\/segunda\/wp-content\/uploads\/2026\/04\/CheraCentro2-326x245.jpg 326w, https:\/\/www.tucomarca.com\/wordpress\/segunda\/wp-content\/uploads\/2026\/04\/CheraCentro2-80x60.jpg 80w, https:\/\/www.tucomarca.com\/wordpress\/segunda\/wp-content\/uploads\/2026\/04\/CheraCentro2.jpg 2000w\" sizes=\"auto, (max-width: 1024px) 100vw, 1024px\" \/><\/figure>\n\n\n\n<figure class=\"wp-block-image size-large\"><img loading=\"lazy\" decoding=\"async\" width=\"1024\" height=\"768\" data-id=\"297580\" src=\"https:\/\/www.tucomarca.com\/wordpress\/segunda\/wp-content\/uploads\/2026\/04\/CheraCentro3-1024x768.jpg\" alt=\"\" class=\"wp-image-297580\" srcset=\"https:\/\/www.tucomarca.com\/wordpress\/segunda\/wp-content\/uploads\/2026\/04\/CheraCentro3-1024x768.jpg 1024w, https:\/\/www.tucomarca.com\/wordpress\/segunda\/wp-content\/uploads\/2026\/04\/CheraCentro3-300x225.jpg 300w, https:\/\/www.tucomarca.com\/wordpress\/segunda\/wp-content\/uploads\/2026\/04\/CheraCentro3-768x576.jpg 768w, https:\/\/www.tucomarca.com\/wordpress\/segunda\/wp-content\/uploads\/2026\/04\/CheraCentro3-1536x1152.jpg 1536w, https:\/\/www.tucomarca.com\/wordpress\/segunda\/wp-content\/uploads\/2026\/04\/CheraCentro3-678x509.jpg 678w, https:\/\/www.tucomarca.com\/wordpress\/segunda\/wp-content\/uploads\/2026\/04\/CheraCentro3-326x245.jpg 326w, https:\/\/www.tucomarca.com\/wordpress\/segunda\/wp-content\/uploads\/2026\/04\/CheraCentro3-80x60.jpg 80w, https:\/\/www.tucomarca.com\/wordpress\/segunda\/wp-content\/uploads\/2026\/04\/CheraCentro3.jpg 2000w\" sizes=\"auto, (max-width: 1024px) 100vw, 1024px\" \/><\/figure>\n<\/figure>\n","protected":false},"excerpt":{"rendered":"<div class=\"mh-excerpt\">Entre altres projectes del Pla Obert, s&#8217;estan rehabilitant els vestuaris de la piscina municipal amb una inversi\u00f3 de 200.000 euros. Chera t\u00e9 assignats 972.082 euros del Pla Obert 24\/27, 222.889 euros m\u00e9s que en els <a class=\"mh-excerpt-more\" href=\"https:\/\/www.tucomarca.com\/wordpress\/segunda\/ca\/la-diputacio-de-valencia-destina-250-000-euros-a-ladequacio-del-centre-sociocultural-de-chera\/\" title=\"La Diputaci\u00f3 de Val\u00e8ncia destina 250.000 euros a l&#8217;adequaci\u00f3 del centre sociocultural de Chera\">[+] <\/a><\/div>\n","protected":false},"author":1,"featured_media":297577,"comment_status":"closed","ping_status":"open","sticky":false,"template":"","format":"gallery","meta":{"footnotes":""},"categories":[11054,10898,10948,10894,10904,11007,10947,10909,10896],"tags":[11318,11246,10910],"class_list":{"0":"post-297593","1":"post","2":"type-post","3":"status-publish","4":"format-gallery","5":"has-post-thumbnail","7":"category-chera-ca","8":"category-ventana-ca","9":"category-infraestructuras-ca","10":"category-la-comarca-ca","11":"category-sin-categorizar-ca","12":"category-ocio-y-cultura-ca","13":"category-politica","14":"category-requena-utiel-ca","15":"category-seccion-ca","16":"tag-chera-ca","17":"tag-diputacio-de-valencia-ca","18":"tag-requena-utiel-ca","19":"post_format-post-format-gallery"},"_links":{"self":[{"href":"https:\/\/www.tucomarca.com\/wordpress\/segunda\/ca\/wp-json\/wp\/v2\/posts\/297593","targetHints":{"allow":["GET"]}}],"collection":[{"href":"https:\/\/www.tucomarca.com\/wordpress\/segunda\/ca\/wp-json\/wp\/v2\/posts"}],"about":[{"href":"https:\/\/www.tucomarca.com\/wordpress\/segunda\/ca\/wp-json\/wp\/v2\/types\/post"}],"author":[{"embeddable":true,"href":"https:\/\/www.tucomarca.com\/wordpress\/segunda\/ca\/wp-json\/wp\/v2\/users\/1"}],"replies":[{"embeddable":true,"href":"https:\/\/www.tucomarca.com\/wordpress\/segunda\/ca\/wp-json\/wp\/v2\/comments?post=297593"}],"version-history":[{"count":0,"href":"https:\/\/www.tucomarca.com\/wordpress\/segunda\/ca\/wp-json\/wp\/v2\/posts\/297593\/revisions"}],"wp:featuredmedia":[{"embeddable":true,"href":"https:\/\/www.tucomarca.com\/wordpress\/segunda\/ca\/wp-json\/wp\/v2\/media\/297577"}],"wp:attachment":[{"href":"https:\/\/www.tucomarca.com\/wordpress\/segunda\/ca\/wp-json\/wp\/v2\/media?parent=297593"}],"wp:term":[{"taxonomy":"category","embeddable":true,"href":"https:\/\/www.tucomarca.com\/wordpress\/segunda\/ca\/wp-json\/wp\/v2\/categories?post=297593"},{"taxonomy":"post_tag","embeddable":true,"href":"https:\/\/www.tucomarca.com\/wordpress\/segunda\/ca\/wp-json\/wp\/v2\/tags?post=297593"}],"curies":[{"name":"wp","href":"https:\/\/api.w.org\/{rel}","templated":true}]}}