{"id":297597,"date":"2026-04-02T11:00:00","date_gmt":"2026-04-02T09:00:00","guid":{"rendered":"https:\/\/www.tucomarca.com\/wordpress\/segunda\/?p=297597"},"modified":"2026-04-02T15:10:45","modified_gmt":"2026-04-02T13:10:45","slug":"xest-celebra-un-cap-de-setmana-cultural-dedicat-a-la-memoria-historica","status":"publish","type":"post","link":"https:\/\/www.tucomarca.com\/wordpress\/segunda\/ca\/xest-celebra-un-cap-de-setmana-cultural-dedicat-a-la-memoria-historica\/","title":{"rendered":"Xest celebra un cap de setmana cultural dedicat a la mem\u00f2ria hist\u00f2rica"},"content":{"rendered":"\n<h3 class=\"wp-block-heading\">La representaci\u00f3 de Romancer Gitano el dissabte i la projecci\u00f3 de &#8220;La invasi\u00f3 dels b\u00e0rbars&#8221; el diumenge&#8221; van posar a la cultura a l&#8217;avantguarda de la reivindicaci\u00f3 de la mem\u00f2ria hist\u00f2rica.<\/h3>\n\n\n\n<p>El municipi de Xest ha viscut un cap de setmana dedicat a la mem\u00f2ria, la cultura i l&#8217;oci, amb activitats que han unit homenatge, reflexi\u00f3 i entreteniment per a ve\u00efns i visitants.<\/p>\n\n\n\n<p>El&nbsp;28 de mar\u00e7, el Teatre Liceu va donar la benvinguda al grup&nbsp;Carasses Teatre, procedent d&#8217;Elda (Alacant), per a presentar&nbsp;\u201cRomancer Gitano\u201d, de Federico Garc\u00eda Lorca. L&#8217;obra, sota la direcci\u00f3 d&#8217;Antonio Santos, va oferir una interpretaci\u00f3 intensa i evocadora en la qual la poesia, la dansa i el teatre es funden en un batec com\u00fa. L&#8217;escenografia suggeridora i la il\u00b7luminaci\u00f3 expressiva van transformar l&#8217;escenari en una successi\u00f3 de quadres po\u00e8tics, mentre que la sensibilitat interpretativa de Charo Moreno i Dami\u00e1n Varea, juntament amb la for\u00e7a expressiva dels ballarins Ana Gonz\u00e1lez i Luis Mart\u00ednez, van fer de la funci\u00f3 una experi\u00e8ncia inoblidable.<\/p>\n\n\n\n<p>Federico Garc\u00eda Lorca, nascut a Fuente Vaqueros (Granada) en 1898 i assassinat en 1936, \u00e9s una figura central de la Generaci\u00f3 del 27 i un dels dramaturgs i poetes m\u00e9s influents de la literatura espanyola del segle XX. La seua obra&nbsp;\u201cRomancer Gitano\u201d&nbsp;retrata la vida andalusa amb intensitat m\u00edtica i continua sent un llegat universal de passi\u00f3, trag\u00e8dia i bellesa que connecta amb la mem\u00f2ria col\u00b7lectiva. La companyia Carasses Teatre ha sigut reconeguda amb nombrosos premis nacionals per aquest muntatge, destacant la seua excel\u00b7l\u00e8ncia en muntatge, interpretaci\u00f3 i escenografia.<\/p>\n\n\n\n<p>La regidora de Cultura, M\u00aa \u00c1ngeles Llorente, va subratllar la import\u00e0ncia de l&#8217;esdeveniment: \u201cAquest cap de setmana hem gaudit de dos actes de mem\u00f2ria entorn del Dia de les V\u00edctimes de la Guerra Civil i del Franquisme, commemoraci\u00f3 declarada per la Generalitat Valenciana el 28 de mar\u00e7. Teatre i cinema es converteixen en espais de mem\u00f2ria, de reflexi\u00f3 i de consci\u00e8ncia col\u00b7lectiva. A trav\u00e9s d&#8217;ells es reconstrueixen hist\u00f2ries, es dignifiquen veus silenciades i s&#8217;obri un di\u00e0leg necessari amb el nostre passat. L&#8217;art no sols emociona, sin\u00f3 que tamb\u00e9 interpel\u00b7la, q\u00fcestiona i contribueix a la reparaci\u00f3 simb\u00f2lica. Des d&#8217;eixe lloc \u2014on la bellesa i la trag\u00e8dia s&#8217;entrellacen\u2014 aquestes obres ens commouen i conviden a no oblidar\u201d.<\/p>\n\n\n\n<figure class=\"wp-block-gallery has-nested-images columns-2 is-cropped wp-block-gallery-1 is-layout-flex wp-block-gallery-is-layout-flex\">\n<figure class=\"wp-block-image size-large\"><img loading=\"lazy\" decoding=\"async\" width=\"945\" height=\"638\" data-id=\"297585\" src=\"https:\/\/www.tucomarca.com\/wordpress\/segunda\/wp-content\/uploads\/2026\/04\/ChesteMemoria02.jpg\" alt=\"\" class=\"wp-image-297585\" srcset=\"https:\/\/www.tucomarca.com\/wordpress\/segunda\/wp-content\/uploads\/2026\/04\/ChesteMemoria02.jpg 945w, https:\/\/www.tucomarca.com\/wordpress\/segunda\/wp-content\/uploads\/2026\/04\/ChesteMemoria02-300x203.jpg 300w, https:\/\/www.tucomarca.com\/wordpress\/segunda\/wp-content\/uploads\/2026\/04\/ChesteMemoria02-768x519.jpg 768w\" sizes=\"auto, (max-width: 945px) 100vw, 945px\" \/><\/figure>\n\n\n\n<figure class=\"wp-block-image size-large\"><img loading=\"lazy\" decoding=\"async\" width=\"945\" height=\"638\" data-id=\"297591\" src=\"https:\/\/www.tucomarca.com\/wordpress\/segunda\/wp-content\/uploads\/2026\/04\/ChesteMemoria05.jpg\" alt=\"\" class=\"wp-image-297591\" srcset=\"https:\/\/www.tucomarca.com\/wordpress\/segunda\/wp-content\/uploads\/2026\/04\/ChesteMemoria05.jpg 945w, https:\/\/www.tucomarca.com\/wordpress\/segunda\/wp-content\/uploads\/2026\/04\/ChesteMemoria05-300x203.jpg 300w, https:\/\/www.tucomarca.com\/wordpress\/segunda\/wp-content\/uploads\/2026\/04\/ChesteMemoria05-768x519.jpg 768w\" sizes=\"auto, (max-width: 945px) 100vw, 945px\" \/><\/figure>\n\n\n\n<figure class=\"wp-block-image size-large\"><img loading=\"lazy\" decoding=\"async\" width=\"945\" height=\"638\" data-id=\"297589\" src=\"https:\/\/www.tucomarca.com\/wordpress\/segunda\/wp-content\/uploads\/2026\/04\/ChesteMemoria04.jpg\" alt=\"\" class=\"wp-image-297589\" srcset=\"https:\/\/www.tucomarca.com\/wordpress\/segunda\/wp-content\/uploads\/2026\/04\/ChesteMemoria04.jpg 945w, https:\/\/www.tucomarca.com\/wordpress\/segunda\/wp-content\/uploads\/2026\/04\/ChesteMemoria04-300x203.jpg 300w, https:\/\/www.tucomarca.com\/wordpress\/segunda\/wp-content\/uploads\/2026\/04\/ChesteMemoria04-768x519.jpg 768w\" sizes=\"auto, (max-width: 945px) 100vw, 945px\" \/><\/figure>\n\n\n\n<figure class=\"wp-block-image size-large\"><img loading=\"lazy\" decoding=\"async\" width=\"945\" height=\"638\" data-id=\"297587\" src=\"https:\/\/www.tucomarca.com\/wordpress\/segunda\/wp-content\/uploads\/2026\/04\/ChesteMemoria03.jpg\" alt=\"\" class=\"wp-image-297587\" srcset=\"https:\/\/www.tucomarca.com\/wordpress\/segunda\/wp-content\/uploads\/2026\/04\/ChesteMemoria03.jpg 945w, https:\/\/www.tucomarca.com\/wordpress\/segunda\/wp-content\/uploads\/2026\/04\/ChesteMemoria03-300x203.jpg 300w, https:\/\/www.tucomarca.com\/wordpress\/segunda\/wp-content\/uploads\/2026\/04\/ChesteMemoria03-768x519.jpg 768w\" sizes=\"auto, (max-width: 945px) 100vw, 945px\" \/><\/figure>\n<\/figure>\n\n\n\n<p>Aix\u00ed mateix, el diumenge es va projectar la pel\u00b7l\u00edcula \u201cLa invasi\u00f3 dels b\u00e0rbars\u201d, presentada pel exeurodiputado i exalcalde de Burjassot Jordi Sebasti\u00e0. Despr\u00e9s de la projecci\u00f3, es va celebrar un col\u00b7loqui en el qual es va debatre i va aprofundir en la hist\u00f2ria narrada en la pel\u00b7l\u00edcula.<\/p>\n\n\n\n<p>La pel\u00b7l\u00edcula&nbsp;La invasi\u00f3 dels b\u00e0rbars&nbsp;arriba al p\u00fablic despr\u00e9s d&#8217;un recorregut complex, amb obstacles per a assegurar una distribuci\u00f3 s\u00f2lida, i apostant per circuits alternatius, festivals i projeccions especials per a donar visibilitat al film.<\/p>\n\n\n\n<p>Aix\u00ed la difusi\u00f3 de&nbsp;La invasi\u00f3 dels b\u00e0rbars&nbsp;va dependre en gran manera del boca a boca, la cr\u00edtica especialitzada i el suport d&#8217;espais culturals compromesos amb el cinema divers. Mitjan\u00e7ant una campanya de micro mecenatges en el seu primer dia d&#8217;estrena la van veure m\u00e9s de 1000 persones en 4 sales dels cinemes Lys. Ja porta 6 mesos en cartell en diversos cinemes de Val\u00e8ncia i ha fet el salt a altres comunitats de la resta d&#8217;Espanya.<\/p>\n\n\n\n<p>Per a M\u00aa \u00c1ngeles Llorente, \u201cla invasi\u00f3 dels b\u00e0rbars \u00e9s una pel\u00b7l\u00edcula de gran valor cultural, amb&nbsp;un gui\u00f3 s\u00f2lid, ben interpretada i ambientada. Les dificultats que ha hagut de superar,&nbsp;han contribu\u00eft a refor\u00e7ar la identitat de l&#8217;obra\u201d.<\/p>\n\n\n\n<p>En el seu discurs, la regidora de Cultura tamb\u00e9 va afegir que \u201cla pel\u00b7l\u00edcula, molt emocionant i clarificadora en tot moment no sols es presenta com una proposta cinematogr\u00e0fica, sin\u00f3 tamb\u00e9 com un exemple de resist\u00e8ncia creativa enfront de les din\u00e0miques del mercat.&nbsp;Aquest context enriqueix l&#8217;experi\u00e8ncia de l&#8217;espectador, convidant-lo a valorar no sols el que veu en pantalla, sin\u00f3 tamb\u00e9 el cam\u00ed que ha fet possible que eixa obra arribe fins ell\u201d.<\/p>\n\n\n\n<p>Amb aquestes propostes culturals, Xest reafirma el seu comprom\u00eds amb la mem\u00f2ria hist\u00f2rica i el foment de l&#8217;art com a eina de reflexi\u00f3 i cohesi\u00f3 social, oferint a la ciutadania un cap de setmana complet d&#8217;experi\u00e8ncies significatives i enriquidores que combinen homenatge, cultura i oci.<\/p>\n\n\n\n<p><\/p>\n","protected":false},"excerpt":{"rendered":"<div class=\"mh-excerpt\">La representaci\u00f3 de Romancer Gitano el dissabte i la projecci\u00f3 de &#8220;La invasi\u00f3 dels b\u00e0rbars&#8221; el diumenge&#8221; van posar a la cultura a l&#8217;avantguarda de la reivindicaci\u00f3 de la mem\u00f2ria hist\u00f2rica. El municipi de Xest <a class=\"mh-excerpt-more\" href=\"https:\/\/www.tucomarca.com\/wordpress\/segunda\/ca\/xest-celebra-un-cap-de-setmana-cultural-dedicat-a-la-memoria-historica\/\" title=\"Xest celebra un cap de setmana cultural dedicat a la mem\u00f2ria hist\u00f2rica\">[+] <\/a><\/div>\n","protected":false},"author":12,"featured_media":297584,"comment_status":"closed","ping_status":"open","sticky":false,"template":"","format":"gallery","meta":{"footnotes":""},"categories":[10894,10912,11007,10896,10974],"tags":[11071,10914,12287],"class_list":{"0":"post-297597","1":"post","2":"type-post","3":"status-publish","4":"format-gallery","5":"has-post-thumbnail","7":"category-la-comarca-ca","8":"category-la-hoya-ca","9":"category-ocio-y-cultura-ca","10":"category-seccion-ca","11":"category-cheste-ca","12":"tag-cheste","13":"tag-la-hoya-de-bunol-chiva-ca","14":"tag-memoria-historica-ca","15":"post_format-post-format-gallery"},"_links":{"self":[{"href":"https:\/\/www.tucomarca.com\/wordpress\/segunda\/ca\/wp-json\/wp\/v2\/posts\/297597","targetHints":{"allow":["GET"]}}],"collection":[{"href":"https:\/\/www.tucomarca.com\/wordpress\/segunda\/ca\/wp-json\/wp\/v2\/posts"}],"about":[{"href":"https:\/\/www.tucomarca.com\/wordpress\/segunda\/ca\/wp-json\/wp\/v2\/types\/post"}],"author":[{"embeddable":true,"href":"https:\/\/www.tucomarca.com\/wordpress\/segunda\/ca\/wp-json\/wp\/v2\/users\/12"}],"replies":[{"embeddable":true,"href":"https:\/\/www.tucomarca.com\/wordpress\/segunda\/ca\/wp-json\/wp\/v2\/comments?post=297597"}],"version-history":[{"count":0,"href":"https:\/\/www.tucomarca.com\/wordpress\/segunda\/ca\/wp-json\/wp\/v2\/posts\/297597\/revisions"}],"wp:featuredmedia":[{"embeddable":true,"href":"https:\/\/www.tucomarca.com\/wordpress\/segunda\/ca\/wp-json\/wp\/v2\/media\/297584"}],"wp:attachment":[{"href":"https:\/\/www.tucomarca.com\/wordpress\/segunda\/ca\/wp-json\/wp\/v2\/media?parent=297597"}],"wp:term":[{"taxonomy":"category","embeddable":true,"href":"https:\/\/www.tucomarca.com\/wordpress\/segunda\/ca\/wp-json\/wp\/v2\/categories?post=297597"},{"taxonomy":"post_tag","embeddable":true,"href":"https:\/\/www.tucomarca.com\/wordpress\/segunda\/ca\/wp-json\/wp\/v2\/tags?post=297597"}],"curies":[{"name":"wp","href":"https:\/\/api.w.org\/{rel}","templated":true}]}}