{"id":297614,"date":"2026-04-02T13:00:00","date_gmt":"2026-04-02T11:00:00","guid":{"rendered":"https:\/\/www.tucomarca.com\/wordpress\/segunda\/?p=297614"},"modified":"2026-04-03T13:07:16","modified_gmt":"2026-04-03T11:07:16","slug":"el-consorci-activa-el-dispositiu-especial-de-vigilancia-per-a-evitar-incendis-forestals-amb-motiu-de-les-pasques","status":"publish","type":"post","link":"https:\/\/www.tucomarca.com\/wordpress\/segunda\/ca\/el-consorci-activa-el-dispositiu-especial-de-vigilancia-per-a-evitar-incendis-forestals-amb-motiu-de-les-pasques\/","title":{"rendered":"El Consorci de Bombers activa el dispositiu especial de vigil\u00e0ncia per a evitar incendis forestals amb motiu de les Pasq\u00fces"},"content":{"rendered":"\n<h3 class=\"wp-block-heading\">L&#8217;operatiu de l&#8217;entitat dependent de la Diputaci\u00f3 de Val\u00e8ncia mobilitza 315 efectius que se sumaran als bombers forestals de la Generalitat i mitjans aeris desplegats en zones de major risc i aflu\u00e8ncia.<\/h3>\n\n\n\n<h3 class=\"wp-block-heading\">L&#8217;activaci\u00f3 de parcs de bombers voluntaris refor\u00e7a la resposta en \u00e0rees de l&#8217;interior amb major superf\u00edcie forestal durant els dies clau Setmana Santa i Pasqua.<\/h3>\n\n\n\n<p>El Consorci Provincial de Bombers de Val\u00e8ncia ha posat en marxa un dispositiu especial de vigil\u00e0ncia preventiva amb motiu de la Setmana Santa i Pasqua, el qual estar\u00e0 actiu del 2 al 13 d&#8217;abril, amb l&#8217;objectiu de reduir al m\u00e0xim el risc d&#8217;incendis forestals. L&#8217;operatiu, integrat per 315 efectius, es desplegar\u00e0 principalment en \u00e0rees forestals, zones d&#8217;interf\u00edcie urbana-forestal i espais recreatius amb elevada aflu\u00e8ncia de visitants, aix\u00ed com en punts de vigil\u00e0ncia estrat\u00e8gics.<\/p>\n\n\n\n<p>El pla contempla la mobilitzaci\u00f3 di\u00e0ria de 42 brigades forestals BRIFO del Consorci i diferents unitats de comandament, sumant prop de 160 professionals que realitzaran rutes de vigil\u00e0ncia en enclavaments especialment concorreguts. A este dispositiu se sumen altres 155 efectius pertanyents a 26 unitats de bombers forestals de la Generalitat Valenciana, que desenvoluparan labors similars. La GVA aporta tamb\u00e9 quatre mitjans aeris a la prov\u00edncia de Val\u00e8ncia.&nbsp;<\/p>\n\n\n\n<p>Durant este per\u00edode, les BRIFO suspendran temporalment els seus treballs habituals de silvicultura preventiva per a centrar-se en tasques de vigil\u00e0ncia activa. Estes es duran a terme mitjan\u00e7ant la realitzaci\u00f3 de rutes durant el mat\u00ed i mitjan\u00e7ant la perman\u00e8ncia en punts fixos de vigil\u00e0ncia durant la vesprada. Tot basat en criteris estrat\u00e8gics per a donar cobertura la major quantitat d&#8217;\u00e0rees.<\/p>\n\n\n\n<p>El president del Consorci de Bombers i diputat de Medi Ambient, Avelino Mascarell, ha assenyalat que \u201cla prevenci\u00f3 d&#8217;incendis \u00e9s una l\u00ednia d&#8217;actuaci\u00f3 priorit\u00e0ria al llarg de tot l&#8217;any, recolzada per la nostra estrat\u00e8gia de silvicultura preventiva. En el per\u00edode de Pasqua, este enfocament s&#8217;adapta a les circumst\u00e0ncies, intensificant la vigil\u00e0ncia activa per a previndre i detectar amb rapidesa qualsevol conat\u201d.<\/p>\n\n\n\n<p>Mascarell ha fet una crida a la ciutadania per a \u201cconciliar l&#8217;oci i el descans propis d&#8217;estes dates amb les actituds responsables i respectuoses amb el medi natural, evitant qualsevol pr\u00e0ctica de risc, perqu\u00e8 en finalitzar les Pasq\u00fces el nostre entorn natural continue intacte\u201d.&nbsp;<\/p>\n\n\n\n<figure class=\"wp-block-image size-large\"><img loading=\"lazy\" decoding=\"async\" width=\"1024\" height=\"768\" src=\"https:\/\/www.tucomarca.com\/wordpress\/segunda\/wp-content\/uploads\/2026\/04\/DipuBrifo3-1024x768.jpeg\" alt=\"\" class=\"wp-image-297611\" srcset=\"https:\/\/www.tucomarca.com\/wordpress\/segunda\/wp-content\/uploads\/2026\/04\/DipuBrifo3-1024x768.jpeg 1024w, https:\/\/www.tucomarca.com\/wordpress\/segunda\/wp-content\/uploads\/2026\/04\/DipuBrifo3-300x225.jpeg 300w, https:\/\/www.tucomarca.com\/wordpress\/segunda\/wp-content\/uploads\/2026\/04\/DipuBrifo3-768x576.jpeg 768w, https:\/\/www.tucomarca.com\/wordpress\/segunda\/wp-content\/uploads\/2026\/04\/DipuBrifo3-1536x1152.jpeg 1536w, https:\/\/www.tucomarca.com\/wordpress\/segunda\/wp-content\/uploads\/2026\/04\/DipuBrifo3-678x509.jpeg 678w, https:\/\/www.tucomarca.com\/wordpress\/segunda\/wp-content\/uploads\/2026\/04\/DipuBrifo3-326x245.jpeg 326w, https:\/\/www.tucomarca.com\/wordpress\/segunda\/wp-content\/uploads\/2026\/04\/DipuBrifo3-80x60.jpeg 80w, https:\/\/www.tucomarca.com\/wordpress\/segunda\/wp-content\/uploads\/2026\/04\/DipuBrifo3.jpeg 2040w\" sizes=\"auto, (max-width: 1024px) 100vw, 1024px\" \/><\/figure>\n\n\n\n<p><\/p>\n\n\n\n<p><strong>M\u00e9s protecci\u00f3 amb els parcs de bombers voluntaris<\/strong><\/p>\n\n\n\n<p>El Consorci tamb\u00e9 ha incorporat una altra mesura especial durant estes Pasq\u00fces, que complementa a l&#8217;operatiu diari de bombers professionals, operadors de comunicacions, personal de comandament i de coordinaci\u00f3. Aix\u00ed, s&#8217;ha disposat l&#8217;activaci\u00f3 presencial dels parcs de bombers voluntaris entre els dies 2 al 6 d&#8217;abril i de l&#8217;11 al 13, la qual cosa suposa la mobilitzaci\u00f3 de prop de 124 efectius addicionals.<\/p>\n\n\n\n<p>Cal assenyalar que estos parcs de bombers voluntaris es localitzen majorit\u00e0riament en zones de l&#8217;interior, coincidint amb \u00e0rees de major superf\u00edcie forestal, la qual cosa refor\u00e7a la capacitat de resposta en estos entorns especialment sensibles.<\/p>\n","protected":false},"excerpt":{"rendered":"<div class=\"mh-excerpt\">L&#8217;operatiu de l&#8217;entitat dependent de la Diputaci\u00f3 de Val\u00e8ncia mobilitza 315 efectius que se sumaran als bombers forestals de la Generalitat i mitjans aeris desplegats en zones de major risc i aflu\u00e8ncia. L&#8217;activaci\u00f3 de parcs <a class=\"mh-excerpt-more\" href=\"https:\/\/www.tucomarca.com\/wordpress\/segunda\/ca\/el-consorci-activa-el-dispositiu-especial-de-vigilancia-per-a-evitar-incendis-forestals-amb-motiu-de-les-pasques\/\" title=\"El Consorci de Bombers activa el dispositiu especial de vigil\u00e0ncia per a evitar incendis forestals amb motiu de les Pasq\u00fces\">[+] <\/a><\/div>\n","protected":false},"author":1,"featured_media":297608,"comment_status":"closed","ping_status":"open","sticky":false,"template":"","format":"standard","meta":{"footnotes":""},"categories":[10898,10948,10894,10904,10903,10947,10896,10897],"tags":[12834,11246,11199,11994],"class_list":{"0":"post-297614","1":"post","2":"type-post","3":"status-publish","4":"format-standard","5":"has-post-thumbnail","7":"category-ventana-ca","8":"category-infraestructuras-ca","9":"category-la-comarca-ca","10":"category-sin-categorizar-ca","11":"category-medio-ambiente-la-comarca-ca","12":"category-politica","13":"category-seccion-ca","14":"category-sucesos-la-comarca-ca","15":"tag-consorcio-provincial-de-bomberos-de-valencia-ca","16":"tag-diputacio-de-valencia-ca","17":"tag-la-comunitat-ca","18":"tag-pascuas-ca"},"_links":{"self":[{"href":"https:\/\/www.tucomarca.com\/wordpress\/segunda\/ca\/wp-json\/wp\/v2\/posts\/297614","targetHints":{"allow":["GET"]}}],"collection":[{"href":"https:\/\/www.tucomarca.com\/wordpress\/segunda\/ca\/wp-json\/wp\/v2\/posts"}],"about":[{"href":"https:\/\/www.tucomarca.com\/wordpress\/segunda\/ca\/wp-json\/wp\/v2\/types\/post"}],"author":[{"embeddable":true,"href":"https:\/\/www.tucomarca.com\/wordpress\/segunda\/ca\/wp-json\/wp\/v2\/users\/1"}],"replies":[{"embeddable":true,"href":"https:\/\/www.tucomarca.com\/wordpress\/segunda\/ca\/wp-json\/wp\/v2\/comments?post=297614"}],"version-history":[{"count":0,"href":"https:\/\/www.tucomarca.com\/wordpress\/segunda\/ca\/wp-json\/wp\/v2\/posts\/297614\/revisions"}],"wp:featuredmedia":[{"embeddable":true,"href":"https:\/\/www.tucomarca.com\/wordpress\/segunda\/ca\/wp-json\/wp\/v2\/media\/297608"}],"wp:attachment":[{"href":"https:\/\/www.tucomarca.com\/wordpress\/segunda\/ca\/wp-json\/wp\/v2\/media?parent=297614"}],"wp:term":[{"taxonomy":"category","embeddable":true,"href":"https:\/\/www.tucomarca.com\/wordpress\/segunda\/ca\/wp-json\/wp\/v2\/categories?post=297614"},{"taxonomy":"post_tag","embeddable":true,"href":"https:\/\/www.tucomarca.com\/wordpress\/segunda\/ca\/wp-json\/wp\/v2\/tags?post=297614"}],"curies":[{"name":"wp","href":"https:\/\/api.w.org\/{rel}","templated":true}]}}