{"id":297616,"date":"2026-04-02T12:00:00","date_gmt":"2026-04-02T10:00:00","guid":{"rendered":"https:\/\/www.tucomarca.com\/wordpress\/segunda\/?p=297616"},"modified":"2026-04-02T15:02:04","modified_gmt":"2026-04-02T13:02:04","slug":"josep-gil-nou-director-de-la-artistica-de-bunol-este-concert-es-el-primer-pas-de-molts-i-espere-aconseguir-que-els-musics-creguen-en-el-projecte-tant-com-jo","status":"publish","type":"post","link":"https:\/\/www.tucomarca.com\/wordpress\/segunda\/ca\/josep-gil-nou-director-de-la-artistica-de-bunol-este-concert-es-el-primer-pas-de-molts-i-espere-aconseguir-que-els-musics-creguen-en-el-projecte-tant-com-jo\/","title":{"rendered":"Josep Gil, nou director de &#8220;La Art\u00edstica&#8221; de Bu\u00f1ol: \u00abEste concert \u00e9s el primer pas de molts i espere aconseguir que els m\u00fasics creguen en el projecte tant com jo\u00bb"},"content":{"rendered":"\n<h3 class=\"wp-block-heading\">Josep Gil debuta este dissabte al capdavant de la banda simf\u00f2nica de \u201cLa Art\u00edstica\u201d en l\u2019aniversari del teatre Montecarlo, \u201con es sent la passi\u00f3 i devoci\u00f3 per esta banda\u201d, segons ell mateix ha confessat.<\/h3>\n\n\n\n<h3 class=\"wp-block-heading\">Encara que diu no ser profeta en la seua terra, Josep Gil Gil \u00e9s Director Art\u00edstic del Cicle de m\u00fasica cl\u00e0ssica Crea Escena Vila-real, acostant a la seua ciutat natal la m\u00fasica cl\u00e0ssica, en una cita que celebrar\u00e0 la seua setena edici\u00f3 en 2026. Enguany estar\u00e0 marcat per l\u2019inici d\u2019un nou repte musical, assumint la direcci\u00f3 de la Banda Simf\u00f2nica de \u201cLa Art\u00edstica\u201d.<\/h3>\n\n\n<div class=\"wp-block-image\">\n<figure class=\"alignleft size-large is-resized\"><img loading=\"lazy\" decoding=\"async\" width=\"683\" height=\"1024\" src=\"https:\/\/www.tucomarca.com\/wordpress\/segunda\/wp-content\/uploads\/2026\/04\/FeosDirJosepGilGil-683x1024.jpg\" alt=\"\" class=\"wp-image-297567\" style=\"width:330px;height:auto\" srcset=\"https:\/\/www.tucomarca.com\/wordpress\/segunda\/wp-content\/uploads\/2026\/04\/FeosDirJosepGilGil-683x1024.jpg 683w, https:\/\/www.tucomarca.com\/wordpress\/segunda\/wp-content\/uploads\/2026\/04\/FeosDirJosepGilGil-200x300.jpg 200w, https:\/\/www.tucomarca.com\/wordpress\/segunda\/wp-content\/uploads\/2026\/04\/FeosDirJosepGilGil-768x1152.jpg 768w, https:\/\/www.tucomarca.com\/wordpress\/segunda\/wp-content\/uploads\/2026\/04\/FeosDirJosepGilGil-1024x1536.jpg 1024w, https:\/\/www.tucomarca.com\/wordpress\/segunda\/wp-content\/uploads\/2026\/04\/FeosDirJosepGilGil.jpg 1365w\" sizes=\"auto, (max-width: 683px) 100vw, 683px\" \/><\/figure>\n<\/div>\n\n\n<p>\u2014 <strong>Com arriba la m\u00fasica a la teua vida?<\/strong><\/p>\n\n\n\n<p>\u2014 Comence molt jove en Villarreal, per descomptat en el m\u00f3n de la banda i, encara que era un enamorat del sax\u00f2fon, tenia \u00e0nima cl\u00e0ssica; el repertori orquestral em semblava incre\u00efble.<\/p>\n\n\n\n<p>\u2014 <strong>Quan descobrixes que la teua passi\u00f3 \u00e9s la direcci\u00f3?<\/strong><\/p>\n\n\n\n<p>\u2014 Cap als 15 anys m\u2019adone que vull ser director i amb 18 anys assumisc la direcci\u00f3 de la Banda Juvenil de la meua societat. En eixa \u00e8poca tinc la sort de participar en masterclass d\u2019estiu amb Henrie Adams, Salva Sebasti\u00e0 o Jose Rafael Pascual-Vilaplana, entre altres, i encara que vaig acabar la carrera de sax\u00f2fon amb Matr\u00edcula d\u2019Honor, vaig tancar l\u2019instrument i me\u2019n vaig anar a Est\u00f2nia a estudiar direcci\u00f3 d\u2019orquestra i cor. All\u00ed \u00e9s on descobrisc el m\u00f3n de la direcci\u00f3 i la meua passi\u00f3 per ell. Despr\u00e9s d\u2019acabar els meus estudis, descobrisc el m\u00f3n de l\u2019\u00f2pera en entrar com a director assistent de l\u2019\u00d2pera Reial de Val\u00f2nia, a B\u00e8lgica.<\/p>\n\n\n\n<p>\u2014 <strong>En quin director et mires?<\/strong><\/p>\n\n\n\n<p>\u2014 Hi ha molts directors que admire, per\u00f2 l\u2019\u00faltim que volia quan vaig decidir dedicar-me a aix\u00f2 \u00e9s ser \u201cuna c\u00f2pia de\u201d. El meu primer mentor, Jes\u00fas L\u00f3pez Cobos, m\u2019emocionava en els assajos i, des d\u2019aleshores, he tingut la sort de poder viatjar i gaudir de grans directors com Andr\u00e9s Orozco-Estrada, Andris Nelsons, Simon Rattle, Edward Gardner o Paavo J\u00e4rvi. A m\u00e9s, he tingut la sort de treballar amb grans directors com Daniel Oren, Gustavo Gimeno o Gustavo Dudamel. \u00c9s fascinant la seua t\u00e8cnica i m\u2019agradaria arribar a ser tan gran com ells, per\u00f2 a la meua manera. Has de ser un mateix per a conv\u00e9ncer el m\u00fasic, no pots impostar, has de sentir-ho i transmetre-ho. Esta professi\u00f3 \u00e9s una carrera de fons: cal treballar molt dur i no deixar de formar-se. La direcci\u00f3 ha de ser motivaci\u00f3, creaci\u00f3 i t\u00e9 una faceta divulgativa molt important, i per aix\u00f2 li tinc molt de respecte a la figura del director. Ha de ser capa\u00e7 de fascinar tant el m\u00fasic com el p\u00fablic, amb sons que potser siguen desconeguts per a ells i dels quals s\u2019han d\u2019enamorar.<\/p>\n\n\n\n<p>\u2014 <strong>Qu\u00e8 opines del repertori original per a Banda Simf\u00f2nica?<\/strong><\/p>\n\n\n\n<p>\u2014 He treballat menys este repertori, aix\u00ed que l\u2019estic descobrint a este nivell semiprofessional i \u00e9s fascinant. Escolte molt Salvador Sebasti\u00e0, el nostre Director Art\u00edstic, a qui tinc molt de respecte. \u00c9s un repertori amb una paleta de colors incre\u00efble, que s\u2019aproxima a la del repertori orquestral del segle XX, encara que molt m\u00e9s ric en el pla de la percussi\u00f3, per exemple, i si aconseguixes portar-lo al m\u00e0xim interpretatiu, pot ser incre\u00efble. El m\u00f3n simf\u00f2nic de la banda del segle XXI \u00e9s un pas m\u00e9s enll\u00e0.<\/p>\n\n\n\n<p>\u2014 <strong>Coneixies \u201cLa Art\u00edstica\u201d?<\/strong><\/p>\n\n\n\n<p>\u2014 Com a m\u00fasic format en una banda havia sentit parlar d\u2019esta banda. Vaig tindre la sort d\u2019estar l\u2019any passat en el \u2018Mano a mano\u2019 i descobrir el seu potencial en primera persona. Tinc el so de banda molt present, he crescut amb ell, i quan va comen\u00e7ar a sonar \u201cElytra\u201d de Paul Dooley, va ser un xoc. No escoltava una banda, era alguna cosa m\u00e9s. Les articulacions de la fusta, la nitidesa dels metalls i els plans sonors, va ser incre\u00efble. No havia escoltat res a eixe nivell en un auditori a l\u2019aire lliure. Despr\u00e9s d\u2019escoltar aquell concert i sorgir l\u2019oportunitat, m\u2019atreia molt el projecte, encara que sincerament, quan em vaig presentar a la selecci\u00f3, pensava que no seria triat perqu\u00e8 no havia dirigit cap banda abans. Vinc del m\u00f3n de l\u2019orquestra i vaig pensar que potser es valoraria m\u00e9s en eixe punt del meu curr\u00edculum.<\/p>\n\n\n\n<p>\u2014 <strong>Com a part del proc\u00e9s de selecci\u00f3 vas tindre l\u2019oportunitat de dirigir el Concert de Santa Cec\u00edlia, com et vas sentir sobre la tarima de Montecarlo?<\/strong><\/p>\n\n\n\n<p>\u2014 Vaig sentir molt de respecte per la instituci\u00f3, la seua hist\u00f2ria i la seua tradici\u00f3. No coneixia el Teatre Montecarlo, el vaig descobrir en l\u2019entrevista personal i en ell es sent la passi\u00f3 i devoci\u00f3 per esta banda. Per a eixe concert vaig triar un repertori molt complicat que es va muntar en nom\u00e9s dos assajos i mig. Ja en el segon assaig vaig sentir que els m\u00fasics estaven donant el m\u00e0xim, i va ser una sorpresa molt grata, emocionant-se encara m\u00e9s pel projecte.<\/p>\n\n\n\n<p>\u2014 <strong>Com estan sent estos primers mesos de treball?<\/strong><\/p>\n\n\n\n<p>\u2014 Estan sent setmanes de con\u00e9ixer-nos, despr\u00e9s d\u2019una primera presa de contacte expr\u00e9s. Ara comen\u00e7a la relaci\u00f3, el dia a dia, i es planifica diferent. Estic treballant molt la concentraci\u00f3, assajar com es tocar\u00e0 en el concert, experimentar l\u2019emoci\u00f3, que senten eixes papallones a l\u2019est\u00f3mac. Espere que eixos joves que acaben d\u2019arribar a la banda mantinguen la seua passi\u00f3 per la m\u00fasica durant molts anys. \u00c9s molt important que el projecte els enamore i que, encara que potser no es dediquen professionalment a la m\u00fasica, continuen en la banda com a grans amants de la m\u00fasica.<\/p>\n\n\n\n<p>\u2014 <strong>Este pr\u00f2xim 4 d\u2019abril ser\u00e0 el teu primer concert com a Director titular de \u201cLos Feos\u201d. Parla\u2019ns un poc del repertori escollit per a celebrar l\u2019Aniversari de Montecarlo.<\/strong><\/p>\n\n\n\n<p>\u2014 M\u2019he decidit per un repertori completament original per a banda, girant al voltant de la figura de Gaud\u00ed, en el centenari de la seua mort, i el proc\u00e9s de creaci\u00f3 d\u2019una catedral. Obrir\u00e0 \u201cTeatro Montecarlo\u201d d\u2019Aurelio P\u00e9rez Perell\u00f3, amb molt\u00edssim afecte i respecte per esta Societat, simbolitzant la creaci\u00f3 en si de l\u2019edifici. El seguir\u00e0 \u201cImaginaciones\u201d de Hardy Mertens, amb arranjament de Ximo Tar\u00edn Mic\u00f3, que recrea eixe m\u00f3n irreal ple d\u2019idees i ensoniacions, que porten a crear del no-res alguna cosa grandiosa. I la primera part es tanca amb \u201cLes f\u00e0briques\u201d de Rafael Beltr\u00e1n Moner, celebrant el seu 90 aniversari. Tenia clar que la seua obra havia d\u2019estar en el meu primer concert com a titular. Els dos som de Vila-real i vaig cr\u00e9ixer amb un respecte enorme a la seua figura. \u00c9s un compositor per a banda que ha aconseguit convertir motius populars en simf\u00f2nics, creant obres descriptives incre\u00efbles. Amb 18 anys em va dir que havia de dedicar-me a la direcci\u00f3 i li tinc molt\u00edssim afecte. Vaig poder estar amb ell en l\u2019estrena d\u2019esta obra per la Banda Municipal de Castell\u00f3 en 2012 i \u00e9s un honor dirigir-la. En la segona part, sonar\u00e0 \u201cThe Great Spirit (El Gaudir del Geni)\u201d de Ferrer Ferran, sens dubte una de les figures de la composici\u00f3 valenciana m\u00e9s internacional. Esta tercera simfonia, inspirada en Gaud\u00ed, \u00e9s colossal, com la Sagrada Fam\u00edlia. Tinc un vincle molt emotiu amb la seua banda, la Primitiva de Paiporta, a qui vaig con\u00e9ixer amb motiu del concert que la Filharm\u00f2nica de Gran Can\u00e0ria va oferir en benefici d\u2019esta Societat despr\u00e9s de la DANA, i que m\u2019acompanyaran en este primer concert dirigint \u201cLa Art\u00edstica\u201d.<\/p>\n\n\n\n<p>\u2014 <strong>Com veus el teu futur al capdavant de \u201cLos Feos\u201d?<\/strong><\/p>\n\n\n\n<p>\u2014 Este concert \u00e9s el primer pas de molts i espere aconseguir que els m\u00fasics creguen en el projecte tant com jo. M\u2019il\u00b7lusionava molt\u00edssim abans d\u2019arribar i el dia a dia continua il\u00b7lusionant-me, per la qual cosa intentar\u00e9 donar el 200%, com en tots els projectes que emprenc. Em sent afortunat de treballar amb gent extraordin\u00e0ria a nivell musical i, sobretot, personal, en esta Societat.<br>Espere que el meu llegat en esta banda siga aconseguir un bon treball t\u00e8cnic i que el nivell interpretatiu siga extraordinari.<\/p>\n\n\n\n<figure class=\"wp-block-image size-large\"><img loading=\"lazy\" decoding=\"async\" width=\"724\" height=\"1024\" src=\"https:\/\/www.tucomarca.com\/wordpress\/segunda\/wp-content\/uploads\/2026\/04\/ConciertoLXXIII-AniversarioMontecarlo-724x1024.jpg\" alt=\"\" class=\"wp-image-297570\" srcset=\"https:\/\/www.tucomarca.com\/wordpress\/segunda\/wp-content\/uploads\/2026\/04\/ConciertoLXXIII-AniversarioMontecarlo-724x1024.jpg 724w, https:\/\/www.tucomarca.com\/wordpress\/segunda\/wp-content\/uploads\/2026\/04\/ConciertoLXXIII-AniversarioMontecarlo-212x300.jpg 212w, https:\/\/www.tucomarca.com\/wordpress\/segunda\/wp-content\/uploads\/2026\/04\/ConciertoLXXIII-AniversarioMontecarlo-768x1086.jpg 768w, https:\/\/www.tucomarca.com\/wordpress\/segunda\/wp-content\/uploads\/2026\/04\/ConciertoLXXIII-AniversarioMontecarlo.jpg 886w\" sizes=\"auto, (max-width: 724px) 100vw, 724px\" \/><\/figure>\n\n\n\n<p><\/p>\n","protected":false},"excerpt":{"rendered":"<div class=\"mh-excerpt\">Josep Gil debuta este dissabte al capdavant de la banda simf\u00f2nica de \u201cLa Art\u00edstica\u201d en l\u2019aniversari del teatre Montecarlo, \u201con es sent la passi\u00f3 i devoci\u00f3 per esta banda\u201d, segons ell mateix ha confessat. Encara <a class=\"mh-excerpt-more\" href=\"https:\/\/www.tucomarca.com\/wordpress\/segunda\/ca\/josep-gil-nou-director-de-la-artistica-de-bunol-este-concert-es-el-primer-pas-de-molts-i-espere-aconseguir-que-els-musics-creguen-en-el-projecte-tant-com-jo\/\" title=\"Josep Gil, nou director de &#8220;La Art\u00edstica&#8221; de Bu\u00f1ol: \u00abEste concert \u00e9s el primer pas de molts i espere aconseguir que els m\u00fasics creguen en el projecte tant com jo\u00bb\">[+] <\/a><\/div>\n","protected":false},"author":12,"featured_media":297566,"comment_status":"closed","ping_status":"open","sticky":false,"template":"","format":"standard","meta":{"footnotes":""},"categories":[10911,11005,10898,10894,10912,11007,10896],"tags":[10913,23674,10914,11154],"class_list":{"0":"post-297616","1":"post","2":"type-post","3":"status-publish","4":"format-standard","5":"has-post-thumbnail","7":"category-bunol-ca","8":"category-canal-musica","9":"category-ventana-ca","10":"category-la-comarca-ca","11":"category-la-hoya-ca","12":"category-ocio-y-cultura-ca","13":"category-seccion-ca","14":"tag-bunol-ca","15":"tag-josep-gil-gil-ca","16":"tag-la-hoya-de-bunol-chiva-ca","17":"tag-sm-la-artistica-de-bunol-ca"},"_links":{"self":[{"href":"https:\/\/www.tucomarca.com\/wordpress\/segunda\/ca\/wp-json\/wp\/v2\/posts\/297616","targetHints":{"allow":["GET"]}}],"collection":[{"href":"https:\/\/www.tucomarca.com\/wordpress\/segunda\/ca\/wp-json\/wp\/v2\/posts"}],"about":[{"href":"https:\/\/www.tucomarca.com\/wordpress\/segunda\/ca\/wp-json\/wp\/v2\/types\/post"}],"author":[{"embeddable":true,"href":"https:\/\/www.tucomarca.com\/wordpress\/segunda\/ca\/wp-json\/wp\/v2\/users\/12"}],"replies":[{"embeddable":true,"href":"https:\/\/www.tucomarca.com\/wordpress\/segunda\/ca\/wp-json\/wp\/v2\/comments?post=297616"}],"version-history":[{"count":0,"href":"https:\/\/www.tucomarca.com\/wordpress\/segunda\/ca\/wp-json\/wp\/v2\/posts\/297616\/revisions"}],"wp:featuredmedia":[{"embeddable":true,"href":"https:\/\/www.tucomarca.com\/wordpress\/segunda\/ca\/wp-json\/wp\/v2\/media\/297566"}],"wp:attachment":[{"href":"https:\/\/www.tucomarca.com\/wordpress\/segunda\/ca\/wp-json\/wp\/v2\/media?parent=297616"}],"wp:term":[{"taxonomy":"category","embeddable":true,"href":"https:\/\/www.tucomarca.com\/wordpress\/segunda\/ca\/wp-json\/wp\/v2\/categories?post=297616"},{"taxonomy":"post_tag","embeddable":true,"href":"https:\/\/www.tucomarca.com\/wordpress\/segunda\/ca\/wp-json\/wp\/v2\/tags?post=297616"}],"curies":[{"name":"wp","href":"https:\/\/api.w.org\/{rel}","templated":true}]}}