{"id":297684,"date":"2026-04-03T11:30:00","date_gmt":"2026-04-03T09:30:00","guid":{"rendered":"https:\/\/www.tucomarca.com\/wordpress\/segunda\/?p=297684"},"modified":"2026-04-03T13:21:45","modified_gmt":"2026-04-03T11:21:45","slug":"lhospital-de-la-ribera-impulsa-lhospitalitzacio-a-domicili-i-supera-les-3-500-assistencies-en-2025","status":"publish","type":"post","link":"https:\/\/www.tucomarca.com\/wordpress\/segunda\/ca\/lhospital-de-la-ribera-impulsa-lhospitalitzacio-a-domicili-i-supera-les-3-500-assistencies-en-2025\/","title":{"rendered":"L&#8217;Hospital de la Ribera impulsa l&#8217;hospitalitzaci\u00f3 a domicili i supera les 3.500 assist\u00e8ncies en 2025"},"content":{"rendered":"\n<h3 class=\"wp-block-heading\">La unitat incrementa la seua activitat un 15%, situant-la com la segona m\u00e9s activa de la Comunitat Valenciana.<\/h3>\n\n\n\n<h3 class=\"wp-block-heading\">L&#8217;hospital refor\u00e7a aquest servei amb 30 carregadors el\u00e8ctrics per a la flota de vehicles i refor\u00e7a aix\u00ed la mobilitat sostenible.<\/h3>\n\n\n\n<p>L&#8217;Hospital Universitari de La Ribera ha superat les 3.500 assist\u00e8ncies domicili\u00e0ries a trav\u00e9s de la seua Unitat d&#8217;Hospitalitzaci\u00f3 a domicili (UHD) durant 2025, enfront de les 3.035 registrades en 2024, la qual cosa suposa un increment de m\u00e9s del 15% de l&#8217;activitat.<\/p>\n\n\n\n<p>Aquest creixement consolida a la unitat de La Ribera com una de les m\u00e9s actives de tota la Comunitat Valenciana i reflecteix el creixent paper de l&#8217;hospitalitzaci\u00f3 a domicili com a alternativa assistencial. Aquest model permet oferir atenci\u00f3 hospital\u00e0ria especialitzada a l&#8217;entorn del pacient, evitar ingressos innecessaris i millorar la seua qualitat de vida.<\/p>\n\n\n\n<p>La Unitat d&#8217;Hospitalitzaci\u00f3 a domicili est\u00e0 especialitzada en l&#8217;atenci\u00f3 de pacients cr\u00f2nics que han patit una aguditzaci\u00f3 de les seues patologies, pacients que necessiten atenci\u00f3 per infeccions o cures complexes, aix\u00ed com pacients en situaci\u00f3 pal\u00b7liativa, en la seua majoria amb malalties oncol\u00f2giques.<\/p>\n\n\n\n<p>El responsable d&#8217;aquesta unitat UHD d&#8217;Alzira, Pablo Lafuente, ha destacat que l&#8217;hospitalitzaci\u00f3 a domicili \u201cproporciona un tracte m\u00e9s humanitzat al pacient, ja que permet realitzar-li tractaments i proves com a l&#8217;hospital, per\u00f2 amb els beneficis que per al seu benestar general suposa estar en el seu propi domicili, en un entorn m\u00e9s confortable i pr\u00f2xim\u201d.<\/p>\n\n\n\n<p>Per a refor\u00e7ar la mobilitat dels professionals sanitaris i avan\u00e7ar cap a la sostenibilitat, l&#8217;hospital ha implantat 30 carregadors el\u00e8ctrics en l&#8217;exterior del recinte hospitalari per a la flota de vehicles d&#8217;aquest servei. Aquesta actuaci\u00f3 ha incl\u00f2s l&#8217;ampliaci\u00f3 del centre de transformaci\u00f3 el\u00e8ctric, per a incrementar la pot\u00e8ncia disponible i garantir el subministrament necessari per als punts de rec\u00e0rrega.<\/p>\n\n\n\n<p>El director econ\u00f2mic del Departament de Salut de La Ribera, Rub\u00e9n Blasco, ha destacat que \u201cel creixement de l&#8217;activitat fa necessari continuar refor\u00e7ant els recursos i millorar la capacitat de despla\u00e7ament dels professionals que realitzen atenci\u00f3 domicili\u00e0ria\u201d.<\/p>\n\n\n\n<p><strong>Model de mobilitat m\u00e9s sostenible<\/strong><\/p>\n\n\n\n<p>Aix\u00ed mateix, ha afegit que \u201cla inversi\u00f3 en infraestructura de rec\u00e0rrega el\u00e8ctrica ens permet avan\u00e7ar cap a un model de mobilitat m\u00e9s sostenible, reduir l&#8217;impacte ambiental i garantir una major efici\u00e8ncia en l&#8217;atenci\u00f3 als pacients\u201d.<\/p>\n\n\n\n<p>Aquesta actuaci\u00f3 s&#8217;emmarca en l&#8217;estrat\u00e8gia de sostenibilitat de l&#8217;hospital. En aquest sentit, l&#8217;Hospital Universitari de La Ribera ha redu\u00eft prop d&#8217;un 5,5% les seues emissions de gasos d&#8217;efecte d&#8217;hivernacle, passant de 12.962 tones en 2023 a 12.251 en 2024, segons la certificaci\u00f3 externa de la seua petjada de carboni.<\/p>\n","protected":false},"excerpt":{"rendered":"<div class=\"mh-excerpt\">La unitat incrementa la seua activitat un 15%, situant-la com la segona m\u00e9s activa de la Comunitat Valenciana. L&#8217;hospital refor\u00e7a aquest servei amb 30 carregadors el\u00e8ctrics per a la flota de vehicles i refor\u00e7a aix\u00ed <a class=\"mh-excerpt-more\" href=\"https:\/\/www.tucomarca.com\/wordpress\/segunda\/ca\/lhospital-de-la-ribera-impulsa-lhospitalitzacio-a-domicili-i-supera-les-3-500-assistencies-en-2025\/\" title=\"L&#8217;Hospital de la Ribera impulsa l&#8217;hospitalitzaci\u00f3 a domicili i supera les 3.500 assist\u00e8ncies en 2025\">[+] <\/a><\/div>\n","protected":false},"author":1,"featured_media":169687,"comment_status":"closed","ping_status":"open","sticky":false,"template":"","format":"standard","meta":{"footnotes":""},"categories":[10889,11010,10898,10948,10894,10904,10902,10947,10896],"tags":[11192,12491,11077,11390],"class_list":{"0":"post-297684","1":"post","2":"type-post","3":"status-publish","4":"format-standard","5":"has-post-thumbnail","7":"category-alzira-cat","8":"category-canal-salud","9":"category-ventana-ca","10":"category-infraestructuras-ca","11":"category-la-comarca-ca","12":"category-sin-categorizar-ca","13":"category-la-ribera-ca","14":"category-politica","15":"category-seccion-ca","16":"tag-alzira-ca","17":"tag-hospital-de-la-ribera-ca","18":"tag-la-ribera-alta-ca","19":"tag-sanitat-ca"},"_links":{"self":[{"href":"https:\/\/www.tucomarca.com\/wordpress\/segunda\/ca\/wp-json\/wp\/v2\/posts\/297684","targetHints":{"allow":["GET"]}}],"collection":[{"href":"https:\/\/www.tucomarca.com\/wordpress\/segunda\/ca\/wp-json\/wp\/v2\/posts"}],"about":[{"href":"https:\/\/www.tucomarca.com\/wordpress\/segunda\/ca\/wp-json\/wp\/v2\/types\/post"}],"author":[{"embeddable":true,"href":"https:\/\/www.tucomarca.com\/wordpress\/segunda\/ca\/wp-json\/wp\/v2\/users\/1"}],"replies":[{"embeddable":true,"href":"https:\/\/www.tucomarca.com\/wordpress\/segunda\/ca\/wp-json\/wp\/v2\/comments?post=297684"}],"version-history":[{"count":0,"href":"https:\/\/www.tucomarca.com\/wordpress\/segunda\/ca\/wp-json\/wp\/v2\/posts\/297684\/revisions"}],"wp:featuredmedia":[{"embeddable":true,"href":"https:\/\/www.tucomarca.com\/wordpress\/segunda\/ca\/wp-json\/wp\/v2\/media\/169687"}],"wp:attachment":[{"href":"https:\/\/www.tucomarca.com\/wordpress\/segunda\/ca\/wp-json\/wp\/v2\/media?parent=297684"}],"wp:term":[{"taxonomy":"category","embeddable":true,"href":"https:\/\/www.tucomarca.com\/wordpress\/segunda\/ca\/wp-json\/wp\/v2\/categories?post=297684"},{"taxonomy":"post_tag","embeddable":true,"href":"https:\/\/www.tucomarca.com\/wordpress\/segunda\/ca\/wp-json\/wp\/v2\/tags?post=297684"}],"curies":[{"name":"wp","href":"https:\/\/api.w.org\/{rel}","templated":true}]}}