{"id":297869,"date":"2026-04-05T11:50:00","date_gmt":"2026-04-05T09:50:00","guid":{"rendered":"https:\/\/www.tucomarca.com\/wordpress\/segunda\/?p=297869"},"modified":"2026-04-05T14:00:04","modified_gmt":"2026-04-05T12:00:04","slug":"video-bunyol-gaudeix-del-seu-peculiar-arrempujon-de-lencontre-de-resurreccio-durant-la-manyanica-de-pasqua","status":"publish","type":"post","link":"https:\/\/www.tucomarca.com\/wordpress\/segunda\/ca\/video-bunyol-gaudeix-del-seu-peculiar-arrempujon-de-lencontre-de-resurreccio-durant-la-manyanica-de-pasqua\/","title":{"rendered":"V\u00eddeo: Bunyol gaudeix del seu peculiar &#8220;arrempuj\u00f3n&#8221; de l&#8217;Encontre de Resurrecci\u00f3 durant la &#8216;Manyanica&#8217; de Pasqua"},"content":{"rendered":"\n<figure class=\"wp-block-embed is-type-video is-provider-youtube wp-block-embed-youtube wp-embed-aspect-16-9 wp-has-aspect-ratio\"><div class=\"wp-block-embed__wrapper\">\n<iframe loading=\"lazy\" title=\"Bu\u00f1ol disfruta de su peculiar &quot;arrempuj\u00f3n&quot; del Encuentro de Resurrecci\u00f3n de la Ma\u00f1anica de Pascua\" width=\"500\" height=\"281\" src=\"https:\/\/www.youtube.com\/embed\/iZGZozkmNq0?feature=oembed\" frameborder=\"0\" allow=\"accelerometer; autoplay; clipboard-write; encrypted-media; gyroscope; picture-in-picture; web-share\" referrerpolicy=\"strict-origin-when-cross-origin\" allowfullscreen><\/iframe>\n<\/div><\/figure>\n\n\n\n<p>La poblaci\u00f3 de Bunyol ha celebrat, un any m\u00e9s, el seu peculiar \u201carrempuj\u00f3n\u201d, un dels actes m\u00e9s singulars i esperats de la Setmana Santa local, que es desenvolupa pels carrers del barri antic durant el mat\u00ed de l&#8217;Encontre de Resurrecci\u00f3 del diumenge de Pasqua.<\/p>\n","protected":false},"excerpt":{"rendered":"<div class=\"mh-excerpt\">La poblaci\u00f3 de Bunyol ha celebrat, un any m\u00e9s, el seu peculiar \u201carrempuj\u00f3n\u201d, un dels actes m\u00e9s singulars i esperats de la Setmana Santa local, que es desenvolupa pels carrers del barri antic durant el <a class=\"mh-excerpt-more\" href=\"https:\/\/www.tucomarca.com\/wordpress\/segunda\/ca\/video-bunyol-gaudeix-del-seu-peculiar-arrempujon-de-lencontre-de-resurreccio-durant-la-manyanica-de-pasqua\/\" title=\"V\u00eddeo: Bunyol gaudeix del seu peculiar &#8220;arrempuj\u00f3n&#8221; de l&#8217;Encontre de Resurrecci\u00f3 durant la &#8216;Manyanica&#8217; de Pasqua\">[+] <\/a><\/div>\n","protected":false},"author":1,"featured_media":297867,"comment_status":"closed","ping_status":"open","sticky":false,"template":"","format":"video","meta":{"footnotes":""},"categories":[10911,10898,10894,10904,10912,11004,11007,11008,10896,11062],"tags":[10913,16910,10914,11994,11991],"class_list":{"0":"post-297869","1":"post","2":"type-post","3":"status-publish","4":"format-video","5":"has-post-thumbnail","7":"category-bunol-ca","8":"category-ventana-ca","9":"category-la-comarca-ca","10":"category-sin-categorizar-ca","11":"category-la-hoya-ca","12":"category-la-semana-en-imagenes-ca","13":"category-ocio-y-cultura-ca","14":"category-pueblos-en-fiestas-ca","15":"category-seccion-ca","16":"category-videos","17":"tag-bunol-ca","18":"tag-encuentro-de-resurreccion-ca","19":"tag-la-hoya-de-bunol-chiva-ca","20":"tag-pascuas-ca","21":"tag-semana-santa-ca","22":"post_format-post-format-video"},"_links":{"self":[{"href":"https:\/\/www.tucomarca.com\/wordpress\/segunda\/ca\/wp-json\/wp\/v2\/posts\/297869","targetHints":{"allow":["GET"]}}],"collection":[{"href":"https:\/\/www.tucomarca.com\/wordpress\/segunda\/ca\/wp-json\/wp\/v2\/posts"}],"about":[{"href":"https:\/\/www.tucomarca.com\/wordpress\/segunda\/ca\/wp-json\/wp\/v2\/types\/post"}],"author":[{"embeddable":true,"href":"https:\/\/www.tucomarca.com\/wordpress\/segunda\/ca\/wp-json\/wp\/v2\/users\/1"}],"replies":[{"embeddable":true,"href":"https:\/\/www.tucomarca.com\/wordpress\/segunda\/ca\/wp-json\/wp\/v2\/comments?post=297869"}],"version-history":[{"count":0,"href":"https:\/\/www.tucomarca.com\/wordpress\/segunda\/ca\/wp-json\/wp\/v2\/posts\/297869\/revisions"}],"wp:featuredmedia":[{"embeddable":true,"href":"https:\/\/www.tucomarca.com\/wordpress\/segunda\/ca\/wp-json\/wp\/v2\/media\/297867"}],"wp:attachment":[{"href":"https:\/\/www.tucomarca.com\/wordpress\/segunda\/ca\/wp-json\/wp\/v2\/media?parent=297869"}],"wp:term":[{"taxonomy":"category","embeddable":true,"href":"https:\/\/www.tucomarca.com\/wordpress\/segunda\/ca\/wp-json\/wp\/v2\/categories?post=297869"},{"taxonomy":"post_tag","embeddable":true,"href":"https:\/\/www.tucomarca.com\/wordpress\/segunda\/ca\/wp-json\/wp\/v2\/tags?post=297869"}],"curies":[{"name":"wp","href":"https:\/\/api.w.org\/{rel}","templated":true}]}}