{"id":297914,"date":"2026-04-05T09:00:00","date_gmt":"2026-04-05T07:00:00","guid":{"rendered":"https:\/\/www.tucomarca.com\/wordpress\/segunda\/?p=297914"},"modified":"2026-04-06T16:08:17","modified_gmt":"2026-04-06T14:08:17","slug":"els-bombers-alliberen-un-brufol-ferit-en-la-zona-rural-de-playamonte-a-navarres","status":"publish","type":"post","link":"https:\/\/www.tucomarca.com\/wordpress\/segunda\/ca\/els-bombers-alliberen-un-brufol-ferit-en-la-zona-rural-de-playamonte-a-navarres\/","title":{"rendered":"Els bombers alliberen un br\u00fafol ferit en la zona rural de Playamonte, a Navarr\u00e9s"},"content":{"rendered":"\n<p>Efectius del parc de bombers de X\u00e0tiva han rescatat en el mat\u00ed d&#8217;aquest diumenge a un br\u00fafol que havia quedat atrapat entre la mala herba en el terme municipal de Navarr\u00e9s.<\/p>\n\n\n\n<p>El succ\u00e9s ha tingut lloc en la zona rural de Playamonte, on l&#8217;au es trobava embullada entre branques, amb una d&#8217;elles clavada en el cos, la qual cosa li impedia moure&#8217;s amb normalitat.<\/p>\n\n\n\n<p>Els bombers van procedir al seu alliberament retirant acuradament la vegetaci\u00f3. Durant la intervenci\u00f3, van cobrir a l&#8217;animal amb una malla per a generar un entorn m\u00e9s fosc i tranquil, facilitant aix\u00ed el seu maneig i reduint el seu nivell d&#8217;estr\u00e9s.<\/p>\n\n\n\n<p>Una vegada rescatat, el br\u00fafol va ser entregat a agents mediambientals, els qui es van encarregar del seu trasllat al Centre de Recuperaci\u00f3 de Fauna del Saler, on rebr\u00e0 atenci\u00f3 especialitzada.<\/p>\n\n\n\n<p><\/p>\n\n\n\n<figure class=\"wp-block-gallery has-nested-images columns-default is-cropped wp-block-gallery-1 is-layout-flex wp-block-gallery-is-layout-flex\">\n<figure class=\"wp-block-image size-large\"><img loading=\"lazy\" decoding=\"async\" width=\"819\" height=\"1024\" data-id=\"297909\" src=\"https:\/\/www.tucomarca.com\/wordpress\/segunda\/wp-content\/uploads\/2026\/04\/BomberosBuhoNavarres3-819x1024.jpg\" alt=\"\" class=\"wp-image-297909\" srcset=\"https:\/\/www.tucomarca.com\/wordpress\/segunda\/wp-content\/uploads\/2026\/04\/BomberosBuhoNavarres3-819x1024.jpg 819w, https:\/\/www.tucomarca.com\/wordpress\/segunda\/wp-content\/uploads\/2026\/04\/BomberosBuhoNavarres3-240x300.jpg 240w, https:\/\/www.tucomarca.com\/wordpress\/segunda\/wp-content\/uploads\/2026\/04\/BomberosBuhoNavarres3-768x960.jpg 768w, https:\/\/www.tucomarca.com\/wordpress\/segunda\/wp-content\/uploads\/2026\/04\/BomberosBuhoNavarres3-1229x1536.jpg 1229w, https:\/\/www.tucomarca.com\/wordpress\/segunda\/wp-content\/uploads\/2026\/04\/BomberosBuhoNavarres3.jpg 1280w\" sizes=\"auto, (max-width: 819px) 100vw, 819px\" \/><\/figure>\n\n\n\n<figure class=\"wp-block-image size-large\"><img loading=\"lazy\" decoding=\"async\" width=\"819\" height=\"1024\" data-id=\"297907\" src=\"https:\/\/www.tucomarca.com\/wordpress\/segunda\/wp-content\/uploads\/2026\/04\/BomberosBuhoNavarres2-819x1024.jpg\" alt=\"\" class=\"wp-image-297907\" srcset=\"https:\/\/www.tucomarca.com\/wordpress\/segunda\/wp-content\/uploads\/2026\/04\/BomberosBuhoNavarres2-819x1024.jpg 819w, https:\/\/www.tucomarca.com\/wordpress\/segunda\/wp-content\/uploads\/2026\/04\/BomberosBuhoNavarres2-240x300.jpg 240w, https:\/\/www.tucomarca.com\/wordpress\/segunda\/wp-content\/uploads\/2026\/04\/BomberosBuhoNavarres2-768x960.jpg 768w, https:\/\/www.tucomarca.com\/wordpress\/segunda\/wp-content\/uploads\/2026\/04\/BomberosBuhoNavarres2-1229x1536.jpg 1229w, https:\/\/www.tucomarca.com\/wordpress\/segunda\/wp-content\/uploads\/2026\/04\/BomberosBuhoNavarres2.jpg 1638w\" sizes=\"auto, (max-width: 819px) 100vw, 819px\" \/><\/figure>\n\n\n\n<figure class=\"wp-block-image size-large\"><img loading=\"lazy\" decoding=\"async\" width=\"819\" height=\"1024\" data-id=\"297911\" src=\"https:\/\/www.tucomarca.com\/wordpress\/segunda\/wp-content\/uploads\/2026\/04\/BomberosBuhoNavarres4-819x1024.jpg\" alt=\"\" class=\"wp-image-297911\" srcset=\"https:\/\/www.tucomarca.com\/wordpress\/segunda\/wp-content\/uploads\/2026\/04\/BomberosBuhoNavarres4-819x1024.jpg 819w, https:\/\/www.tucomarca.com\/wordpress\/segunda\/wp-content\/uploads\/2026\/04\/BomberosBuhoNavarres4-240x300.jpg 240w, https:\/\/www.tucomarca.com\/wordpress\/segunda\/wp-content\/uploads\/2026\/04\/BomberosBuhoNavarres4-768x960.jpg 768w, https:\/\/www.tucomarca.com\/wordpress\/segunda\/wp-content\/uploads\/2026\/04\/BomberosBuhoNavarres4-1229x1536.jpg 1229w, https:\/\/www.tucomarca.com\/wordpress\/segunda\/wp-content\/uploads\/2026\/04\/BomberosBuhoNavarres4.jpg 1638w\" sizes=\"auto, (max-width: 819px) 100vw, 819px\" \/><\/figure>\n\n\n\n<figure class=\"wp-block-image size-large\"><img loading=\"lazy\" decoding=\"async\" width=\"819\" height=\"1024\" data-id=\"297905\" src=\"https:\/\/www.tucomarca.com\/wordpress\/segunda\/wp-content\/uploads\/2026\/04\/BomberosBuhoNavarres-819x1024.jpg\" alt=\"\" class=\"wp-image-297905\" srcset=\"https:\/\/www.tucomarca.com\/wordpress\/segunda\/wp-content\/uploads\/2026\/04\/BomberosBuhoNavarres-819x1024.jpg 819w, https:\/\/www.tucomarca.com\/wordpress\/segunda\/wp-content\/uploads\/2026\/04\/BomberosBuhoNavarres-240x300.jpg 240w, https:\/\/www.tucomarca.com\/wordpress\/segunda\/wp-content\/uploads\/2026\/04\/BomberosBuhoNavarres-768x960.jpg 768w, https:\/\/www.tucomarca.com\/wordpress\/segunda\/wp-content\/uploads\/2026\/04\/BomberosBuhoNavarres-1229x1536.jpg 1229w, https:\/\/www.tucomarca.com\/wordpress\/segunda\/wp-content\/uploads\/2026\/04\/BomberosBuhoNavarres.jpg 1638w\" sizes=\"auto, (max-width: 819px) 100vw, 819px\" \/><\/figure>\n<\/figure>\n","protected":false},"excerpt":{"rendered":"<div class=\"mh-excerpt\">Efectius del parc de bombers de X\u00e0tiva han rescatat en el mat\u00ed d&#8217;aquest diumenge a un br\u00fafol que havia quedat atrapat entre la mala herba en el terme municipal de Navarr\u00e9s. El succ\u00e9s ha tingut <a class=\"mh-excerpt-more\" href=\"https:\/\/www.tucomarca.com\/wordpress\/segunda\/ca\/els-bombers-alliberen-un-brufol-ferit-en-la-zona-rural-de-playamonte-a-navarres\/\" title=\"Els bombers alliberen un br\u00fafol ferit en la zona rural de Playamonte, a Navarr\u00e9s\">[+] <\/a><\/div>\n","protected":false},"author":1,"featured_media":297906,"comment_status":"closed","ping_status":"open","sticky":false,"template":"","format":"gallery","meta":{"footnotes":""},"categories":[10898,10948,10963,10894,10904,10903,10971,10896,10897],"tags":[14363,12834,11094,14072],"class_list":{"0":"post-297914","1":"post","2":"type-post","3":"status-publish","4":"format-gallery","5":"has-post-thumbnail","7":"category-ventana-ca","8":"category-infraestructuras-ca","9":"category-la-canal-de-navarres-ca","10":"category-la-comarca-ca","11":"category-sin-categorizar-ca","12":"category-medio-ambiente-la-comarca-ca","13":"category-navarres-ca","14":"category-seccion-ca","15":"category-sucesos-la-comarca-ca","16":"tag-bomberos-ca","17":"tag-consorcio-provincial-de-bomberos-de-valencia-ca","18":"tag-la-canal-de-navarres","19":"tag-navarres-ca","20":"post_format-post-format-gallery"},"_links":{"self":[{"href":"https:\/\/www.tucomarca.com\/wordpress\/segunda\/ca\/wp-json\/wp\/v2\/posts\/297914","targetHints":{"allow":["GET"]}}],"collection":[{"href":"https:\/\/www.tucomarca.com\/wordpress\/segunda\/ca\/wp-json\/wp\/v2\/posts"}],"about":[{"href":"https:\/\/www.tucomarca.com\/wordpress\/segunda\/ca\/wp-json\/wp\/v2\/types\/post"}],"author":[{"embeddable":true,"href":"https:\/\/www.tucomarca.com\/wordpress\/segunda\/ca\/wp-json\/wp\/v2\/users\/1"}],"replies":[{"embeddable":true,"href":"https:\/\/www.tucomarca.com\/wordpress\/segunda\/ca\/wp-json\/wp\/v2\/comments?post=297914"}],"version-history":[{"count":0,"href":"https:\/\/www.tucomarca.com\/wordpress\/segunda\/ca\/wp-json\/wp\/v2\/posts\/297914\/revisions"}],"wp:featuredmedia":[{"embeddable":true,"href":"https:\/\/www.tucomarca.com\/wordpress\/segunda\/ca\/wp-json\/wp\/v2\/media\/297906"}],"wp:attachment":[{"href":"https:\/\/www.tucomarca.com\/wordpress\/segunda\/ca\/wp-json\/wp\/v2\/media?parent=297914"}],"wp:term":[{"taxonomy":"category","embeddable":true,"href":"https:\/\/www.tucomarca.com\/wordpress\/segunda\/ca\/wp-json\/wp\/v2\/categories?post=297914"},{"taxonomy":"post_tag","embeddable":true,"href":"https:\/\/www.tucomarca.com\/wordpress\/segunda\/ca\/wp-json\/wp\/v2\/tags?post=297914"}],"curies":[{"name":"wp","href":"https:\/\/api.w.org\/{rel}","templated":true}]}}