{"id":297924,"date":"2026-04-07T10:00:00","date_gmt":"2026-04-07T08:00:00","guid":{"rendered":"https:\/\/www.tucomarca.com\/wordpress\/segunda\/?p=297924"},"modified":"2026-04-07T14:22:39","modified_gmt":"2026-04-07T12:22:39","slug":"medi-ambient-organitza-una-jornada-de-conservacio-forestal-amb-pacients-de-lhospital-de-salut-mental-de-betera","status":"publish","type":"post","link":"https:\/\/www.tucomarca.com\/wordpress\/segunda\/ca\/medi-ambient-organitza-una-jornada-de-conservacio-forestal-amb-pacients-de-lhospital-de-salut-mental-de-betera\/","title":{"rendered":"Medi Ambient organitza una jornada de conservaci\u00f3 forestal amb pacients de l\u2019Hospital de Salut Mental de B\u00e9tera"},"content":{"rendered":"\n<h3 class=\"wp-block-heading\">La jornada s\u2019ha celebrat en el Centre per a la Investigaci\u00f3 i Experimentaci\u00f3 Forestal.<\/h3>\n\n\n\n<h3 class=\"wp-block-heading\">La col\u00b7laboraci\u00f3 entre les dos entitats ha perm\u00e9s els participants con\u00e9ixer el treball del centre i fer un taller pr\u00e0ctic de plantaci\u00f3 de llavors.<\/h3>\n\n\n\n<p>La Vicepresid\u00e8ncia Tercera i Conselleria de Medi Ambient, Infraestructures, Territori i de la Recuperaci\u00f3 ha impulsat una jornada d\u2019activitats de conservaci\u00f3 forestal en el Centre per a la Investigaci\u00f3 i Experimentaci\u00f3 Forestal (CIEF) en la qual han participat pacients i terapeutes de l\u2019Hospital de Salut Mental de B\u00e9tera de la Diputaci\u00f3 de Val\u00e8ncia.<\/p>\n\n\n\n<p>Esta iniciativa t\u00e9 com a objectiu refor\u00e7ar la labor de l\u2019hospital, orientada a l\u2019atenci\u00f3 de persones amb malalties mentals mitjan\u00e7ant un model assistencial de car\u00e0cter rehabilitador i terap\u00e8utic, incorporant noves ferramentes que afavorisquen la seua recuperaci\u00f3 integral.<\/p>\n\n\n\n<p>D\u2019esta manera, els tallers i activitats desenrotllats pel CIEF contribu\u00efxen a ampliar els recursos terap\u00e8utics de l\u2019hospital. A trav\u00e9s del coneixement de la producci\u00f3 i conservaci\u00f3 de llavors, la cura de les plantes i la restauraci\u00f3 del medi natural, es fomenta una participaci\u00f3 dels pacients en entorns que afavorixen el seu benestar.<\/p>\n\n\n\n<p>La jornada, emmarcada en la col\u00b7laboraci\u00f3 entre les dos entitats, ha perm\u00e9s als participants con\u00e9ixer el treball que es desenrotlla en el centre i formar part d\u2019un taller pr\u00e0ctic de plantaci\u00f3 de llavors de diferents esp\u00e8cies forestals i agr\u00edcoles.<\/p>\n\n\n\n<p>Durant la visita, el grup ha recorregut diferents \u00e0rees del CIEF, a on ha pogut con\u00e9ixer de primera m\u00e0 les seues principals l\u00ednies de treball en mat\u00e8ria de conservaci\u00f3 de llavors forestals, protecci\u00f3 de flora amena\u00e7ada i producci\u00f3 de planta forestal. El personal t\u00e8cnic ha explicat la import\u00e0ncia de preservar la biodiversitat vegetal, aix\u00ed com el paper que exercix el centre en la recuperaci\u00f3 d\u2019esp\u00e8cies aut\u00f2ctones de la Comunitat Valenciana.<\/p>\n\n\n\n<figure class=\"wp-block-image size-large\"><img loading=\"lazy\" decoding=\"async\" width=\"1024\" height=\"768\" src=\"https:\/\/www.tucomarca.com\/wordpress\/segunda\/wp-content\/uploads\/2026\/04\/GVATallerBetera2-1024x768.jpeg\" alt=\"\" class=\"wp-image-297919\" srcset=\"https:\/\/www.tucomarca.com\/wordpress\/segunda\/wp-content\/uploads\/2026\/04\/GVATallerBetera2-1024x768.jpeg 1024w, https:\/\/www.tucomarca.com\/wordpress\/segunda\/wp-content\/uploads\/2026\/04\/GVATallerBetera2-300x225.jpeg 300w, https:\/\/www.tucomarca.com\/wordpress\/segunda\/wp-content\/uploads\/2026\/04\/GVATallerBetera2-768x576.jpeg 768w, https:\/\/www.tucomarca.com\/wordpress\/segunda\/wp-content\/uploads\/2026\/04\/GVATallerBetera2-1536x1152.jpeg 1536w, https:\/\/www.tucomarca.com\/wordpress\/segunda\/wp-content\/uploads\/2026\/04\/GVATallerBetera2-678x509.jpeg 678w, https:\/\/www.tucomarca.com\/wordpress\/segunda\/wp-content\/uploads\/2026\/04\/GVATallerBetera2-326x245.jpeg 326w, https:\/\/www.tucomarca.com\/wordpress\/segunda\/wp-content\/uploads\/2026\/04\/GVATallerBetera2-80x60.jpeg 80w, https:\/\/www.tucomarca.com\/wordpress\/segunda\/wp-content\/uploads\/2026\/04\/GVATallerBetera2.jpeg 2040w\" sizes=\"auto, (max-width: 1024px) 100vw, 1024px\" \/><\/figure>\n\n\n\n<p><\/p>\n\n\n\n<p><strong>Taller de plantaci\u00f3 de llavors<\/strong><\/p>\n\n\n\n<p>Com a part de la jornada, els pacients han participat en un taller pr\u00e0ctic de plantaci\u00f3 de llavors de diverses esp\u00e8cies mediterr\u00e0nies i agr\u00edcoles, entre elles&nbsp;<em>Chamaerops humilis<\/em>&nbsp;(margall\u00f3),&nbsp;<em>Cucumis melo<\/em>&nbsp;(mel\u00f3),&nbsp;<em>Fraxinus angustifolia<\/em>&nbsp;(freixe de fulla estreta) i&nbsp;<em>Colutea hispanica<\/em>&nbsp;(espantallops). Esta activitat els ha perm\u00e9s con\u00e9ixer el proc\u00e9s de sembra i les cures necess\u00e0ries per al creixement de les plantes, implicant-se directament en una experi\u00e8ncia vinculada a la cura de l\u2019entorn natural.<\/p>\n\n\n\n<p>Este tipus d\u2019iniciatives posa en relleu la import\u00e0ncia del contacte amb la naturalesa com a ferramenta complement\u00e0ria en els processos de recuperaci\u00f3 en salut mental. Les activitats relacionades amb el cultiu, la plantaci\u00f3 i la cura de les plantes afavorixen la participaci\u00f3, la socialitzaci\u00f3 i el benestar emocional dels pacients. A m\u00e9s, situen la persona en el centre del proc\u00e9s terap\u00e8utic, incorporant l\u2019entorn natural com un element clau que contribu\u00efx a millorar la qualitat de l\u2019atenci\u00f3.<\/p>\n\n\n\n<p><\/p>\n","protected":false},"excerpt":{"rendered":"<div class=\"mh-excerpt\">La jornada s\u2019ha celebrat en el Centre per a la Investigaci\u00f3 i Experimentaci\u00f3 Forestal. La col\u00b7laboraci\u00f3 entre les dos entitats ha perm\u00e9s els participants con\u00e9ixer el treball del centre i fer un taller pr\u00e0ctic de <a class=\"mh-excerpt-more\" href=\"https:\/\/www.tucomarca.com\/wordpress\/segunda\/ca\/medi-ambient-organitza-una-jornada-de-conservacio-forestal-amb-pacients-de-lhospital-de-salut-mental-de-betera\/\" title=\"Medi Ambient organitza una jornada de conservaci\u00f3 forestal amb pacients de l\u2019Hospital de Salut Mental de B\u00e9tera\">[+] <\/a><\/div>\n","protected":false},"author":1,"featured_media":297922,"comment_status":"closed","ping_status":"open","sticky":false,"template":"","format":"image","meta":{"footnotes":""},"categories":[10937,10892,11010,10898,10948,10894,10903,11007,10947,10896],"tags":[11202,10899,19792,12166],"class_list":{"0":"post-297924","1":"post","2":"type-post","3":"status-publish","4":"format-image","5":"has-post-thumbnail","7":"category-betera-ca","8":"category-camp-de-turia-ca","9":"category-canal-salud","10":"category-ventana-ca","11":"category-infraestructuras-ca","12":"category-la-comarca-ca","13":"category-medio-ambiente-la-comarca-ca","14":"category-ocio-y-cultura-ca","15":"category-politica","16":"category-seccion-ca","17":"tag-betera-ca","18":"tag-camp-de-turia-ca","19":"tag-conselleria-de-medio-ambiente-ca","20":"tag-medio-ambiente-ca","21":"post_format-post-format-image"},"_links":{"self":[{"href":"https:\/\/www.tucomarca.com\/wordpress\/segunda\/ca\/wp-json\/wp\/v2\/posts\/297924","targetHints":{"allow":["GET"]}}],"collection":[{"href":"https:\/\/www.tucomarca.com\/wordpress\/segunda\/ca\/wp-json\/wp\/v2\/posts"}],"about":[{"href":"https:\/\/www.tucomarca.com\/wordpress\/segunda\/ca\/wp-json\/wp\/v2\/types\/post"}],"author":[{"embeddable":true,"href":"https:\/\/www.tucomarca.com\/wordpress\/segunda\/ca\/wp-json\/wp\/v2\/users\/1"}],"replies":[{"embeddable":true,"href":"https:\/\/www.tucomarca.com\/wordpress\/segunda\/ca\/wp-json\/wp\/v2\/comments?post=297924"}],"version-history":[{"count":0,"href":"https:\/\/www.tucomarca.com\/wordpress\/segunda\/ca\/wp-json\/wp\/v2\/posts\/297924\/revisions"}],"wp:featuredmedia":[{"embeddable":true,"href":"https:\/\/www.tucomarca.com\/wordpress\/segunda\/ca\/wp-json\/wp\/v2\/media\/297922"}],"wp:attachment":[{"href":"https:\/\/www.tucomarca.com\/wordpress\/segunda\/ca\/wp-json\/wp\/v2\/media?parent=297924"}],"wp:term":[{"taxonomy":"category","embeddable":true,"href":"https:\/\/www.tucomarca.com\/wordpress\/segunda\/ca\/wp-json\/wp\/v2\/categories?post=297924"},{"taxonomy":"post_tag","embeddable":true,"href":"https:\/\/www.tucomarca.com\/wordpress\/segunda\/ca\/wp-json\/wp\/v2\/tags?post=297924"}],"curies":[{"name":"wp","href":"https:\/\/api.w.org\/{rel}","templated":true}]}}