{"id":297933,"date":"2026-04-05T10:00:00","date_gmt":"2026-04-05T08:00:00","guid":{"rendered":"https:\/\/www.tucomarca.com\/wordpress\/segunda\/?p=297933"},"modified":"2026-04-07T13:43:18","modified_gmt":"2026-04-07T11:43:18","slug":"rescaten-a-un-home-de-74-anys-ferit-despres-de-clavar-se-una-falc-en-una-zona-rural-de-sot-de-xera","status":"publish","type":"post","link":"https:\/\/www.tucomarca.com\/wordpress\/segunda\/ca\/rescaten-a-un-home-de-74-anys-ferit-despres-de-clavar-se-una-falc-en-una-zona-rural-de-sot-de-xera\/","title":{"rendered":"Rescaten a un home de 74 anys ferit despr\u00e9s de clavar-se una fal\u00e7 en una zona rural de Sot de Xera"},"content":{"rendered":"\n<p>El Consorci Provincial de Bombers de Val\u00e8ncia va dur a terme en la nit del divendres un complicat rescat en una zona rural de Sot de Xera, on un home de 74 anys va resultar ferit despr\u00e9s de patir una caiguda en la qual se li va clavar una fal\u00e7 en l&#8217;abdomen.<\/p>\n\n\n\n<p>L&#8217;av\u00eds es va rebre a les #20:38 hores, moment en el qual es va mobilitzar un ampli dispositiu format per bombers i sergent del parc de Requena, bombers voluntaris i una unitat de bombers forestals de la Generalitat Valenciana.<\/p>\n\n\n\n<p>El rescat es va desenvolupar en un punt de dif\u00edcil acc\u00e9s, la qual cosa va obligar als efectius a portear al ferit a peu, fins i tot superant un riu durant l&#8217;evacuaci\u00f3. Finalment, van aconseguir traslladar a l&#8217;home fins a una zona accessible per als serveis sanitaris.<\/p>\n\n\n\n<p>Una vegada all\u00ed, el ferit va ser transferit a l&#8217;ambul\u00e0ncia, que es va fer c\u00e0rrec de la seua atenci\u00f3 i posterior trasllat.<\/p>\n\n\n\n<p><\/p>\n\n\n\n<figure class=\"wp-block-gallery has-nested-images columns-default is-cropped wp-block-gallery-1 is-layout-flex wp-block-gallery-is-layout-flex\">\n<figure class=\"wp-block-image size-large\"><img loading=\"lazy\" decoding=\"async\" width=\"588\" height=\"1024\" data-id=\"297928\" src=\"https:\/\/www.tucomarca.com\/wordpress\/segunda\/wp-content\/uploads\/2026\/04\/BombersSotChera1-588x1024.jpg\" alt=\"\" class=\"wp-image-297928\" srcset=\"https:\/\/www.tucomarca.com\/wordpress\/segunda\/wp-content\/uploads\/2026\/04\/BombersSotChera1-588x1024.jpg 588w, https:\/\/www.tucomarca.com\/wordpress\/segunda\/wp-content\/uploads\/2026\/04\/BombersSotChera1-172x300.jpg 172w, https:\/\/www.tucomarca.com\/wordpress\/segunda\/wp-content\/uploads\/2026\/04\/BombersSotChera1-768x1336.jpg 768w, https:\/\/www.tucomarca.com\/wordpress\/segunda\/wp-content\/uploads\/2026\/04\/BombersSotChera1-883x1536.jpg 883w, https:\/\/www.tucomarca.com\/wordpress\/segunda\/wp-content\/uploads\/2026\/04\/BombersSotChera1-1177x2048.jpg 1177w, https:\/\/www.tucomarca.com\/wordpress\/segunda\/wp-content\/uploads\/2026\/04\/BombersSotChera1-scaled.jpg 1471w\" sizes=\"auto, (max-width: 588px) 100vw, 588px\" \/><\/figure>\n\n\n\n<figure class=\"wp-block-image size-large\"><img loading=\"lazy\" decoding=\"async\" width=\"586\" height=\"1024\" data-id=\"297930\" src=\"https:\/\/www.tucomarca.com\/wordpress\/segunda\/wp-content\/uploads\/2026\/04\/BombersSotChera2-586x1024.jpg\" alt=\"\" class=\"wp-image-297930\" srcset=\"https:\/\/www.tucomarca.com\/wordpress\/segunda\/wp-content\/uploads\/2026\/04\/BombersSotChera2-586x1024.jpg 586w, https:\/\/www.tucomarca.com\/wordpress\/segunda\/wp-content\/uploads\/2026\/04\/BombersSotChera2-172x300.jpg 172w, https:\/\/www.tucomarca.com\/wordpress\/segunda\/wp-content\/uploads\/2026\/04\/BombersSotChera2-768x1341.jpg 768w, https:\/\/www.tucomarca.com\/wordpress\/segunda\/wp-content\/uploads\/2026\/04\/BombersSotChera2-880x1536.jpg 880w, https:\/\/www.tucomarca.com\/wordpress\/segunda\/wp-content\/uploads\/2026\/04\/BombersSotChera2-1173x2048.jpg 1173w, https:\/\/www.tucomarca.com\/wordpress\/segunda\/wp-content\/uploads\/2026\/04\/BombersSotChera2-scaled.jpg 1466w\" sizes=\"auto, (max-width: 586px) 100vw, 586px\" \/><\/figure>\n<\/figure>\n","protected":false},"excerpt":{"rendered":"<div class=\"mh-excerpt\">El Consorci Provincial de Bombers de Val\u00e8ncia va dur a terme en la nit del divendres un complicat rescat en una zona rural de Sot de Xera, on un home de 74 anys va resultar <a class=\"mh-excerpt-more\" href=\"https:\/\/www.tucomarca.com\/wordpress\/segunda\/ca\/rescaten-a-un-home-de-74-anys-ferit-despres-de-clavar-se-una-falc-en-una-zona-rural-de-sot-de-xera\/\" title=\"Rescaten a un home de 74 anys ferit despr\u00e9s de clavar-se una fal\u00e7 en una zona rural de Sot de Xera\">[+] <\/a><\/div>\n","protected":false},"author":1,"featured_media":297929,"comment_status":"closed","ping_status":"open","sticky":false,"template":"","format":"image","meta":{"footnotes":""},"categories":[11046,10898,10948,10894,10904,10896,11026,10897],"tags":[20342,11928,11080],"class_list":{"0":"post-297933","1":"post","2":"type-post","3":"status-publish","4":"format-image","5":"has-post-thumbnail","7":"category-los-serranos-ca","8":"category-ventana-ca","9":"category-infraestructuras-ca","10":"category-la-comarca-ca","11":"category-sin-categorizar-ca","12":"category-seccion-ca","13":"category-sot-de-chera-ca","14":"category-sucesos-la-comarca-ca","15":"tag-bomberos-consorcio-provincial-de-bomberos-de-valencia-ca","16":"tag-la-serrania-ca","17":"tag-los-serranos-ca","18":"post_format-post-format-image"},"_links":{"self":[{"href":"https:\/\/www.tucomarca.com\/wordpress\/segunda\/ca\/wp-json\/wp\/v2\/posts\/297933","targetHints":{"allow":["GET"]}}],"collection":[{"href":"https:\/\/www.tucomarca.com\/wordpress\/segunda\/ca\/wp-json\/wp\/v2\/posts"}],"about":[{"href":"https:\/\/www.tucomarca.com\/wordpress\/segunda\/ca\/wp-json\/wp\/v2\/types\/post"}],"author":[{"embeddable":true,"href":"https:\/\/www.tucomarca.com\/wordpress\/segunda\/ca\/wp-json\/wp\/v2\/users\/1"}],"replies":[{"embeddable":true,"href":"https:\/\/www.tucomarca.com\/wordpress\/segunda\/ca\/wp-json\/wp\/v2\/comments?post=297933"}],"version-history":[{"count":0,"href":"https:\/\/www.tucomarca.com\/wordpress\/segunda\/ca\/wp-json\/wp\/v2\/posts\/297933\/revisions"}],"wp:featuredmedia":[{"embeddable":true,"href":"https:\/\/www.tucomarca.com\/wordpress\/segunda\/ca\/wp-json\/wp\/v2\/media\/297929"}],"wp:attachment":[{"href":"https:\/\/www.tucomarca.com\/wordpress\/segunda\/ca\/wp-json\/wp\/v2\/media?parent=297933"}],"wp:term":[{"taxonomy":"category","embeddable":true,"href":"https:\/\/www.tucomarca.com\/wordpress\/segunda\/ca\/wp-json\/wp\/v2\/categories?post=297933"},{"taxonomy":"post_tag","embeddable":true,"href":"https:\/\/www.tucomarca.com\/wordpress\/segunda\/ca\/wp-json\/wp\/v2\/tags?post=297933"}],"curies":[{"name":"wp","href":"https:\/\/api.w.org\/{rel}","templated":true}]}}