{"id":297945,"date":"2026-04-07T09:30:00","date_gmt":"2026-04-07T07:30:00","guid":{"rendered":"https:\/\/www.tucomarca.com\/wordpress\/segunda\/?p=297945"},"modified":"2026-04-07T14:37:13","modified_gmt":"2026-04-07T12:37:13","slug":"benaguasil-inicia-el-seu-campus-de-pasqua-amb-150-xiquets","status":"publish","type":"post","link":"https:\/\/www.tucomarca.com\/wordpress\/segunda\/ca\/benaguasil-inicia-el-seu-campus-de-pasqua-amb-150-xiquets\/","title":{"rendered":"Benaguasil inicia el seu Campus de Pasqua amb 150 xiquets"},"content":{"rendered":"\n<p>Benaguasil ha donat aquest mat\u00ed el tret d&#8217;eixida a una nova edici\u00f3 del Campus de Pasqua, una iniciativa organitzada per l&#8217;Ajuntament en la qual participen al voltant de 150 xiquets i xiquetes d&#8217;entre 3 i 14 anys.<\/p>\n\n\n\n<p>El campus es desenvolupa en les instal\u00b7lacions del col\u00b7legi Luis Vives i es prolongar\u00e0 durant les vacances escolars, amb l&#8217;objectiu de facilitar la conciliaci\u00f3 familiar i oferir una alternativa d&#8217;oci educatiu per als m\u00e9s xicotets del municipi.<\/p>\n\n\n\n<p>Durant la jornada inaugural, els participants han comen\u00e7at a gaudir d&#8217;un complet programa d&#8217;activitats adaptades a les diferents edats. Entre elles destaquen tallers creatius, jocs, din\u00e0miques grupals, manualitats i propostes l\u00fadiques que combinen aprenentatge i diversi\u00f3.<\/p>\n\n\n\n<p>Aix\u00ed mateix, hui tamb\u00e9 ha donat inici el campus dirigit a persones amb discapacitat, que es desenvolupa en les instal\u00b7lacions del Centre Jove. Aquest programa inclusiu busca oferir un espai adaptat i accessible, amb activitats dissenyades per a fomentar la participaci\u00f3, l&#8217;autonomia i la integraci\u00f3 dels participants.<\/p>\n\n\n\n<p>La regidor responsable de l&#8217;\u00e0rea, Rosa Cervera, ha visitat el campus durant el mat\u00ed per a con\u00e9ixer de primera m\u00e0 el desenvolupament de les activitats i compartir temps amb els xiquets i l&#8217;equip de monitors.<\/p>\n\n\n\n<p>Durant la seua visita, ha destacat la import\u00e0ncia d&#8217;aquesta mena d&#8217;iniciatives per a fer costat a les fam\u00edlies i oferir espais segurs i educatius durant els per\u00edodes vacacionals.<\/p>\n\n\n\n<p>El Campus de Pasqua s&#8217;emmarca dins de les pol\u00edtiques municipals dirigides a fomentar la conciliaci\u00f3 familiar, consolidant-se com un recurs clau en el municipi durant les vacances de Pasqua.<\/p>\n\n\n\n<figure class=\"wp-block-image size-large\"><img loading=\"lazy\" decoding=\"async\" width=\"1024\" height=\"768\" src=\"https:\/\/www.tucomarca.com\/wordpress\/segunda\/wp-content\/uploads\/2026\/04\/BenaguasilCampusSS26b-1024x768.jpg\" alt=\"\" class=\"wp-image-297943\" srcset=\"https:\/\/www.tucomarca.com\/wordpress\/segunda\/wp-content\/uploads\/2026\/04\/BenaguasilCampusSS26b-1024x768.jpg 1024w, https:\/\/www.tucomarca.com\/wordpress\/segunda\/wp-content\/uploads\/2026\/04\/BenaguasilCampusSS26b-300x225.jpg 300w, https:\/\/www.tucomarca.com\/wordpress\/segunda\/wp-content\/uploads\/2026\/04\/BenaguasilCampusSS26b-768x576.jpg 768w, https:\/\/www.tucomarca.com\/wordpress\/segunda\/wp-content\/uploads\/2026\/04\/BenaguasilCampusSS26b-1536x1152.jpg 1536w, https:\/\/www.tucomarca.com\/wordpress\/segunda\/wp-content\/uploads\/2026\/04\/BenaguasilCampusSS26b-678x509.jpg 678w, https:\/\/www.tucomarca.com\/wordpress\/segunda\/wp-content\/uploads\/2026\/04\/BenaguasilCampusSS26b-326x245.jpg 326w, https:\/\/www.tucomarca.com\/wordpress\/segunda\/wp-content\/uploads\/2026\/04\/BenaguasilCampusSS26b-80x60.jpg 80w, https:\/\/www.tucomarca.com\/wordpress\/segunda\/wp-content\/uploads\/2026\/04\/BenaguasilCampusSS26b.jpg 1600w\" sizes=\"auto, (max-width: 1024px) 100vw, 1024px\" \/><\/figure>\n","protected":false},"excerpt":{"rendered":"<div class=\"mh-excerpt\">Benaguasil ha donat aquest mat\u00ed el tret d&#8217;eixida a una nova edici\u00f3 del Campus de Pasqua, una iniciativa organitzada per l&#8217;Ajuntament en la qual participen al voltant de 150 xiquets i xiquetes d&#8217;entre 3 i <a class=\"mh-excerpt-more\" href=\"https:\/\/www.tucomarca.com\/wordpress\/segunda\/ca\/benaguasil-inicia-el-seu-campus-de-pasqua-amb-150-xiquets\/\" title=\"Benaguasil inicia el seu Campus de Pasqua amb 150 xiquets\">[+] <\/a><\/div>\n","protected":false},"author":1,"featured_media":297942,"comment_status":"closed","ping_status":"open","sticky":false,"template":"","format":"image","meta":{"footnotes":""},"categories":[10952,10892,10894,11007,10896],"tags":[11136,10899],"class_list":{"0":"post-297945","1":"post","2":"type-post","3":"status-publish","4":"format-image","5":"has-post-thumbnail","7":"category-benaguasil-ca","8":"category-camp-de-turia-ca","9":"category-la-comarca-ca","10":"category-ocio-y-cultura-ca","11":"category-seccion-ca","12":"tag-benaguasil-ca","13":"tag-camp-de-turia-ca","14":"post_format-post-format-image"},"_links":{"self":[{"href":"https:\/\/www.tucomarca.com\/wordpress\/segunda\/ca\/wp-json\/wp\/v2\/posts\/297945","targetHints":{"allow":["GET"]}}],"collection":[{"href":"https:\/\/www.tucomarca.com\/wordpress\/segunda\/ca\/wp-json\/wp\/v2\/posts"}],"about":[{"href":"https:\/\/www.tucomarca.com\/wordpress\/segunda\/ca\/wp-json\/wp\/v2\/types\/post"}],"author":[{"embeddable":true,"href":"https:\/\/www.tucomarca.com\/wordpress\/segunda\/ca\/wp-json\/wp\/v2\/users\/1"}],"replies":[{"embeddable":true,"href":"https:\/\/www.tucomarca.com\/wordpress\/segunda\/ca\/wp-json\/wp\/v2\/comments?post=297945"}],"version-history":[{"count":0,"href":"https:\/\/www.tucomarca.com\/wordpress\/segunda\/ca\/wp-json\/wp\/v2\/posts\/297945\/revisions"}],"wp:featuredmedia":[{"embeddable":true,"href":"https:\/\/www.tucomarca.com\/wordpress\/segunda\/ca\/wp-json\/wp\/v2\/media\/297942"}],"wp:attachment":[{"href":"https:\/\/www.tucomarca.com\/wordpress\/segunda\/ca\/wp-json\/wp\/v2\/media?parent=297945"}],"wp:term":[{"taxonomy":"category","embeddable":true,"href":"https:\/\/www.tucomarca.com\/wordpress\/segunda\/ca\/wp-json\/wp\/v2\/categories?post=297945"},{"taxonomy":"post_tag","embeddable":true,"href":"https:\/\/www.tucomarca.com\/wordpress\/segunda\/ca\/wp-json\/wp\/v2\/tags?post=297945"}],"curies":[{"name":"wp","href":"https:\/\/api.w.org\/{rel}","templated":true}]}}